{"id":8255,"date":"2019-10-31T15:56:33","date_gmt":"2019-10-31T14:56:33","guid":{"rendered":"https:\/\/audiologyblog.phonakpro.com\/?p=8255"},"modified":"2020-03-10T11:28:30","modified_gmt":"2020-03-10T10:28:30","slug":"e-learning-2019-fruehling-audeo-marvel-die-erfolgsgeschichte-geht-weiter","status":"publish","type":"post","link":"https:\/\/audiologyblog.phonakpro.com\/de\/e-learning-2019-fruehling-audeo-marvel-die-erfolgsgeschichte-geht-weiter\/","title":{"rendered":"2019 Fr\u00fchling: Aud\u00e9o Marvel"},"content":{"rendered":"<table style=\"width: 100%;\">\n<tbody>\n<tr>\n<td style=\"width: 16.3007%;\">&nbsp;<\/p>\n<p><strong> <img loading=\"lazy\" decoding=\"async\" class=\"alignleft wp-image-8299\" src=\"https:\/\/audiologyblog.phonakpro.com\/wp-content\/uploads\/2019\/10\/Audeo_1.jpg\" alt=\"\" width=\"185\" height=\"111\" srcset=\"https:\/\/audiologyblog.phonakpro.com\/wp-content\/uploads\/2019\/10\/Audeo_1.jpg 318w, https:\/\/audiologyblog.phonakpro.com\/wp-content\/uploads\/2019\/10\/Audeo_1-310x186.jpg 310w\" sizes=\"auto, (max-width: 185px) 100vw, 185px\" \/><\/strong><\/td>\n<td style=\"width: 83.1671%;\"><strong>1. Aud\u00e9o Marvel &#8211; Die neuen Mitglieder der Aud\u00e9o Marvel Familie sind da (20 Minuten)<\/strong><\/p>\n<p><strong>Inhalte:<\/strong><\/p>\n<ul>\n<li>aktuelle Informationen \u00fcber die neuen Produkte<\/li>\n<li>h\u00e4ufig gestellte Fragen zu Aud\u00e9o Marvel<\/li>\n<li>positive R\u00fcckmeldungen zu Aud\u00e9o Marvel<\/li>\n<\/ul>\n<p>&nbsp;<\/td>\n<\/tr>\n<tr>\n<td style=\"width: 16.3007%;\"><strong>\u00a0<\/strong><\/p>\n<p>&nbsp;<\/p>\n<p><strong> <img loading=\"lazy\" decoding=\"async\" class=\"alignleft wp-image-8301\" src=\"https:\/\/audiologyblog.phonakpro.com\/wp-content\/uploads\/2019\/10\/Audeo_2.jpg\" alt=\"\" width=\"184\" height=\"106\" srcset=\"https:\/\/audiologyblog.phonakpro.com\/wp-content\/uploads\/2019\/10\/Audeo_2.jpg 328w, https:\/\/audiologyblog.phonakpro.com\/wp-content\/uploads\/2019\/10\/Audeo_2-310x179.jpg 310w\" sizes=\"auto, (max-width: 184px) 100vw, 184px\" \/><\/strong><\/p>\n<p><strong>\u00a0<\/strong><\/td>\n<td style=\"width: 83.1671%;\"><strong>2. StereoZoom &#8211; Geringe H\u00f6r- und Ged\u00e4chtnisanstrengung in ger\u00e4uschvollen Umgebungen mit StereoZoom (15 Minuten)<\/strong><\/p>\n<p><strong>Inhalt:<\/strong><\/p>\n<ul>\n<li>H\u00f6ranstrengung definieren<\/li>\n<li>Zusammenh\u00e4nge zwischen der mit Elektroenzephalografie (EEG) gemessenen Hirnaktivit\u00e4t und der subjektiv wahrgenommenen H\u00f6r- und Ged\u00e4chtnisanstrengung<\/li>\n<li>Wirkung moderner H\u00f6rger\u00e4te-Technologie auf die H\u00f6r- und Ged\u00e4chtnisanstrengung in komplexen H\u00f6rumgebungen<\/li>\n<\/ul>\n<p>&nbsp;<\/td>\n<\/tr>\n<tr>\n<td style=\"width: 16.3007%;\">&nbsp;<\/p>\n<p><strong><img loading=\"lazy\" decoding=\"async\" class=\"alignleft wp-image-8297\" src=\"https:\/\/audiologyblog.phonakpro.com\/wp-content\/uploads\/2019\/10\/Kamera_LMS_Recording.png\" alt=\"\" width=\"199\" height=\"124\" srcset=\"https:\/\/audiologyblog.phonakpro.com\/wp-content\/uploads\/2019\/10\/Kamera_LMS_Recording.png 320w, https:\/\/audiologyblog.phonakpro.com\/wp-content\/uploads\/2019\/10\/Kamera_LMS_Recording-310x193.png 310w\" sizes=\"auto, (max-width: 199px) 100vw, 199px\" \/><\/strong><\/td>\n<td style=\"width: 83.1671%;\"><strong>3. Nie wieder Batterien wechseln &#8211; Phonak Marvel mit Akku- Technologie (2 x 20 Minuten)<\/strong><\/p>\n<p><strong>Inhalt:<\/strong><\/p>\n<p id=\"yui_3_17_2_1_1572450736426_80\">In unseren Online Seminaren dreht sich alles rund um die perfekte Kombination von Phonak Marvel mit Akku-Technologie. Zudem erwarten Sie die neuen Mitglieder der Phonak Aud\u00e9o Marvel Familie sowie eine kurze Info zu SlimTip Titanium und Phonak Target 6.0.2.<\/p>\n<ul>\n<li>Lithium- Ionen- Akku Technologie &#8211; Mehr als nur ein Trend im H\u00f6rger\u00e4temarkt<\/li>\n<li>Lithium- Ionen- Akku Technologie &#8211; Technische Details und Besonderheiten<\/li>\n<\/ul>\n<\/td>\n<\/tr>\n<\/tbody>\n<\/table>\n<p><a href=\"https:\/\/learning.phonakpro.com\/course\/view.php?id=869&amp;notifyeditingon=1\" target=\"_blank\" rel=\"attachment noopener wp-att-8226 noreferrer\"><img loading=\"lazy\" decoding=\"async\" class=\"alignnone wp-image-8226\" src=\"https:\/\/audiologyblog.phonakpro.com\/wp-content\/uploads\/2019\/10\/Button_zum-E-Learning-1.jpg\" alt=\"\" width=\"234\" height=\"68\" srcset=\"https:\/\/audiologyblog.phonakpro.com\/wp-content\/uploads\/2019\/10\/Button_zum-E-Learning-1.jpg 446w, https:\/\/audiologyblog.phonakpro.com\/wp-content\/uploads\/2019\/10\/Button_zum-E-Learning-1-310x90.jpg 310w\" sizes=\"auto, (max-width: 234px) 100vw, 234px\" \/><\/a><\/p>\n<p>&nbsp;<\/p>\n<p>Um das E-Learning zu bearbeiten ben\u00f6tigen Sie ein Kundenkonto (PhonakPro ID). Falls Sie noch keine PhonakPro ID besitzen, finden Sie <a href=\"https:\/\/audiologyblog.phonakpro.com\/de\/phonak-welt-trainings-und-tutorials-das-online-trainingsangebot-fuer-hoerakustiker\/anlegen-phonakpro-id\/\" target=\"_blank\" rel=\"attachment noopener wp-att-8200 noreferrer\">hier eine Anleitung<\/a>, wie Sie sich einmalig Ihr kostenloses Benutzerkonto anlegen.<\/p>\n","protected":false},"excerpt":{"rendered":"<p>Das E-Learning besteht aus 4 Modulen und dauert insgesamt ca. 75 Minuten.<\/p>\n","protected":false},"author":59,"featured_media":8290,"comment_status":"open","ping_status":"open","sticky":false,"template":"","format":"standard","meta":{"footnotes":""},"categories":[37],"tags":[],"class_list":["post-8255","post","type-post","status-publish","format-standard","has-post-thumbnail","hentry","category-trainings-und-tutorials"],"acf":[],"yoast_head":"<!-- This site is optimized with the Yoast SEO plugin v25.9 - https:\/\/yoast.com\/wordpress\/plugins\/seo\/ -->\n<title>2019 Fr\u00fchling: Aud\u00e9o Marvel | Audiology Blog<\/title>\n<meta name=\"robots\" content=\"index, follow, max-snippet:-1, max-image-preview:large, max-video-preview:-1\" \/>\n<link rel=\"canonical\" href=\"https:\/\/audiologyblog.phonakpro.com\/de\/e-learning-2019-fruehling-audeo-marvel-die-erfolgsgeschichte-geht-weiter\/\" \/>\n<meta property=\"og:locale\" content=\"de_DE\" \/>\n<meta property=\"og:type\" content=\"article\" \/>\n<meta property=\"og:title\" content=\"2019 Fr\u00fchling: Aud\u00e9o Marvel | Audiology Blog\" \/>\n<meta property=\"og:description\" content=\"Das E-Learning besteht aus 4 Modulen und dauert insgesamt ca. 75 Minuten.\" \/>\n<meta property=\"og:url\" content=\"https:\/\/audiologyblog.phonakpro.com\/de\/e-learning-2019-fruehling-audeo-marvel-die-erfolgsgeschichte-geht-weiter\/\" \/>\n<meta property=\"og:site_name\" content=\"Phonak Audiology Blog - Phonak Pro - life is on\" \/>\n<meta property=\"article:publisher\" content=\"https:\/\/www.facebook.com\/phonak\" \/>\n<meta property=\"article:published_time\" content=\"2019-10-31T14:56:33+00:00\" \/>\n<meta property=\"article:modified_time\" content=\"2020-03-10T10:28:30+00:00\" \/>\n<meta property=\"og:image\" content=\"https:\/\/audiologyblog.phonakpro.com\/wp-content\/uploads\/2019\/10\/Icon_E-Learning_Phonak-Welt.png\" \/>\n\t<meta property=\"og:image:width\" content=\"4713\" \/>\n\t<meta property=\"og:image:height\" content=\"3109\" \/>\n\t<meta property=\"og:image:type\" content=\"image\/png\" \/>\n<meta name=\"author\" content=\"Christine Weidner\" \/>\n<meta name=\"twitter:card\" content=\"summary_large_image\" \/>\n<meta name=\"twitter:creator\" content=\"@phonak\" \/>\n<meta name=\"twitter:site\" content=\"@phonak\" \/>\n<meta name=\"twitter:label1\" content=\"Verfasst von\" \/>\n\t<meta name=\"twitter:data1\" content=\"Christine Weidner\" \/>\n\t<meta name=\"twitter:label2\" content=\"Gesch\u00e4tzte Lesezeit\" \/>\n\t<meta name=\"twitter:data2\" content=\"1\u00a0Minute\" \/>\n<script type=\"application\/ld+json\" class=\"yoast-schema-graph\">{\"@context\":\"https:\/\/schema.org\",\"@graph\":[{\"@type\":\"Article\",\"@id\":\"https:\/\/audiologyblog.phonakpro.com\/de\/e-learning-2019-fruehling-audeo-marvel-die-erfolgsgeschichte-geht-weiter\/#article\",\"isPartOf\":{\"@id\":\"https:\/\/audiologyblog.phonakpro.com\/de\/e-learning-2019-fruehling-audeo-marvel-die-erfolgsgeschichte-geht-weiter\/\"},\"author\":{\"name\":\"Christine Weidner\",\"@id\":\"https:\/\/audiologyblog.phonakpro.com\/#\/schema\/person\/3a26551cc313214fbea4a0a434335486\"},\"headline\":\"2019 Fr\u00fchling: Aud\u00e9o Marvel\",\"datePublished\":\"2019-10-31T14:56:33+00:00\",\"dateModified\":\"2020-03-10T10:28:30+00:00\",\"mainEntityOfPage\":{\"@id\":\"https:\/\/audiologyblog.phonakpro.com\/de\/e-learning-2019-fruehling-audeo-marvel-die-erfolgsgeschichte-geht-weiter\/\"},\"wordCount\":209,\"commentCount\":0,\"publisher\":{\"@id\":\"https:\/\/audiologyblog.phonakpro.com\/#organization\"},\"image\":{\"@id\":\"https:\/\/audiologyblog.phonakpro.com\/de\/e-learning-2019-fruehling-audeo-marvel-die-erfolgsgeschichte-geht-weiter\/#primaryimage\"},\"thumbnailUrl\":\"https:\/\/audiologyblog.phonakpro.com\/wp-content\/uploads\/2019\/10\/Icon_E-Learning_Phonak-Welt.png\",\"articleSection\":[\"Trainings &amp; Tutorials\"],\"inLanguage\":\"de\",\"potentialAction\":[{\"@type\":\"CommentAction\",\"name\":\"Comment\",\"target\":[\"https:\/\/audiologyblog.phonakpro.com\/de\/e-learning-2019-fruehling-audeo-marvel-die-erfolgsgeschichte-geht-weiter\/#respond\"]}]},{\"@type\":\"WebPage\",\"@id\":\"https:\/\/audiologyblog.phonakpro.com\/de\/e-learning-2019-fruehling-audeo-marvel-die-erfolgsgeschichte-geht-weiter\/\",\"url\":\"https:\/\/audiologyblog.phonakpro.com\/de\/e-learning-2019-fruehling-audeo-marvel-die-erfolgsgeschichte-geht-weiter\/\",\"name\":\"2019 Fr\u00fchling: Aud\u00e9o Marvel | Audiology Blog\",\"isPartOf\":{\"@id\":\"https:\/\/audiologyblog.phonakpro.com\/#website\"},\"primaryImageOfPage\":{\"@id\":\"https:\/\/audiologyblog.phonakpro.com\/de\/e-learning-2019-fruehling-audeo-marvel-die-erfolgsgeschichte-geht-weiter\/#primaryimage\"},\"image\":{\"@id\":\"https:\/\/audiologyblog.phonakpro.com\/de\/e-learning-2019-fruehling-audeo-marvel-die-erfolgsgeschichte-geht-weiter\/#primaryimage\"},\"thumbnailUrl\":\"https:\/\/audiologyblog.phonakpro.com\/wp-content\/uploads\/2019\/10\/Icon_E-Learning_Phonak-Welt.png\",\"datePublished\":\"2019-10-31T14:56:33+00:00\",\"dateModified\":\"2020-03-10T10:28:30+00:00\",\"breadcrumb\":{\"@id\":\"https:\/\/audiologyblog.phonakpro.com\/de\/e-learning-2019-fruehling-audeo-marvel-die-erfolgsgeschichte-geht-weiter\/#breadcrumb\"},\"inLanguage\":\"de\",\"potentialAction\":[{\"@type\":\"ReadAction\",\"target\":[\"https:\/\/audiologyblog.phonakpro.com\/de\/e-learning-2019-fruehling-audeo-marvel-die-erfolgsgeschichte-geht-weiter\/\"]}]},{\"@type\":\"ImageObject\",\"inLanguage\":\"de\",\"@id\":\"https:\/\/audiologyblog.phonakpro.com\/de\/e-learning-2019-fruehling-audeo-marvel-die-erfolgsgeschichte-geht-weiter\/#primaryimage\",\"url\":\"https:\/\/audiologyblog.phonakpro.com\/wp-content\/uploads\/2019\/10\/Icon_E-Learning_Phonak-Welt.png\",\"contentUrl\":\"https:\/\/audiologyblog.phonakpro.com\/wp-content\/uploads\/2019\/10\/Icon_E-Learning_Phonak-Welt.png\",\"width\":4713,\"height\":3109},{\"@type\":\"BreadcrumbList\",\"@id\":\"https:\/\/audiologyblog.phonakpro.com\/de\/e-learning-2019-fruehling-audeo-marvel-die-erfolgsgeschichte-geht-weiter\/#breadcrumb\",\"itemListElement\":[{\"@type\":\"ListItem\",\"position\":1,\"name\":\"Home\",\"item\":\"https:\/\/audiologyblog.phonakpro.com\/de\/\"},{\"@type\":\"ListItem\",\"position\":2,\"name\":\"2019 Fr\u00fchling: Aud\u00e9o Marvel\"}]},{\"@type\":\"WebSite\",\"@id\":\"https:\/\/audiologyblog.phonakpro.com\/#website\",\"url\":\"https:\/\/audiologyblog.phonakpro.com\/\",\"name\":\"Phonak Audiology Blog - Phonak Pro - life is on\",\"description\":\"1The Phonak Audiology Blog presents audiological topics, research and hearing technology updates from experts at Phonak and across the hearing industry.\",\"publisher\":{\"@id\":\"https:\/\/audiologyblog.phonakpro.com\/#organization\"},\"potentialAction\":[{\"@type\":\"SearchAction\",\"target\":{\"@type\":\"EntryPoint\",\"urlTemplate\":\"https:\/\/audiologyblog.phonakpro.com\/?s={search_term_string}\"},\"query-input\":{\"@type\":\"PropertyValueSpecification\",\"valueRequired\":true,\"valueName\":\"search_term_string\"}}],\"inLanguage\":\"de\"},{\"@type\":\"Organization\",\"@id\":\"https:\/\/audiologyblog.phonakpro.com\/#organization\",\"name\":\"Phonak Audiology Blog - Phonak Pro - life is on\",\"url\":\"https:\/\/audiologyblog.phonakpro.com\/\",\"logo\":{\"@type\":\"ImageObject\",\"inLanguage\":\"de\",\"@id\":\"https:\/\/audiologyblog.phonakpro.com\/#\/schema\/logo\/image\/\",\"url\":\"https:\/\/audiologyblog.phonakpro.com\/wp-content\/uploads\/2016\/09\/Logo_Phonak_life_is_on_pos_RGB_300dpi.jpg\",\"contentUrl\":\"https:\/\/audiologyblog.phonakpro.com\/wp-content\/uploads\/2016\/09\/Logo_Phonak_life_is_on_pos_RGB_300dpi.jpg\",\"width\":1630,\"height\":863,\"caption\":\"Phonak Audiology Blog - Phonak Pro - life is on\"},\"image\":{\"@id\":\"https:\/\/audiologyblog.phonakpro.com\/#\/schema\/logo\/image\/\"},\"sameAs\":[\"https:\/\/www.facebook.com\/phonak\",\"https:\/\/x.com\/phonak\",\"https:\/\/www.instagram.com\/phonak\",\"https:\/\/www.linkedin.com\/company\/phonak\",\"https:\/\/www.youtube.com\/c\/phonak\"]},{\"@type\":\"Person\",\"@id\":\"https:\/\/audiologyblog.phonakpro.com\/#\/schema\/person\/3a26551cc313214fbea4a0a434335486\",\"name\":\"Christine Weidner\",\"description\":\"Christine ist seit 2017 als Projektmanagerin Digitales Lernen bei Phonak t\u00e4tig. Neben der Betreuung dieses Audiologie Blogs verantwortet sie die Online-Trainings sowie die Phonak Learning Plattform und l\u00e4sst die H\u00f6rakustik in die virtuelle Welt des Lernens eintauchen.\",\"url\":\"https:\/\/audiologyblog.phonakpro.com\/de\/author\/weidner-christine\/\"}]}<\/script>\n<!-- \/ Yoast SEO plugin. -->","yoast_head_json":{"title":"2019 Fr\u00fchling: Aud\u00e9o Marvel | Audiology Blog","robots":{"index":"index","follow":"follow","max-snippet":"max-snippet:-1","max-image-preview":"max-image-preview:large","max-video-preview":"max-video-preview:-1"},"canonical":"https:\/\/audiologyblog.phonakpro.com\/de\/e-learning-2019-fruehling-audeo-marvel-die-erfolgsgeschichte-geht-weiter\/","og_locale":"de_DE","og_type":"article","og_title":"2019 Fr\u00fchling: Aud\u00e9o Marvel | Audiology Blog","og_description":"Das E-Learning besteht aus 4 Modulen und dauert insgesamt ca. 75 Minuten.","og_url":"https:\/\/audiologyblog.phonakpro.com\/de\/e-learning-2019-fruehling-audeo-marvel-die-erfolgsgeschichte-geht-weiter\/","og_site_name":"Phonak Audiology Blog - Phonak Pro - life is on","article_publisher":"https:\/\/www.facebook.com\/phonak","article_published_time":"2019-10-31T14:56:33+00:00","article_modified_time":"2020-03-10T10:28:30+00:00","og_image":[{"width":4713,"height":3109,"url":"https:\/\/audiologyblog.phonakpro.com\/wp-content\/uploads\/2019\/10\/Icon_E-Learning_Phonak-Welt.png","type":"image\/png"}],"author":"Christine Weidner","twitter_card":"summary_large_image","twitter_creator":"@phonak","twitter_site":"@phonak","twitter_misc":{"Verfasst von":"Christine Weidner","Gesch\u00e4tzte Lesezeit":"1\u00a0Minute"},"schema":{"@context":"https:\/\/schema.org","@graph":[{"@type":"Article","@id":"https:\/\/audiologyblog.phonakpro.com\/de\/e-learning-2019-fruehling-audeo-marvel-die-erfolgsgeschichte-geht-weiter\/#article","isPartOf":{"@id":"https:\/\/audiologyblog.phonakpro.com\/de\/e-learning-2019-fruehling-audeo-marvel-die-erfolgsgeschichte-geht-weiter\/"},"author":{"name":"Christine Weidner","@id":"https:\/\/audiologyblog.phonakpro.com\/#\/schema\/person\/3a26551cc313214fbea4a0a434335486"},"headline":"2019 Fr\u00fchling: Aud\u00e9o Marvel","datePublished":"2019-10-31T14:56:33+00:00","dateModified":"2020-03-10T10:28:30+00:00","mainEntityOfPage":{"@id":"https:\/\/audiologyblog.phonakpro.com\/de\/e-learning-2019-fruehling-audeo-marvel-die-erfolgsgeschichte-geht-weiter\/"},"wordCount":209,"commentCount":0,"publisher":{"@id":"https:\/\/audiologyblog.phonakpro.com\/#organization"},"image":{"@id":"https:\/\/audiologyblog.phonakpro.com\/de\/e-learning-2019-fruehling-audeo-marvel-die-erfolgsgeschichte-geht-weiter\/#primaryimage"},"thumbnailUrl":"https:\/\/audiologyblog.phonakpro.com\/wp-content\/uploads\/2019\/10\/Icon_E-Learning_Phonak-Welt.png","articleSection":["Trainings &amp; Tutorials"],"inLanguage":"de","potentialAction":[{"@type":"CommentAction","name":"Comment","target":["https:\/\/audiologyblog.phonakpro.com\/de\/e-learning-2019-fruehling-audeo-marvel-die-erfolgsgeschichte-geht-weiter\/#respond"]}]},{"@type":"WebPage","@id":"https:\/\/audiologyblog.phonakpro.com\/de\/e-learning-2019-fruehling-audeo-marvel-die-erfolgsgeschichte-geht-weiter\/","url":"https:\/\/audiologyblog.phonakpro.com\/de\/e-learning-2019-fruehling-audeo-marvel-die-erfolgsgeschichte-geht-weiter\/","name":"2019 Fr\u00fchling: Aud\u00e9o Marvel | Audiology Blog","isPartOf":{"@id":"https:\/\/audiologyblog.phonakpro.com\/#website"},"primaryImageOfPage":{"@id":"https:\/\/audiologyblog.phonakpro.com\/de\/e-learning-2019-fruehling-audeo-marvel-die-erfolgsgeschichte-geht-weiter\/#primaryimage"},"image":{"@id":"https:\/\/audiologyblog.phonakpro.com\/de\/e-learning-2019-fruehling-audeo-marvel-die-erfolgsgeschichte-geht-weiter\/#primaryimage"},"thumbnailUrl":"https:\/\/audiologyblog.phonakpro.com\/wp-content\/uploads\/2019\/10\/Icon_E-Learning_Phonak-Welt.png","datePublished":"2019-10-31T14:56:33+00:00","dateModified":"2020-03-10T10:28:30+00:00","breadcrumb":{"@id":"https:\/\/audiologyblog.phonakpro.com\/de\/e-learning-2019-fruehling-audeo-marvel-die-erfolgsgeschichte-geht-weiter\/#breadcrumb"},"inLanguage":"de","potentialAction":[{"@type":"ReadAction","target":["https:\/\/audiologyblog.phonakpro.com\/de\/e-learning-2019-fruehling-audeo-marvel-die-erfolgsgeschichte-geht-weiter\/"]}]},{"@type":"ImageObject","inLanguage":"de","@id":"https:\/\/audiologyblog.phonakpro.com\/de\/e-learning-2019-fruehling-audeo-marvel-die-erfolgsgeschichte-geht-weiter\/#primaryimage","url":"https:\/\/audiologyblog.phonakpro.com\/wp-content\/uploads\/2019\/10\/Icon_E-Learning_Phonak-Welt.png","contentUrl":"https:\/\/audiologyblog.phonakpro.com\/wp-content\/uploads\/2019\/10\/Icon_E-Learning_Phonak-Welt.png","width":4713,"height":3109},{"@type":"BreadcrumbList","@id":"https:\/\/audiologyblog.phonakpro.com\/de\/e-learning-2019-fruehling-audeo-marvel-die-erfolgsgeschichte-geht-weiter\/#breadcrumb","itemListElement":[{"@type":"ListItem","position":1,"name":"Home","item":"https:\/\/audiologyblog.phonakpro.com\/de\/"},{"@type":"ListItem","position":2,"name":"2019 Fr\u00fchling: Aud\u00e9o Marvel"}]},{"@type":"WebSite","@id":"https:\/\/audiologyblog.phonakpro.com\/#website","url":"https:\/\/audiologyblog.phonakpro.com\/","name":"Phonak Audiology Blog - Phonak Pro - life is on","description":"1The Phonak Audiology Blog presents audiological topics, research and hearing technology updates from experts at Phonak and across the hearing industry.","publisher":{"@id":"https:\/\/audiologyblog.phonakpro.com\/#organization"},"potentialAction":[{"@type":"SearchAction","target":{"@type":"EntryPoint","urlTemplate":"https:\/\/audiologyblog.phonakpro.com\/?s={search_term_string}"},"query-input":{"@type":"PropertyValueSpecification","valueRequired":true,"valueName":"search_term_string"}}],"inLanguage":"de"},{"@type":"Organization","@id":"https:\/\/audiologyblog.phonakpro.com\/#organization","name":"Phonak Audiology Blog - Phonak Pro - life is on","url":"https:\/\/audiologyblog.phonakpro.com\/","logo":{"@type":"ImageObject","inLanguage":"de","@id":"https:\/\/audiologyblog.phonakpro.com\/#\/schema\/logo\/image\/","url":"https:\/\/audiologyblog.phonakpro.com\/wp-content\/uploads\/2016\/09\/Logo_Phonak_life_is_on_pos_RGB_300dpi.jpg","contentUrl":"https:\/\/audiologyblog.phonakpro.com\/wp-content\/uploads\/2016\/09\/Logo_Phonak_life_is_on_pos_RGB_300dpi.jpg","width":1630,"height":863,"caption":"Phonak Audiology Blog - Phonak Pro - life is on"},"image":{"@id":"https:\/\/audiologyblog.phonakpro.com\/#\/schema\/logo\/image\/"},"sameAs":["https:\/\/www.facebook.com\/phonak","https:\/\/x.com\/phonak","https:\/\/www.instagram.com\/phonak","https:\/\/www.linkedin.com\/company\/phonak","https:\/\/www.youtube.com\/c\/phonak"]},{"@type":"Person","@id":"https:\/\/audiologyblog.phonakpro.com\/#\/schema\/person\/3a26551cc313214fbea4a0a434335486","name":"Christine Weidner","description":"Christine ist seit 2017 als Projektmanagerin Digitales Lernen bei Phonak t\u00e4tig. Neben der Betreuung dieses Audiologie Blogs verantwortet sie die Online-Trainings sowie die Phonak Learning Plattform und l\u00e4sst die H\u00f6rakustik in die virtuelle Welt des Lernens eintauchen.","url":"https:\/\/audiologyblog.phonakpro.com\/de\/author\/weidner-christine\/"}]}},"_links":{"self":[{"href":"https:\/\/audiologyblog.phonakpro.com\/de\/wp-json\/wp\/v2\/posts\/8255","targetHints":{"allow":["GET"]}}],"collection":[{"href":"https:\/\/audiologyblog.phonakpro.com\/de\/wp-json\/wp\/v2\/posts"}],"about":[{"href":"https:\/\/audiologyblog.phonakpro.com\/de\/wp-json\/wp\/v2\/types\/post"}],"author":[{"embeddable":true,"href":"https:\/\/audiologyblog.phonakpro.com\/de\/wp-json\/wp\/v2\/users\/59"}],"replies":[{"embeddable":true,"href":"https:\/\/audiologyblog.phonakpro.com\/de\/wp-json\/wp\/v2\/comments?post=8255"}],"version-history":[{"count":27,"href":"https:\/\/audiologyblog.phonakpro.com\/de\/wp-json\/wp\/v2\/posts\/8255\/revisions"}],"predecessor-version":[{"id":18279,"href":"https:\/\/audiologyblog.phonakpro.com\/de\/wp-json\/wp\/v2\/posts\/8255\/revisions\/18279"}],"wp:featuredmedia":[{"embeddable":true,"href":"https:\/\/audiologyblog.phonakpro.com\/de\/wp-json\/wp\/v2\/media\/8290"}],"wp:attachment":[{"href":"https:\/\/audiologyblog.phonakpro.com\/de\/wp-json\/wp\/v2\/media?parent=8255"}],"wp:term":[{"taxonomy":"category","embeddable":true,"href":"https:\/\/audiologyblog.phonakpro.com\/de\/wp-json\/wp\/v2\/categories?post=8255"},{"taxonomy":"post_tag","embeddable":true,"href":"https:\/\/audiologyblog.phonakpro.com\/de\/wp-json\/wp\/v2\/tags?post=8255"}],"curies":[{"name":"wp","href":"https:\/\/api.w.org\/{rel}","templated":true}]}}