{"id":8203,"date":"2019-10-31T15:50:09","date_gmt":"2019-10-31T14:50:09","guid":{"rendered":"https:\/\/audiologyblog.phonakpro.com\/?p=8203"},"modified":"2020-03-10T11:29:06","modified_gmt":"2020-03-10T10:29:06","slug":"e-learning-modul-starker-bis-hochgradiger-hoerverlust","status":"publish","type":"post","link":"https:\/\/audiologyblog.phonakpro.com\/de\/e-learning-modul-starker-bis-hochgradiger-hoerverlust\/","title":{"rendered":"Starker bis hochgradiger H\u00f6rverlust"},"content":{"rendered":"<table>\n<tbody>\n<tr>\n<td>&nbsp;<\/p>\n<p><strong><img loading=\"lazy\" decoding=\"async\" class=\"wp-image-8208 alignleft\" src=\"https:\/\/audiologyblog.phonakpro.com\/wp-content\/uploads\/2019\/10\/Icon_1.png\" alt=\"\" width=\"118\" height=\"118\" srcset=\"https:\/\/audiologyblog.phonakpro.com\/wp-content\/uploads\/2019\/10\/Icon_1.png 126w, https:\/\/audiologyblog.phonakpro.com\/wp-content\/uploads\/2019\/10\/Icon_1-100x100.png 100w\" sizes=\"auto, (max-width: 118px) 100vw, 118px\" \/><\/strong><strong>\u00a0<\/strong><\/td>\n<td><strong>1. Bed\u00fcrfnisse von Erwachsenen mit starkem bis hochgradigem H\u00f6rverlust (25 Minuten)<\/strong><\/p>\n<p><strong>Inhalte:<\/strong><\/p>\n<ul>\n<li>Was ist starker bis hochgradiger H\u00f6rverlust und wie h\u00e4ufig kommt er vor<\/li>\n<li>Was kennzeichnet starken bis hochgradigen H\u00f6rverlust<\/li>\n<li>Welche Folgen hat starker bis hochgradiger H\u00f6rverlust<\/li>\n<li>Welche H\u00f6rl\u00f6sungen gibt es f\u00fcr starken bis hochgradigen H\u00f6rverlust<span lang=\"fr\"><br \/>\n<\/span><\/li>\n<\/ul>\n<p>&nbsp;<\/td>\n<\/tr>\n<tr>\n<td><strong>\u00a0<\/strong><\/p>\n<p><strong> <img loading=\"lazy\" decoding=\"async\" class=\"size-full wp-image-8239 alignleft\" src=\"https:\/\/audiologyblog.phonakpro.com\/wp-content\/uploads\/2019\/10\/Icon_2-1.png\" alt=\"\" width=\"126\" height=\"126\" srcset=\"https:\/\/audiologyblog.phonakpro.com\/wp-content\/uploads\/2019\/10\/Icon_2-1.png 126w, https:\/\/audiologyblog.phonakpro.com\/wp-content\/uploads\/2019\/10\/Icon_2-1-100x100.png 100w\" sizes=\"auto, (max-width: 126px) 100vw, 126px\" \/><\/strong><\/p>\n<p><strong>\u00a0<\/strong><\/p>\n<p><strong>\u00a0<\/strong><\/td>\n<td><strong>2. Frequenzverschiebungstechnologie f\u00fcr Erwachsene mit starkem bis hochgradigem H\u00f6rverlust (25 Minuten)<\/strong><\/p>\n<p><strong>Inhalt:<\/strong><\/p>\n<ul>\n<li>Einf\u00fchrung in die faszinierende Technologie der Frequenzkompression<\/li>\n<li>Gr\u00fcnde f\u00fcr die Entwicklung von SoundRecover<\/li>\n<li>Detaillierte Beschreibung von SoundRecover2<\/li>\n<li>Studien zum Nutzen von SoundRecover2<\/li>\n<\/ul>\n<p>&nbsp;<\/td>\n<\/tr>\n<tr>\n<td>&nbsp;<\/p>\n<p><strong><img loading=\"lazy\" decoding=\"async\" class=\"size-full wp-image-8242 alignleft\" src=\"https:\/\/audiologyblog.phonakpro.com\/wp-content\/uploads\/2019\/10\/Icon_3.png\" alt=\"\" width=\"126\" height=\"126\" srcset=\"https:\/\/audiologyblog.phonakpro.com\/wp-content\/uploads\/2019\/10\/Icon_3.png 126w, https:\/\/audiologyblog.phonakpro.com\/wp-content\/uploads\/2019\/10\/Icon_3-100x100.png 100w\" sizes=\"auto, (max-width: 126px) 100vw, 126px\" \/><\/strong><\/td>\n<td><strong>3. Mehr Power durch Verst\u00e4rkung f\u00fcr Erwachsene mit starkem bis hochgradigem H\u00f6rverlust (25 Minuten)<\/strong><\/p>\n<p><strong>Inhalt:<\/strong><\/p>\n<ul>\n<li>Vorteile des xUP-H\u00f6rers<\/li>\n<li>Vorteile des BroadbandBooster<\/li>\n<li>Mehr Power, kleinere Ger\u00e4te<\/li>\n<\/ul>\n<p>&nbsp;<\/td>\n<\/tr>\n<tr>\n<td><strong>\u00a0<\/strong><\/p>\n<p><strong><img loading=\"lazy\" decoding=\"async\" class=\"size-full wp-image-8244 alignleft\" src=\"https:\/\/audiologyblog.phonakpro.com\/wp-content\/uploads\/2019\/10\/Icon_4.png\" alt=\"\" width=\"126\" height=\"126\" srcset=\"https:\/\/audiologyblog.phonakpro.com\/wp-content\/uploads\/2019\/10\/Icon_4.png 126w, https:\/\/audiologyblog.phonakpro.com\/wp-content\/uploads\/2019\/10\/Icon_4-100x100.png 100w\" sizes=\"auto, (max-width: 126px) 100vw, 126px\" \/><br \/>\n<\/strong><\/td>\n<td><strong>4. H\u00f6ren bei St\u00f6rger\u00e4uschen im Nahfeld (25 Minuten)<\/strong><\/p>\n<p><strong>Inhalt:<\/strong><\/p>\n<ul>\n<li>Konzepte Nahfeld und Fernfeld<\/li>\n<li>Technologien f\u00fcr das H\u00f6ren im Nahfeld (BVST)<\/li>\n<li>Studien zum Nutzen von StereoZoom und ZoomControl<\/li>\n<li>Vorteile von Speech in Wind<\/li>\n<li>Demonstration des Nutzens von DuoPhone<\/li>\n<\/ul>\n<p>&nbsp;<\/td>\n<\/tr>\n<tr>\n<td><strong><img loading=\"lazy\" decoding=\"async\" class=\"size-full wp-image-8246 alignleft\" src=\"https:\/\/audiologyblog.phonakpro.com\/wp-content\/uploads\/2019\/10\/Icon_5.png\" alt=\"\" width=\"126\" height=\"126\" srcset=\"https:\/\/audiologyblog.phonakpro.com\/wp-content\/uploads\/2019\/10\/Icon_5.png 126w, https:\/\/audiologyblog.phonakpro.com\/wp-content\/uploads\/2019\/10\/Icon_5-100x100.png 100w\" sizes=\"auto, (max-width: 126px) 100vw, 126px\" \/><br \/>\n<\/strong><\/td>\n<td><strong>5. H\u00f6ren im Fernfeld f\u00fcr Erwachsene mit schwerem bis starkem H\u00f6rverlust (25 Minuten)<\/strong><\/p>\n<p><strong>Inhalt<\/strong><\/p>\n<ul>\n<li>Was ist das Fernfeld?<\/li>\n<li>Vorteile und Mehrwert von Roger<\/li>\n<\/ul>\n<p>&nbsp;<\/td>\n<\/tr>\n<tr>\n<td><strong><img loading=\"lazy\" decoding=\"async\" class=\"wp-image-8248 size-full alignleft\" src=\"https:\/\/audiologyblog.phonakpro.com\/wp-content\/uploads\/2019\/10\/Icon_6.png\" alt=\"\" width=\"126\" height=\"126\" srcset=\"https:\/\/audiologyblog.phonakpro.com\/wp-content\/uploads\/2019\/10\/Icon_6.png 126w, https:\/\/audiologyblog.phonakpro.com\/wp-content\/uploads\/2019\/10\/Icon_6-100x100.png 100w\" sizes=\"auto, (max-width: 126px) 100vw, 126px\" \/><br \/>\n<\/strong><\/td>\n<td><strong>6. Na\u00edda V &#8211; robust und langlebig (25 Minuten)<\/strong><\/p>\n<p><strong>Inhalt<\/strong><\/p>\n<ul>\n<li>Na\u00edda V: Die h\u00f6chste IP-Bewertung<\/li>\n<li>Die Vorteile der Glasfaser im Na\u00edda V<\/li>\n<\/ul>\n<\/td>\n<\/tr>\n<\/tbody>\n<\/table>\n<p><a href=\"https:\/\/learning.phonakpro.com\/course\/view.php?id=39\" target=\"_blank\" rel=\"attachment noopener wp-att-8226 noreferrer\"><img loading=\"lazy\" decoding=\"async\" class=\"alignnone wp-image-8226\" src=\"https:\/\/audiologyblog.phonakpro.com\/wp-content\/uploads\/2019\/10\/Button_zum-E-Learning-1.jpg\" alt=\"\" width=\"234\" height=\"68\" srcset=\"https:\/\/audiologyblog.phonakpro.com\/wp-content\/uploads\/2019\/10\/Button_zum-E-Learning-1.jpg 446w, https:\/\/audiologyblog.phonakpro.com\/wp-content\/uploads\/2019\/10\/Button_zum-E-Learning-1-310x90.jpg 310w\" sizes=\"auto, (max-width: 234px) 100vw, 234px\" \/><\/a><\/p>\n<p>&nbsp;<\/p>\n<p>Um das E-Learning zu bearbeiten ben\u00f6tigen Sie ein Kundenkonto (PhonakPro ID). Falls Sie noch keine PhonakPro ID besitzen, finden Sie <a href=\"https:\/\/audiologyblog.phonakpro.com\/de\/phonak-welt-trainings-und-tutorials-das-online-trainingsangebot-fuer-hoerakustiker\/anlegen-phonakpro-id\/\" target=\"_blank\" rel=\"attachment noopener wp-att-8200 noreferrer\">hier eine Anleitung<\/a>, wie Sie sich einmalig Ihr kostenloses Benutzerkonto anlegen.<\/p>\n","protected":false},"excerpt":{"rendered":"<p>Dieses E-Learning besteht aus 6 Modulen und dauert insgesamt ca. 150 Minuten.<\/p>\n","protected":false},"author":59,"featured_media":8290,"comment_status":"open","ping_status":"open","sticky":false,"template":"","format":"standard","meta":{"footnotes":""},"categories":[37],"tags":[],"class_list":["post-8203","post","type-post","status-publish","format-standard","has-post-thumbnail","hentry","category-trainings-und-tutorials"],"acf":[],"yoast_head":"<!-- This site is optimized with the Yoast SEO plugin v25.9 - https:\/\/yoast.com\/wordpress\/plugins\/seo\/ -->\n<title>Starker bis hochgradiger H\u00f6rverlust | Audiology Blog<\/title>\n<meta name=\"robots\" content=\"index, follow, max-snippet:-1, max-image-preview:large, max-video-preview:-1\" \/>\n<link rel=\"canonical\" href=\"https:\/\/audiologyblog.phonakpro.com\/de\/e-learning-modul-starker-bis-hochgradiger-hoerverlust\/\" \/>\n<meta property=\"og:locale\" content=\"de_DE\" \/>\n<meta property=\"og:type\" content=\"article\" \/>\n<meta property=\"og:title\" content=\"Starker bis hochgradiger H\u00f6rverlust | Audiology Blog\" \/>\n<meta property=\"og:description\" content=\"Dieses E-Learning besteht aus 6 Modulen und dauert insgesamt ca. 150 Minuten.\" \/>\n<meta property=\"og:url\" content=\"https:\/\/audiologyblog.phonakpro.com\/de\/e-learning-modul-starker-bis-hochgradiger-hoerverlust\/\" \/>\n<meta property=\"og:site_name\" content=\"Phonak Audiology Blog - Phonak Pro - life is on\" \/>\n<meta property=\"article:publisher\" content=\"https:\/\/www.facebook.com\/phonak\" \/>\n<meta property=\"article:published_time\" content=\"2019-10-31T14:50:09+00:00\" \/>\n<meta property=\"article:modified_time\" content=\"2020-03-10T10:29:06+00:00\" \/>\n<meta property=\"og:image\" content=\"https:\/\/audiologyblog.phonakpro.com\/wp-content\/uploads\/2019\/10\/Icon_E-Learning_Phonak-Welt.png\" \/>\n\t<meta property=\"og:image:width\" content=\"4713\" \/>\n\t<meta property=\"og:image:height\" content=\"3109\" \/>\n\t<meta property=\"og:image:type\" content=\"image\/png\" \/>\n<meta name=\"author\" content=\"Christine Weidner\" \/>\n<meta name=\"twitter:card\" content=\"summary_large_image\" \/>\n<meta name=\"twitter:creator\" content=\"@phonak\" \/>\n<meta name=\"twitter:site\" content=\"@phonak\" \/>\n<meta name=\"twitter:label1\" content=\"Verfasst von\" \/>\n\t<meta name=\"twitter:data1\" content=\"Christine Weidner\" \/>\n\t<meta name=\"twitter:label2\" content=\"Gesch\u00e4tzte Lesezeit\" \/>\n\t<meta name=\"twitter:data2\" content=\"1\u00a0Minute\" \/>\n<script type=\"application\/ld+json\" class=\"yoast-schema-graph\">{\"@context\":\"https:\/\/schema.org\",\"@graph\":[{\"@type\":\"Article\",\"@id\":\"https:\/\/audiologyblog.phonakpro.com\/de\/e-learning-modul-starker-bis-hochgradiger-hoerverlust\/#article\",\"isPartOf\":{\"@id\":\"https:\/\/audiologyblog.phonakpro.com\/de\/e-learning-modul-starker-bis-hochgradiger-hoerverlust\/\"},\"author\":{\"name\":\"Christine Weidner\",\"@id\":\"https:\/\/audiologyblog.phonakpro.com\/#\/schema\/person\/3a26551cc313214fbea4a0a434335486\"},\"headline\":\"Starker bis hochgradiger H\u00f6rverlust\",\"datePublished\":\"2019-10-31T14:50:09+00:00\",\"dateModified\":\"2020-03-10T10:29:06+00:00\",\"mainEntityOfPage\":{\"@id\":\"https:\/\/audiologyblog.phonakpro.com\/de\/e-learning-modul-starker-bis-hochgradiger-hoerverlust\/\"},\"wordCount\":252,\"commentCount\":0,\"publisher\":{\"@id\":\"https:\/\/audiologyblog.phonakpro.com\/#organization\"},\"image\":{\"@id\":\"https:\/\/audiologyblog.phonakpro.com\/de\/e-learning-modul-starker-bis-hochgradiger-hoerverlust\/#primaryimage\"},\"thumbnailUrl\":\"https:\/\/audiologyblog.phonakpro.com\/wp-content\/uploads\/2019\/10\/Icon_E-Learning_Phonak-Welt.png\",\"articleSection\":[\"Trainings &amp; Tutorials\"],\"inLanguage\":\"de\",\"potentialAction\":[{\"@type\":\"CommentAction\",\"name\":\"Comment\",\"target\":[\"https:\/\/audiologyblog.phonakpro.com\/de\/e-learning-modul-starker-bis-hochgradiger-hoerverlust\/#respond\"]}]},{\"@type\":\"WebPage\",\"@id\":\"https:\/\/audiologyblog.phonakpro.com\/de\/e-learning-modul-starker-bis-hochgradiger-hoerverlust\/\",\"url\":\"https:\/\/audiologyblog.phonakpro.com\/de\/e-learning-modul-starker-bis-hochgradiger-hoerverlust\/\",\"name\":\"Starker bis hochgradiger H\u00f6rverlust | Audiology Blog\",\"isPartOf\":{\"@id\":\"https:\/\/audiologyblog.phonakpro.com\/#website\"},\"primaryImageOfPage\":{\"@id\":\"https:\/\/audiologyblog.phonakpro.com\/de\/e-learning-modul-starker-bis-hochgradiger-hoerverlust\/#primaryimage\"},\"image\":{\"@id\":\"https:\/\/audiologyblog.phonakpro.com\/de\/e-learning-modul-starker-bis-hochgradiger-hoerverlust\/#primaryimage\"},\"thumbnailUrl\":\"https:\/\/audiologyblog.phonakpro.com\/wp-content\/uploads\/2019\/10\/Icon_E-Learning_Phonak-Welt.png\",\"datePublished\":\"2019-10-31T14:50:09+00:00\",\"dateModified\":\"2020-03-10T10:29:06+00:00\",\"breadcrumb\":{\"@id\":\"https:\/\/audiologyblog.phonakpro.com\/de\/e-learning-modul-starker-bis-hochgradiger-hoerverlust\/#breadcrumb\"},\"inLanguage\":\"de\",\"potentialAction\":[{\"@type\":\"ReadAction\",\"target\":[\"https:\/\/audiologyblog.phonakpro.com\/de\/e-learning-modul-starker-bis-hochgradiger-hoerverlust\/\"]}]},{\"@type\":\"ImageObject\",\"inLanguage\":\"de\",\"@id\":\"https:\/\/audiologyblog.phonakpro.com\/de\/e-learning-modul-starker-bis-hochgradiger-hoerverlust\/#primaryimage\",\"url\":\"https:\/\/audiologyblog.phonakpro.com\/wp-content\/uploads\/2019\/10\/Icon_E-Learning_Phonak-Welt.png\",\"contentUrl\":\"https:\/\/audiologyblog.phonakpro.com\/wp-content\/uploads\/2019\/10\/Icon_E-Learning_Phonak-Welt.png\",\"width\":4713,\"height\":3109},{\"@type\":\"BreadcrumbList\",\"@id\":\"https:\/\/audiologyblog.phonakpro.com\/de\/e-learning-modul-starker-bis-hochgradiger-hoerverlust\/#breadcrumb\",\"itemListElement\":[{\"@type\":\"ListItem\",\"position\":1,\"name\":\"Home\",\"item\":\"https:\/\/audiologyblog.phonakpro.com\/de\/\"},{\"@type\":\"ListItem\",\"position\":2,\"name\":\"Starker bis hochgradiger H\u00f6rverlust\"}]},{\"@type\":\"WebSite\",\"@id\":\"https:\/\/audiologyblog.phonakpro.com\/#website\",\"url\":\"https:\/\/audiologyblog.phonakpro.com\/\",\"name\":\"Phonak Audiology Blog - Phonak Pro - life is on\",\"description\":\"1The Phonak Audiology Blog presents audiological topics, research and hearing technology updates from experts at Phonak and across the hearing industry.\",\"publisher\":{\"@id\":\"https:\/\/audiologyblog.phonakpro.com\/#organization\"},\"potentialAction\":[{\"@type\":\"SearchAction\",\"target\":{\"@type\":\"EntryPoint\",\"urlTemplate\":\"https:\/\/audiologyblog.phonakpro.com\/?s={search_term_string}\"},\"query-input\":{\"@type\":\"PropertyValueSpecification\",\"valueRequired\":true,\"valueName\":\"search_term_string\"}}],\"inLanguage\":\"de\"},{\"@type\":\"Organization\",\"@id\":\"https:\/\/audiologyblog.phonakpro.com\/#organization\",\"name\":\"Phonak Audiology Blog - Phonak Pro - life is on\",\"url\":\"https:\/\/audiologyblog.phonakpro.com\/\",\"logo\":{\"@type\":\"ImageObject\",\"inLanguage\":\"de\",\"@id\":\"https:\/\/audiologyblog.phonakpro.com\/#\/schema\/logo\/image\/\",\"url\":\"https:\/\/audiologyblog.phonakpro.com\/wp-content\/uploads\/2016\/09\/Logo_Phonak_life_is_on_pos_RGB_300dpi.jpg\",\"contentUrl\":\"https:\/\/audiologyblog.phonakpro.com\/wp-content\/uploads\/2016\/09\/Logo_Phonak_life_is_on_pos_RGB_300dpi.jpg\",\"width\":1630,\"height\":863,\"caption\":\"Phonak Audiology Blog - Phonak Pro - life is on\"},\"image\":{\"@id\":\"https:\/\/audiologyblog.phonakpro.com\/#\/schema\/logo\/image\/\"},\"sameAs\":[\"https:\/\/www.facebook.com\/phonak\",\"https:\/\/x.com\/phonak\",\"https:\/\/www.instagram.com\/phonak\",\"https:\/\/www.linkedin.com\/company\/phonak\",\"https:\/\/www.youtube.com\/c\/phonak\"]},{\"@type\":\"Person\",\"@id\":\"https:\/\/audiologyblog.phonakpro.com\/#\/schema\/person\/3a26551cc313214fbea4a0a434335486\",\"name\":\"Christine Weidner\",\"description\":\"Christine ist seit 2017 als Projektmanagerin Digitales Lernen bei Phonak t\u00e4tig. Neben der Betreuung dieses Audiologie Blogs verantwortet sie die Online-Trainings sowie die Phonak Learning Plattform und l\u00e4sst die H\u00f6rakustik in die virtuelle Welt des Lernens eintauchen.\",\"url\":\"https:\/\/audiologyblog.phonakpro.com\/de\/author\/weidner-christine\/\"}]}<\/script>\n<!-- \/ Yoast SEO plugin. -->","yoast_head_json":{"title":"Starker bis hochgradiger H\u00f6rverlust | Audiology Blog","robots":{"index":"index","follow":"follow","max-snippet":"max-snippet:-1","max-image-preview":"max-image-preview:large","max-video-preview":"max-video-preview:-1"},"canonical":"https:\/\/audiologyblog.phonakpro.com\/de\/e-learning-modul-starker-bis-hochgradiger-hoerverlust\/","og_locale":"de_DE","og_type":"article","og_title":"Starker bis hochgradiger H\u00f6rverlust | Audiology Blog","og_description":"Dieses E-Learning besteht aus 6 Modulen und dauert insgesamt ca. 150 Minuten.","og_url":"https:\/\/audiologyblog.phonakpro.com\/de\/e-learning-modul-starker-bis-hochgradiger-hoerverlust\/","og_site_name":"Phonak Audiology Blog - Phonak Pro - life is on","article_publisher":"https:\/\/www.facebook.com\/phonak","article_published_time":"2019-10-31T14:50:09+00:00","article_modified_time":"2020-03-10T10:29:06+00:00","og_image":[{"width":4713,"height":3109,"url":"https:\/\/audiologyblog.phonakpro.com\/wp-content\/uploads\/2019\/10\/Icon_E-Learning_Phonak-Welt.png","type":"image\/png"}],"author":"Christine Weidner","twitter_card":"summary_large_image","twitter_creator":"@phonak","twitter_site":"@phonak","twitter_misc":{"Verfasst von":"Christine Weidner","Gesch\u00e4tzte Lesezeit":"1\u00a0Minute"},"schema":{"@context":"https:\/\/schema.org","@graph":[{"@type":"Article","@id":"https:\/\/audiologyblog.phonakpro.com\/de\/e-learning-modul-starker-bis-hochgradiger-hoerverlust\/#article","isPartOf":{"@id":"https:\/\/audiologyblog.phonakpro.com\/de\/e-learning-modul-starker-bis-hochgradiger-hoerverlust\/"},"author":{"name":"Christine Weidner","@id":"https:\/\/audiologyblog.phonakpro.com\/#\/schema\/person\/3a26551cc313214fbea4a0a434335486"},"headline":"Starker bis hochgradiger H\u00f6rverlust","datePublished":"2019-10-31T14:50:09+00:00","dateModified":"2020-03-10T10:29:06+00:00","mainEntityOfPage":{"@id":"https:\/\/audiologyblog.phonakpro.com\/de\/e-learning-modul-starker-bis-hochgradiger-hoerverlust\/"},"wordCount":252,"commentCount":0,"publisher":{"@id":"https:\/\/audiologyblog.phonakpro.com\/#organization"},"image":{"@id":"https:\/\/audiologyblog.phonakpro.com\/de\/e-learning-modul-starker-bis-hochgradiger-hoerverlust\/#primaryimage"},"thumbnailUrl":"https:\/\/audiologyblog.phonakpro.com\/wp-content\/uploads\/2019\/10\/Icon_E-Learning_Phonak-Welt.png","articleSection":["Trainings &amp; Tutorials"],"inLanguage":"de","potentialAction":[{"@type":"CommentAction","name":"Comment","target":["https:\/\/audiologyblog.phonakpro.com\/de\/e-learning-modul-starker-bis-hochgradiger-hoerverlust\/#respond"]}]},{"@type":"WebPage","@id":"https:\/\/audiologyblog.phonakpro.com\/de\/e-learning-modul-starker-bis-hochgradiger-hoerverlust\/","url":"https:\/\/audiologyblog.phonakpro.com\/de\/e-learning-modul-starker-bis-hochgradiger-hoerverlust\/","name":"Starker bis hochgradiger H\u00f6rverlust | Audiology Blog","isPartOf":{"@id":"https:\/\/audiologyblog.phonakpro.com\/#website"},"primaryImageOfPage":{"@id":"https:\/\/audiologyblog.phonakpro.com\/de\/e-learning-modul-starker-bis-hochgradiger-hoerverlust\/#primaryimage"},"image":{"@id":"https:\/\/audiologyblog.phonakpro.com\/de\/e-learning-modul-starker-bis-hochgradiger-hoerverlust\/#primaryimage"},"thumbnailUrl":"https:\/\/audiologyblog.phonakpro.com\/wp-content\/uploads\/2019\/10\/Icon_E-Learning_Phonak-Welt.png","datePublished":"2019-10-31T14:50:09+00:00","dateModified":"2020-03-10T10:29:06+00:00","breadcrumb":{"@id":"https:\/\/audiologyblog.phonakpro.com\/de\/e-learning-modul-starker-bis-hochgradiger-hoerverlust\/#breadcrumb"},"inLanguage":"de","potentialAction":[{"@type":"ReadAction","target":["https:\/\/audiologyblog.phonakpro.com\/de\/e-learning-modul-starker-bis-hochgradiger-hoerverlust\/"]}]},{"@type":"ImageObject","inLanguage":"de","@id":"https:\/\/audiologyblog.phonakpro.com\/de\/e-learning-modul-starker-bis-hochgradiger-hoerverlust\/#primaryimage","url":"https:\/\/audiologyblog.phonakpro.com\/wp-content\/uploads\/2019\/10\/Icon_E-Learning_Phonak-Welt.png","contentUrl":"https:\/\/audiologyblog.phonakpro.com\/wp-content\/uploads\/2019\/10\/Icon_E-Learning_Phonak-Welt.png","width":4713,"height":3109},{"@type":"BreadcrumbList","@id":"https:\/\/audiologyblog.phonakpro.com\/de\/e-learning-modul-starker-bis-hochgradiger-hoerverlust\/#breadcrumb","itemListElement":[{"@type":"ListItem","position":1,"name":"Home","item":"https:\/\/audiologyblog.phonakpro.com\/de\/"},{"@type":"ListItem","position":2,"name":"Starker bis hochgradiger H\u00f6rverlust"}]},{"@type":"WebSite","@id":"https:\/\/audiologyblog.phonakpro.com\/#website","url":"https:\/\/audiologyblog.phonakpro.com\/","name":"Phonak Audiology Blog - Phonak Pro - life is on","description":"1The Phonak Audiology Blog presents audiological topics, research and hearing technology updates from experts at Phonak and across the hearing industry.","publisher":{"@id":"https:\/\/audiologyblog.phonakpro.com\/#organization"},"potentialAction":[{"@type":"SearchAction","target":{"@type":"EntryPoint","urlTemplate":"https:\/\/audiologyblog.phonakpro.com\/?s={search_term_string}"},"query-input":{"@type":"PropertyValueSpecification","valueRequired":true,"valueName":"search_term_string"}}],"inLanguage":"de"},{"@type":"Organization","@id":"https:\/\/audiologyblog.phonakpro.com\/#organization","name":"Phonak Audiology Blog - Phonak Pro - life is on","url":"https:\/\/audiologyblog.phonakpro.com\/","logo":{"@type":"ImageObject","inLanguage":"de","@id":"https:\/\/audiologyblog.phonakpro.com\/#\/schema\/logo\/image\/","url":"https:\/\/audiologyblog.phonakpro.com\/wp-content\/uploads\/2016\/09\/Logo_Phonak_life_is_on_pos_RGB_300dpi.jpg","contentUrl":"https:\/\/audiologyblog.phonakpro.com\/wp-content\/uploads\/2016\/09\/Logo_Phonak_life_is_on_pos_RGB_300dpi.jpg","width":1630,"height":863,"caption":"Phonak Audiology Blog - Phonak Pro - life is on"},"image":{"@id":"https:\/\/audiologyblog.phonakpro.com\/#\/schema\/logo\/image\/"},"sameAs":["https:\/\/www.facebook.com\/phonak","https:\/\/x.com\/phonak","https:\/\/www.instagram.com\/phonak","https:\/\/www.linkedin.com\/company\/phonak","https:\/\/www.youtube.com\/c\/phonak"]},{"@type":"Person","@id":"https:\/\/audiologyblog.phonakpro.com\/#\/schema\/person\/3a26551cc313214fbea4a0a434335486","name":"Christine Weidner","description":"Christine ist seit 2017 als Projektmanagerin Digitales Lernen bei Phonak t\u00e4tig. Neben der Betreuung dieses Audiologie Blogs verantwortet sie die Online-Trainings sowie die Phonak Learning Plattform und l\u00e4sst die H\u00f6rakustik in die virtuelle Welt des Lernens eintauchen.","url":"https:\/\/audiologyblog.phonakpro.com\/de\/author\/weidner-christine\/"}]}},"_links":{"self":[{"href":"https:\/\/audiologyblog.phonakpro.com\/de\/wp-json\/wp\/v2\/posts\/8203","targetHints":{"allow":["GET"]}}],"collection":[{"href":"https:\/\/audiologyblog.phonakpro.com\/de\/wp-json\/wp\/v2\/posts"}],"about":[{"href":"https:\/\/audiologyblog.phonakpro.com\/de\/wp-json\/wp\/v2\/types\/post"}],"author":[{"embeddable":true,"href":"https:\/\/audiologyblog.phonakpro.com\/de\/wp-json\/wp\/v2\/users\/59"}],"replies":[{"embeddable":true,"href":"https:\/\/audiologyblog.phonakpro.com\/de\/wp-json\/wp\/v2\/comments?post=8203"}],"version-history":[{"count":48,"href":"https:\/\/audiologyblog.phonakpro.com\/de\/wp-json\/wp\/v2\/posts\/8203\/revisions"}],"predecessor-version":[{"id":18281,"href":"https:\/\/audiologyblog.phonakpro.com\/de\/wp-json\/wp\/v2\/posts\/8203\/revisions\/18281"}],"wp:featuredmedia":[{"embeddable":true,"href":"https:\/\/audiologyblog.phonakpro.com\/de\/wp-json\/wp\/v2\/media\/8290"}],"wp:attachment":[{"href":"https:\/\/audiologyblog.phonakpro.com\/de\/wp-json\/wp\/v2\/media?parent=8203"}],"wp:term":[{"taxonomy":"category","embeddable":true,"href":"https:\/\/audiologyblog.phonakpro.com\/de\/wp-json\/wp\/v2\/categories?post=8203"},{"taxonomy":"post_tag","embeddable":true,"href":"https:\/\/audiologyblog.phonakpro.com\/de\/wp-json\/wp\/v2\/tags?post=8203"}],"curies":[{"name":"wp","href":"https:\/\/api.w.org\/{rel}","templated":true}]}}