{"id":7913,"date":"2019-09-30T11:08:56","date_gmt":"2019-09-30T09:08:56","guid":{"rendered":"https:\/\/audiologyblog.phonakpro.com\/?p=7913"},"modified":"2019-09-30T15:21:53","modified_gmt":"2019-09-30T13:21:53","slug":"erdnussflips-und-kellerkind","status":"publish","type":"post","link":"https:\/\/audiologyblog.phonakpro.com\/de\/erdnussflips-und-kellerkind\/","title":{"rendered":"Podcast #01: Erdnussflips und Kellerkind"},"content":{"rendered":"<p>&nbsp;<\/p>\n<p><a href=\"https:\/\/audiologyblog.phonakpro.com\/de\/erdnussflips-und-kellerkind\/intpodcastday_2\/\" rel=\"attachment wp-att-7934\"><img loading=\"lazy\" decoding=\"async\" class=\" wp-image-7934 alignright\" src=\"https:\/\/audiologyblog.phonakpro.com\/wp-content\/uploads\/2019\/09\/intpodcastday_2.png\" alt=\"\" width=\"107\" height=\"107\" srcset=\"https:\/\/audiologyblog.phonakpro.com\/wp-content\/uploads\/2019\/09\/intpodcastday_2.png 200w, https:\/\/audiologyblog.phonakpro.com\/wp-content\/uploads\/2019\/09\/intpodcastday_2-100x100.png 100w\" sizes=\"auto, (max-width: 107px) 100vw, 107px\" \/><\/a><\/p>\n<p>Marvel 2.0 \u2013 Die neue H\u00f6rger\u00e4tefamilie ist gerade auf den Markt gekommen und die ersten Ger\u00e4te sind schon im Einsatz, dass dabei Fragen aufkommen ist selbstverst\u00e4ndlich. Der Anruf bei der Service-Hotline oder eine Produktschulung von Phonak kann Sie dabei unterst\u00fctzen. Doch wer verbirgt sich eigentlich am anderen Ende der Leitung? Was steckt hinter der Planung von Trainings und Events und was treibt die Kollegen von Phonak in Ihrer t\u00e4glichen Arbeit an? Das offenbart Phonak ab sofort in seinem neuen Audiologie Podcast \u201eDer H\u00f6rakustiker\u201c.<\/p>\n<p><strong>Welche Menschen hinter der Marke Phonak stecken <\/strong><\/p>\n<p>Nadja Laible und Adam Schwarz sind langj\u00e4hrige Branchen-Kenner und \u00fcben ihren Beruf mit Leidenschaft aus. Sie kennen nicht nur die Aufgaben seitens Hersteller, sie waren auch selbst jahrelang im Fachgesch\u00e4ft t\u00e4tig und kennen die t\u00e4gliche Arbeit als H\u00f6rakustiker.<\/p>\n<p>Nadja arbeitete \u00fcber zehn Jahre als H\u00f6rakustikerin und Filialleiterin in einem Fachgesch\u00e4ft bei Waiblingen. In dieser Zeit hat sie viele lehrreiche Erfahrungen sammeln d\u00fcrfen. Sie selbst m\u00f6chte die Zeit nicht missen, da sie ihr das Verst\u00e4ndnis und die Kenntnisse gebracht haben, die sie f\u00fcr ihre heutige Berufung als Produkttrainerin und Leiterin der Vertriebsaudiologie ben\u00f6tigt. Wenn sie an ihre Erlebnisse aus der Zeit im Fachgesch\u00e4ft zur\u00fcckdenkt, f\u00e4llt ihr auf Anhieb eines ein \u2013 dass ein H\u00f6rger\u00e4t auf den ersten Blick einiges mit einem Erdnussflip gemein hat.<\/p>\n<p>Adam Schwarz war vor seiner T\u00e4tigkeit als Key Account Manager dreizehn Jahre in einem H\u00f6rakustik-Gesch\u00e4ft in Mittelfranken t\u00e4tig. Ihn hat besonders die menschliche Komponente inspiriert. Die vielen individuellen Bed\u00fcrfnisse der Kunden zu erkennen und ein angemessenes Einf\u00fchlungsverm\u00f6gen entgegen zu bringen, sieht er als besondere Gabe eines jeden H\u00f6rakustikers.<\/p>\n<p>Heute f\u00fchren beide Produktschulungen bei Kunden vor Ort wie auch online durch und arbeiten eng an der Konzeption von Produkttrainings und Veranstaltungen.<\/p>\n<p><strong>\u201eEin gutes Kundengespr\u00e4ch ist f\u00fcr mich die K\u00fcr\u201c<\/strong><\/p>\n<p>Zweimal j\u00e4hrlich bietet Phonak erlebnisreiche Veranstaltungen an, in denen neue Produkte \u00fcber mehrere Wochen deutschlandweit pr\u00e4sentiert werden. In der ersten Podcast-Folge erz\u00e4hlen Nadja und Adam von den intern liebevoll genannten \u201eRoadshows\u201c und dessen umfangreichen Planung. Dabei sind es die Details, welche die Veranstaltungen zu einem Ereignis werden lassen \u2013 sei es eine selbstgebaute Zapfanlage (selbstverst\u00e4ndlich mit alkoholfreien Getr\u00e4nken) oder die illustrativ projizierte Hauptspeise, die in Kombination mit dem neuen Roger-Produkt serviert wird. Bei solch ausgiebiger Vorbereitung geh\u00f6rt Ausdauer, Schwei\u00df und manch knifflige Aufgabe mit dazu. Dabei die Geduld zu bewahren, scheint gar nicht immer so leicht zu sein. Es sind jedoch die emotionalen Momente und gute Kundengespr\u00e4che, die einem am Ende einer jeden Roadshow-Vorbereitung begegnen und einem st\u00e4ndig neuen Antrieb geben. Genau diese Erlebnisse sind es, die Adam und Nadja als \u201eK\u00fcr einer jeden Roadshow-Vorbereitung\u201c bezeichnen.<\/p>\n<p>Nat\u00fcrlich macht den Mitarbeiter bei Phonak mehr aus, als nur sein Aufgabengebiet. Welche Interessen und Hobbys verbergen sich hinter den Menschen?<\/p>\n<p>Adam ist begeisterter DJ und Musikproduzent und das schon seit seiner Jugend. Auch heute noch schl\u00e4gt sein Herz f\u00fcr die Musik, das zeigt sich selbst beruflich \u2013 in seinen <a href=\"https:\/\/audiologyblog.phonakpro.com\/de\/?s=Adam+Schwarz\">Blog-Beitr\u00e4gen<\/a> und in dem von ihm produzierten Jingle zu Beginn der neuen Podcasts-Serie von Phonak.<\/p>\n<p>Nadja reist mit gro\u00dfer Leidenschaft in Ferne L\u00e4nder. Gleichzeitig ist es ihr beruflich und privat ein gro\u00dfes Anliegen, Menschen mit H\u00f6rverlust ein besseres Leben zu erm\u00f6glichen. Aus diesem Grund reiste sie bereits f\u00fcr ein soziales Hilfsprojekt nach <a href=\"https:\/\/audiologyblog.phonakpro.com\/de\/hoertests-zwischen-huehnern-und-geckos\/\">Haiti, um vor Ort Kindern mit H\u00f6rverlust zu helfen<\/a>.<\/p>\n<p><strong>Gemeinsam in die gleiche Richtung blicken mit Deutschlands Podcast-Serie \u201eDer H\u00f6rakustiker\u201c powered by Phonak<\/strong><\/p>\n<p>Es sind die pers\u00f6nlichen Einblicke, die einer Marke Gesichter geben. Diese Momente schenken wir Ihnen zuk\u00fcnftig in einem informativen und zugleich unterhaltsamen Podcast-Format mit Adam und Nadja als Moderatoren. In einer entspannten Gespr\u00e4chsatmosph\u00e4re zu spannenden Themen kommen die beiden immer wieder zusammen \u2013 Pers\u00f6nlich, herzlich und mit einem Hauch von Humor.<\/p>\n<p><strong>Was Ihnen die Podcast-Serie bietet<\/strong><\/p>\n<p>Die H\u00f6rakustik-Branche ist gepr\u00e4gt von vielf\u00e4ltigen Herausforderungen und st\u00e4ndigem Wandel. Diese Serie schenkt nicht nur Phonak einen <img loading=\"lazy\" decoding=\"async\" class=\"alignright wp-image-7926\" src=\"https:\/\/audiologyblog.phonakpro.com\/wp-content\/uploads\/2019\/09\/Podcast-Titelbild-final.jpg\" alt=\"\" width=\"252\" height=\"252\" srcset=\"https:\/\/audiologyblog.phonakpro.com\/wp-content\/uploads\/2019\/09\/Podcast-Titelbild-final.jpg 550w, https:\/\/audiologyblog.phonakpro.com\/wp-content\/uploads\/2019\/09\/Podcast-Titelbild-final-275x275.jpg 275w, https:\/\/audiologyblog.phonakpro.com\/wp-content\/uploads\/2019\/09\/Podcast-Titelbild-final-310x310.jpg 310w, https:\/\/audiologyblog.phonakpro.com\/wp-content\/uploads\/2019\/09\/Podcast-Titelbild-final-100x100.jpg 100w, https:\/\/audiologyblog.phonakpro.com\/wp-content\/uploads\/2019\/09\/Podcast-Titelbild-final-500x500.jpg 500w\" sizes=\"auto, (max-width: 252px) 100vw, 252px\" \/>Raum , sondern verschafft auch Ihnen als H\u00f6rakustiker Geh\u00f6r, um Themen anzusprechen, die Sie bewegen.<\/p>\n<p>\u201eSchlaft gut ein. Wacht gut auf. Akustik for Life.\u201c Mit dieser Verabschiedung beendet Adam den ersten Podcast und freut sich \u00fcber jeden der einschaltet.<\/p>\n<p>Wenn Sie mehr \u00fcber Adam und Nadja erfahren m\u00f6chten, schalten Sie <a href=\"https:\/\/derhoerakustiker.podigee.io\/1-neue-episode\">hier<\/a> in die erste Folge des Podcasts und lernen Sie die Kollegen von einer ganz individuellen Seite kennen.<\/p>\n<p>\u00dcber Themenvorschl\u00e4ge und Anregungen zu unserer Podcast-Serie freuen wir uns ganz besonders \u00fcber <a href=\"https:\/\/sonova.sharepoint.com\/teams\/DE-SO-AUDIOLOGY-PM\/Shared%20Documents\/04_Audiologie_Blog\/Blogbeitr\u00e4ge\/Weidner,%20Christine\/learning.de@phonak.com\">learning.de@phonak.com<\/a>.<\/p>\n<p>&nbsp;<\/p>\n<p>&#8222;Der H\u00f6rakustiker&#8220; verf\u00fcgbar \u00fcber die folgenden Kan\u00e4le:<\/p>\n<p><a href=\"https:\/\/open.spotify.com\/show\/0VF3nDYYa10bbUbH6AS7SN\" rel=\"attachment wp-att-7984\"><img loading=\"lazy\" decoding=\"async\" class=\"alignnone wp-image-7984\" src=\"https:\/\/audiologyblog.phonakpro.com\/wp-content\/uploads\/2019\/09\/spotify_4.png\" alt=\"\" width=\"105\" height=\"33\" \/><\/a><img loading=\"lazy\" decoding=\"async\" class=\"alignnone wp-image-7986\" src=\"https:\/\/audiologyblog.phonakpro.com\/wp-content\/uploads\/2019\/09\/iTunes_3.png\" alt=\"\" width=\"90\" height=\"34\" \/> <a href=\"https:\/\/derhoerakustiker.podigee.io\/\" rel=\"attachment wp-att-7976\"><img loading=\"lazy\" decoding=\"async\" class=\"alignnone wp-image-7976\" src=\"https:\/\/audiologyblog.phonakpro.com\/wp-content\/uploads\/2019\/09\/podigeeNH.png\" alt=\"\" width=\"93\" height=\"35\" \/><\/a><\/p>\n","protected":false},"excerpt":{"rendered":"<p>Pers\u00f6nlich, herzlich und mit einem Hauch von Humor: P\u00fcnktlich zum Internationalen Podcast-Tag stellen wir den neuen Audiologie-Podcast powered by Phonak vor: Der H\u00f6rakustiker.<\/p>\n","protected":false},"author":59,"featured_media":7915,"comment_status":"open","ping_status":"open","sticky":false,"template":"","format":"standard","meta":{"footnotes":""},"categories":[12],"tags":[],"class_list":["post-7913","post","type-post","status-publish","format-standard","has-post-thumbnail","hentry","category-aus-der-praxis"],"acf":[],"yoast_head":"<!-- This site is optimized with the Yoast SEO plugin v25.9 - https:\/\/yoast.com\/wordpress\/plugins\/seo\/ -->\n<title>Podcast #01: Erdnussflips und Kellerkind | Audiology Blog<\/title>\n<meta name=\"robots\" content=\"index, follow, max-snippet:-1, max-image-preview:large, max-video-preview:-1\" \/>\n<link rel=\"canonical\" href=\"https:\/\/audiologyblog.phonakpro.com\/de\/erdnussflips-und-kellerkind\/\" \/>\n<meta property=\"og:locale\" content=\"de_DE\" \/>\n<meta property=\"og:type\" content=\"article\" \/>\n<meta property=\"og:title\" content=\"Podcast #01: Erdnussflips und Kellerkind | Audiology Blog\" \/>\n<meta property=\"og:description\" content=\"Pers\u00f6nlich, herzlich und mit einem Hauch von Humor: P\u00fcnktlich zum Internationalen Podcast-Tag stellen wir den neuen Audiologie-Podcast powered by Phonak vor: Der H\u00f6rakustiker.\" \/>\n<meta property=\"og:url\" content=\"https:\/\/audiologyblog.phonakpro.com\/de\/erdnussflips-und-kellerkind\/\" \/>\n<meta property=\"og:site_name\" content=\"Phonak Audiology Blog - Phonak Pro - life is on\" \/>\n<meta property=\"article:publisher\" content=\"https:\/\/www.facebook.com\/phonak\" \/>\n<meta property=\"article:published_time\" content=\"2019-09-30T09:08:56+00:00\" \/>\n<meta property=\"article:modified_time\" content=\"2019-09-30T13:21:53+00:00\" \/>\n<meta property=\"og:image\" content=\"https:\/\/audiologyblog.phonakpro.com\/wp-content\/uploads\/2019\/09\/P1011122-scaled.jpg\" \/>\n\t<meta property=\"og:image:width\" content=\"2560\" \/>\n\t<meta property=\"og:image:height\" content=\"1442\" \/>\n\t<meta property=\"og:image:type\" content=\"image\/jpeg\" \/>\n<meta name=\"author\" content=\"Christine Weidner\" \/>\n<meta name=\"twitter:card\" content=\"summary_large_image\" \/>\n<meta name=\"twitter:creator\" content=\"@phonak\" \/>\n<meta name=\"twitter:site\" content=\"@phonak\" \/>\n<meta name=\"twitter:label1\" content=\"Verfasst von\" \/>\n\t<meta name=\"twitter:data1\" content=\"Christine Weidner\" \/>\n\t<meta name=\"twitter:label2\" content=\"Gesch\u00e4tzte Lesezeit\" \/>\n\t<meta name=\"twitter:data2\" content=\"4\u00a0Minuten\" \/>\n<script type=\"application\/ld+json\" class=\"yoast-schema-graph\">{\"@context\":\"https:\/\/schema.org\",\"@graph\":[{\"@type\":\"Article\",\"@id\":\"https:\/\/audiologyblog.phonakpro.com\/de\/erdnussflips-und-kellerkind\/#article\",\"isPartOf\":{\"@id\":\"https:\/\/audiologyblog.phonakpro.com\/de\/erdnussflips-und-kellerkind\/\"},\"author\":{\"name\":\"Christine Weidner\",\"@id\":\"https:\/\/audiologyblog.phonakpro.com\/#\/schema\/person\/3a26551cc313214fbea4a0a434335486\"},\"headline\":\"Podcast #01: Erdnussflips und Kellerkind\",\"datePublished\":\"2019-09-30T09:08:56+00:00\",\"dateModified\":\"2019-09-30T13:21:53+00:00\",\"mainEntityOfPage\":{\"@id\":\"https:\/\/audiologyblog.phonakpro.com\/de\/erdnussflips-und-kellerkind\/\"},\"wordCount\":789,\"commentCount\":0,\"publisher\":{\"@id\":\"https:\/\/audiologyblog.phonakpro.com\/#organization\"},\"image\":{\"@id\":\"https:\/\/audiologyblog.phonakpro.com\/de\/erdnussflips-und-kellerkind\/#primaryimage\"},\"thumbnailUrl\":\"https:\/\/audiologyblog.phonakpro.com\/wp-content\/uploads\/2019\/09\/P1011122-scaled.jpg\",\"articleSection\":[\"Aus der Praxis\"],\"inLanguage\":\"de\",\"potentialAction\":[{\"@type\":\"CommentAction\",\"name\":\"Comment\",\"target\":[\"https:\/\/audiologyblog.phonakpro.com\/de\/erdnussflips-und-kellerkind\/#respond\"]}]},{\"@type\":\"WebPage\",\"@id\":\"https:\/\/audiologyblog.phonakpro.com\/de\/erdnussflips-und-kellerkind\/\",\"url\":\"https:\/\/audiologyblog.phonakpro.com\/de\/erdnussflips-und-kellerkind\/\",\"name\":\"Podcast #01: Erdnussflips und Kellerkind | Audiology Blog\",\"isPartOf\":{\"@id\":\"https:\/\/audiologyblog.phonakpro.com\/#website\"},\"primaryImageOfPage\":{\"@id\":\"https:\/\/audiologyblog.phonakpro.com\/de\/erdnussflips-und-kellerkind\/#primaryimage\"},\"image\":{\"@id\":\"https:\/\/audiologyblog.phonakpro.com\/de\/erdnussflips-und-kellerkind\/#primaryimage\"},\"thumbnailUrl\":\"https:\/\/audiologyblog.phonakpro.com\/wp-content\/uploads\/2019\/09\/P1011122-scaled.jpg\",\"datePublished\":\"2019-09-30T09:08:56+00:00\",\"dateModified\":\"2019-09-30T13:21:53+00:00\",\"breadcrumb\":{\"@id\":\"https:\/\/audiologyblog.phonakpro.com\/de\/erdnussflips-und-kellerkind\/#breadcrumb\"},\"inLanguage\":\"de\",\"potentialAction\":[{\"@type\":\"ReadAction\",\"target\":[\"https:\/\/audiologyblog.phonakpro.com\/de\/erdnussflips-und-kellerkind\/\"]}]},{\"@type\":\"ImageObject\",\"inLanguage\":\"de\",\"@id\":\"https:\/\/audiologyblog.phonakpro.com\/de\/erdnussflips-und-kellerkind\/#primaryimage\",\"url\":\"https:\/\/audiologyblog.phonakpro.com\/wp-content\/uploads\/2019\/09\/P1011122-scaled.jpg\",\"contentUrl\":\"https:\/\/audiologyblog.phonakpro.com\/wp-content\/uploads\/2019\/09\/P1011122-scaled.jpg\",\"width\":2560,\"height\":1442},{\"@type\":\"BreadcrumbList\",\"@id\":\"https:\/\/audiologyblog.phonakpro.com\/de\/erdnussflips-und-kellerkind\/#breadcrumb\",\"itemListElement\":[{\"@type\":\"ListItem\",\"position\":1,\"name\":\"Home\",\"item\":\"https:\/\/audiologyblog.phonakpro.com\/de\/\"},{\"@type\":\"ListItem\",\"position\":2,\"name\":\"Podcast #01: Erdnussflips und Kellerkind\"}]},{\"@type\":\"WebSite\",\"@id\":\"https:\/\/audiologyblog.phonakpro.com\/#website\",\"url\":\"https:\/\/audiologyblog.phonakpro.com\/\",\"name\":\"Phonak Audiology Blog - Phonak Pro - life is on\",\"description\":\"1The Phonak Audiology Blog presents audiological topics, research and hearing technology updates from experts at Phonak and across the hearing industry.\",\"publisher\":{\"@id\":\"https:\/\/audiologyblog.phonakpro.com\/#organization\"},\"potentialAction\":[{\"@type\":\"SearchAction\",\"target\":{\"@type\":\"EntryPoint\",\"urlTemplate\":\"https:\/\/audiologyblog.phonakpro.com\/?s={search_term_string}\"},\"query-input\":{\"@type\":\"PropertyValueSpecification\",\"valueRequired\":true,\"valueName\":\"search_term_string\"}}],\"inLanguage\":\"de\"},{\"@type\":\"Organization\",\"@id\":\"https:\/\/audiologyblog.phonakpro.com\/#organization\",\"name\":\"Phonak Audiology Blog - Phonak Pro - life is on\",\"url\":\"https:\/\/audiologyblog.phonakpro.com\/\",\"logo\":{\"@type\":\"ImageObject\",\"inLanguage\":\"de\",\"@id\":\"https:\/\/audiologyblog.phonakpro.com\/#\/schema\/logo\/image\/\",\"url\":\"https:\/\/audiologyblog.phonakpro.com\/wp-content\/uploads\/2016\/09\/Logo_Phonak_life_is_on_pos_RGB_300dpi.jpg\",\"contentUrl\":\"https:\/\/audiologyblog.phonakpro.com\/wp-content\/uploads\/2016\/09\/Logo_Phonak_life_is_on_pos_RGB_300dpi.jpg\",\"width\":1630,\"height\":863,\"caption\":\"Phonak Audiology Blog - Phonak Pro - life is on\"},\"image\":{\"@id\":\"https:\/\/audiologyblog.phonakpro.com\/#\/schema\/logo\/image\/\"},\"sameAs\":[\"https:\/\/www.facebook.com\/phonak\",\"https:\/\/x.com\/phonak\",\"https:\/\/www.instagram.com\/phonak\",\"https:\/\/www.linkedin.com\/company\/phonak\",\"https:\/\/www.youtube.com\/c\/phonak\"]},{\"@type\":\"Person\",\"@id\":\"https:\/\/audiologyblog.phonakpro.com\/#\/schema\/person\/3a26551cc313214fbea4a0a434335486\",\"name\":\"Christine Weidner\",\"description\":\"Christine ist seit 2017 als Projektmanagerin Digitales Lernen bei Phonak t\u00e4tig. Neben der Betreuung dieses Audiologie Blogs verantwortet sie die Online-Trainings sowie die Phonak Learning Plattform und l\u00e4sst die H\u00f6rakustik in die virtuelle Welt des Lernens eintauchen.\",\"url\":\"https:\/\/audiologyblog.phonakpro.com\/de\/author\/weidner-christine\/\"}]}<\/script>\n<!-- \/ Yoast SEO plugin. -->","yoast_head_json":{"title":"Podcast #01: Erdnussflips und Kellerkind | Audiology Blog","robots":{"index":"index","follow":"follow","max-snippet":"max-snippet:-1","max-image-preview":"max-image-preview:large","max-video-preview":"max-video-preview:-1"},"canonical":"https:\/\/audiologyblog.phonakpro.com\/de\/erdnussflips-und-kellerkind\/","og_locale":"de_DE","og_type":"article","og_title":"Podcast #01: Erdnussflips und Kellerkind | Audiology Blog","og_description":"Pers\u00f6nlich, herzlich und mit einem Hauch von Humor: P\u00fcnktlich zum Internationalen Podcast-Tag stellen wir den neuen Audiologie-Podcast powered by Phonak vor: Der H\u00f6rakustiker.","og_url":"https:\/\/audiologyblog.phonakpro.com\/de\/erdnussflips-und-kellerkind\/","og_site_name":"Phonak Audiology Blog - Phonak Pro - life is on","article_publisher":"https:\/\/www.facebook.com\/phonak","article_published_time":"2019-09-30T09:08:56+00:00","article_modified_time":"2019-09-30T13:21:53+00:00","og_image":[{"width":2560,"height":1442,"url":"https:\/\/audiologyblog.phonakpro.com\/wp-content\/uploads\/2019\/09\/P1011122-scaled.jpg","type":"image\/jpeg"}],"author":"Christine Weidner","twitter_card":"summary_large_image","twitter_creator":"@phonak","twitter_site":"@phonak","twitter_misc":{"Verfasst von":"Christine Weidner","Gesch\u00e4tzte Lesezeit":"4\u00a0Minuten"},"schema":{"@context":"https:\/\/schema.org","@graph":[{"@type":"Article","@id":"https:\/\/audiologyblog.phonakpro.com\/de\/erdnussflips-und-kellerkind\/#article","isPartOf":{"@id":"https:\/\/audiologyblog.phonakpro.com\/de\/erdnussflips-und-kellerkind\/"},"author":{"name":"Christine Weidner","@id":"https:\/\/audiologyblog.phonakpro.com\/#\/schema\/person\/3a26551cc313214fbea4a0a434335486"},"headline":"Podcast #01: Erdnussflips und Kellerkind","datePublished":"2019-09-30T09:08:56+00:00","dateModified":"2019-09-30T13:21:53+00:00","mainEntityOfPage":{"@id":"https:\/\/audiologyblog.phonakpro.com\/de\/erdnussflips-und-kellerkind\/"},"wordCount":789,"commentCount":0,"publisher":{"@id":"https:\/\/audiologyblog.phonakpro.com\/#organization"},"image":{"@id":"https:\/\/audiologyblog.phonakpro.com\/de\/erdnussflips-und-kellerkind\/#primaryimage"},"thumbnailUrl":"https:\/\/audiologyblog.phonakpro.com\/wp-content\/uploads\/2019\/09\/P1011122-scaled.jpg","articleSection":["Aus der Praxis"],"inLanguage":"de","potentialAction":[{"@type":"CommentAction","name":"Comment","target":["https:\/\/audiologyblog.phonakpro.com\/de\/erdnussflips-und-kellerkind\/#respond"]}]},{"@type":"WebPage","@id":"https:\/\/audiologyblog.phonakpro.com\/de\/erdnussflips-und-kellerkind\/","url":"https:\/\/audiologyblog.phonakpro.com\/de\/erdnussflips-und-kellerkind\/","name":"Podcast #01: Erdnussflips und Kellerkind | Audiology Blog","isPartOf":{"@id":"https:\/\/audiologyblog.phonakpro.com\/#website"},"primaryImageOfPage":{"@id":"https:\/\/audiologyblog.phonakpro.com\/de\/erdnussflips-und-kellerkind\/#primaryimage"},"image":{"@id":"https:\/\/audiologyblog.phonakpro.com\/de\/erdnussflips-und-kellerkind\/#primaryimage"},"thumbnailUrl":"https:\/\/audiologyblog.phonakpro.com\/wp-content\/uploads\/2019\/09\/P1011122-scaled.jpg","datePublished":"2019-09-30T09:08:56+00:00","dateModified":"2019-09-30T13:21:53+00:00","breadcrumb":{"@id":"https:\/\/audiologyblog.phonakpro.com\/de\/erdnussflips-und-kellerkind\/#breadcrumb"},"inLanguage":"de","potentialAction":[{"@type":"ReadAction","target":["https:\/\/audiologyblog.phonakpro.com\/de\/erdnussflips-und-kellerkind\/"]}]},{"@type":"ImageObject","inLanguage":"de","@id":"https:\/\/audiologyblog.phonakpro.com\/de\/erdnussflips-und-kellerkind\/#primaryimage","url":"https:\/\/audiologyblog.phonakpro.com\/wp-content\/uploads\/2019\/09\/P1011122-scaled.jpg","contentUrl":"https:\/\/audiologyblog.phonakpro.com\/wp-content\/uploads\/2019\/09\/P1011122-scaled.jpg","width":2560,"height":1442},{"@type":"BreadcrumbList","@id":"https:\/\/audiologyblog.phonakpro.com\/de\/erdnussflips-und-kellerkind\/#breadcrumb","itemListElement":[{"@type":"ListItem","position":1,"name":"Home","item":"https:\/\/audiologyblog.phonakpro.com\/de\/"},{"@type":"ListItem","position":2,"name":"Podcast #01: Erdnussflips und Kellerkind"}]},{"@type":"WebSite","@id":"https:\/\/audiologyblog.phonakpro.com\/#website","url":"https:\/\/audiologyblog.phonakpro.com\/","name":"Phonak Audiology Blog - Phonak Pro - life is on","description":"1The Phonak Audiology Blog presents audiological topics, research and hearing technology updates from experts at Phonak and across the hearing industry.","publisher":{"@id":"https:\/\/audiologyblog.phonakpro.com\/#organization"},"potentialAction":[{"@type":"SearchAction","target":{"@type":"EntryPoint","urlTemplate":"https:\/\/audiologyblog.phonakpro.com\/?s={search_term_string}"},"query-input":{"@type":"PropertyValueSpecification","valueRequired":true,"valueName":"search_term_string"}}],"inLanguage":"de"},{"@type":"Organization","@id":"https:\/\/audiologyblog.phonakpro.com\/#organization","name":"Phonak Audiology Blog - Phonak Pro - life is on","url":"https:\/\/audiologyblog.phonakpro.com\/","logo":{"@type":"ImageObject","inLanguage":"de","@id":"https:\/\/audiologyblog.phonakpro.com\/#\/schema\/logo\/image\/","url":"https:\/\/audiologyblog.phonakpro.com\/wp-content\/uploads\/2016\/09\/Logo_Phonak_life_is_on_pos_RGB_300dpi.jpg","contentUrl":"https:\/\/audiologyblog.phonakpro.com\/wp-content\/uploads\/2016\/09\/Logo_Phonak_life_is_on_pos_RGB_300dpi.jpg","width":1630,"height":863,"caption":"Phonak Audiology Blog - Phonak Pro - life is on"},"image":{"@id":"https:\/\/audiologyblog.phonakpro.com\/#\/schema\/logo\/image\/"},"sameAs":["https:\/\/www.facebook.com\/phonak","https:\/\/x.com\/phonak","https:\/\/www.instagram.com\/phonak","https:\/\/www.linkedin.com\/company\/phonak","https:\/\/www.youtube.com\/c\/phonak"]},{"@type":"Person","@id":"https:\/\/audiologyblog.phonakpro.com\/#\/schema\/person\/3a26551cc313214fbea4a0a434335486","name":"Christine Weidner","description":"Christine ist seit 2017 als Projektmanagerin Digitales Lernen bei Phonak t\u00e4tig. Neben der Betreuung dieses Audiologie Blogs verantwortet sie die Online-Trainings sowie die Phonak Learning Plattform und l\u00e4sst die H\u00f6rakustik in die virtuelle Welt des Lernens eintauchen.","url":"https:\/\/audiologyblog.phonakpro.com\/de\/author\/weidner-christine\/"}]}},"_links":{"self":[{"href":"https:\/\/audiologyblog.phonakpro.com\/de\/wp-json\/wp\/v2\/posts\/7913","targetHints":{"allow":["GET"]}}],"collection":[{"href":"https:\/\/audiologyblog.phonakpro.com\/de\/wp-json\/wp\/v2\/posts"}],"about":[{"href":"https:\/\/audiologyblog.phonakpro.com\/de\/wp-json\/wp\/v2\/types\/post"}],"author":[{"embeddable":true,"href":"https:\/\/audiologyblog.phonakpro.com\/de\/wp-json\/wp\/v2\/users\/59"}],"replies":[{"embeddable":true,"href":"https:\/\/audiologyblog.phonakpro.com\/de\/wp-json\/wp\/v2\/comments?post=7913"}],"version-history":[{"count":24,"href":"https:\/\/audiologyblog.phonakpro.com\/de\/wp-json\/wp\/v2\/posts\/7913\/revisions"}],"predecessor-version":[{"id":7994,"href":"https:\/\/audiologyblog.phonakpro.com\/de\/wp-json\/wp\/v2\/posts\/7913\/revisions\/7994"}],"wp:featuredmedia":[{"embeddable":true,"href":"https:\/\/audiologyblog.phonakpro.com\/de\/wp-json\/wp\/v2\/media\/7915"}],"wp:attachment":[{"href":"https:\/\/audiologyblog.phonakpro.com\/de\/wp-json\/wp\/v2\/media?parent=7913"}],"wp:term":[{"taxonomy":"category","embeddable":true,"href":"https:\/\/audiologyblog.phonakpro.com\/de\/wp-json\/wp\/v2\/categories?post=7913"},{"taxonomy":"post_tag","embeddable":true,"href":"https:\/\/audiologyblog.phonakpro.com\/de\/wp-json\/wp\/v2\/tags?post=7913"}],"curies":[{"name":"wp","href":"https:\/\/api.w.org\/{rel}","templated":true}]}}