{"id":7399,"date":"2019-06-19T10:50:42","date_gmt":"2019-06-19T08:50:42","guid":{"rendered":"https:\/\/audiologyblog.phonakpro.com\/?p=7399"},"modified":"2019-09-05T16:47:42","modified_gmt":"2019-09-05T14:47:42","slug":"7399","status":"publish","type":"post","link":"https:\/\/audiologyblog.phonakpro.com\/de\/7399\/","title":{"rendered":"Kunden einladen"},"content":{"rendered":"<p><strong>SCHRITT 1:<\/strong> Steffen Kohl verr\u00e4t Ihnen, wie Sie an Ihre Kunden herantreten k\u00f6nnen.<\/p>\n<p><a href=\"https:\/\/audiologyblog.phonakpro.com\/de\/7399\/mmm-kunden-einladen-1\/\" rel=\"attachment wp-att-7526\"><img loading=\"lazy\" decoding=\"async\" class=\"size-full wp-image-7526 aligncenter\" src=\"https:\/\/audiologyblog.phonakpro.com\/wp-content\/uploads\/2019\/07\/MMM-Kunden-einladen-1.png\" alt=\"\" width=\"979\" height=\"654\" srcset=\"https:\/\/audiologyblog.phonakpro.com\/wp-content\/uploads\/2019\/07\/MMM-Kunden-einladen-1.png 979w, https:\/\/audiologyblog.phonakpro.com\/wp-content\/uploads\/2019\/07\/MMM-Kunden-einladen-1-582x389.png 582w, https:\/\/audiologyblog.phonakpro.com\/wp-content\/uploads\/2019\/07\/MMM-Kunden-einladen-1-310x207.png 310w, https:\/\/audiologyblog.phonakpro.com\/wp-content\/uploads\/2019\/07\/MMM-Kunden-einladen-1-590x394.png 590w, https:\/\/audiologyblog.phonakpro.com\/wp-content\/uploads\/2019\/07\/MMM-Kunden-einladen-1-802x536.png 802w, https:\/\/audiologyblog.phonakpro.com\/wp-content\/uploads\/2019\/07\/MMM-Kunden-einladen-1-748x500.png 748w\" sizes=\"auto, (max-width: 979px) 100vw, 979px\" \/><\/a><iframe loading=\"lazy\" src=\"\/\/player.vimeo.com\/video\/350277402?title=0&amp;byline=0&amp;portrait=0&amp;color=8dc7dc\" width=\"1300\" height=\"750\" allowfullscreen=\"allowfullscreen\"><\/iframe><\/p>\n<p><strong>Hintergrundinformation:<\/strong> Wenn Sie sehen wollen, wo die Grenzen von H\u00f6rger\u00e4ten liegen und mit welcher Technik Sie Ihre Kunden trotzdem vollumf\u00e4nglich versorgen k\u00f6nnen, klicken Sie auf das nachfolgende Video von Daniel Vatlach:<\/p>\n<p style=\"text-align: center;\"><iframe loading=\"lazy\" src=\"\/\/player.vimeo.com\/video\/350280841?title=0&amp;byline=0&amp;portrait=0&amp;color=8dc7dc\" width=\"1300\" height=\"750\" allowfullscreen=\"allowfullscreen\"><\/iframe><\/p>\n<p>Hier finden Sie weitere Informationen \u00fcber das Rundum-Marketing-Angebot zum Herunterladen:<\/p>\n<p><a href=\"https:\/\/audiologyblog.phonakpro.com\/de\/7399\/one-pager-bestandskunden\/\" target=\"_blank\" rel=\"attachment noopener wp-att-7539 noreferrer\">One Pager Bestandskunden<\/a><\/p>\n<p><a href=\"https:\/\/audiologyblog.phonakpro.com\/de\/7399\/anschreiben_bestandskundenmailing_wiederversorgungen\/\" target=\"_blank\" rel=\"attachment noopener wp-att-7533 noreferrer\">Anschreiben_Bestandskundenmailing_Wiederversorgungen<\/a><\/p>\n<p><a href=\"https:\/\/audiologyblog.phonakpro.com\/de\/7399\/bestandskundeneinladung_marvel_wiederversorgungen\/\" target=\"_blank\" rel=\"attachment noopener wp-att-7537 noreferrer\">Bestandskundeneinladung_Marvel_Wiederversorgungen<\/a><\/p>\n<p><a href=\"https:\/\/audiologyblog.phonakpro.com\/de\/7399\/anschreiben_bestandskundenmailing_marvel-traeger\/\" target=\"_blank\" rel=\"attachment noopener wp-att-7543 noreferrer\">Anschreiben_Bestandskundenmailing_Marvel-Tr\u00e4ger<\/a><\/p>\n<p><a href=\"https:\/\/audiologyblog.phonakpro.com\/de\/7399\/bestandskundeneinladung_marvel-traeger_din-lang\/\" target=\"_blank\" rel=\"attachment noopener wp-att-7545 noreferrer\">Bestandskundeneinladung_Marvel-Tr\u00e4ger_DIN lang<\/a><\/p>\n<p><a href=\"https:\/\/audiologyblog.phonakpro.com\/de\/7399\/one-pager-warum-ist-roger-wichtig\/\" target=\"_blank\" rel=\"attachment noopener wp-att-7541 noreferrer\">One Pager Warum ist Roger wichtig<\/a><\/p>\n<p>&nbsp;<\/p>\n<p><strong>Weiter zu Schritt 2: <\/strong><a href=\"https:\/\/audiologyblog.phonakpro.com\/de\/die-richtige-einstiegsfrage\/\">Hier klicken<\/a><\/p>\n<p>&nbsp;<\/p>\n","protected":false},"excerpt":{"rendered":"<p>Ihr Potenzial ist greifbar nahe<\/p>\n","protected":false},"author":85,"featured_media":7529,"comment_status":"open","ping_status":"open","sticky":false,"template":"","format":"standard","meta":{"footnotes":""},"categories":[38],"tags":[],"class_list":["post-7399","post","type-post","status-publish","format-standard","has-post-thumbnail","hentry","category-marvel-magic-moment"],"acf":[],"yoast_head":"<!-- This site is optimized with the Yoast SEO plugin v25.9 - https:\/\/yoast.com\/wordpress\/plugins\/seo\/ -->\n<title>Kunden einladen | Audiology Blog<\/title>\n<meta name=\"robots\" content=\"index, follow, max-snippet:-1, max-image-preview:large, max-video-preview:-1\" \/>\n<link rel=\"canonical\" href=\"https:\/\/audiologyblog.phonakpro.com\/de\/7399\/\" \/>\n<meta property=\"og:locale\" content=\"de_DE\" \/>\n<meta property=\"og:type\" content=\"article\" \/>\n<meta property=\"og:title\" content=\"Kunden einladen | Audiology Blog\" \/>\n<meta property=\"og:description\" content=\"Ihr Potenzial ist greifbar nahe\" \/>\n<meta property=\"og:url\" content=\"https:\/\/audiologyblog.phonakpro.com\/de\/7399\/\" \/>\n<meta property=\"og:site_name\" content=\"Phonak Audiology Blog - Phonak Pro - life is on\" \/>\n<meta property=\"article:publisher\" content=\"https:\/\/www.facebook.com\/phonak\" \/>\n<meta property=\"article:published_time\" content=\"2019-06-19T08:50:42+00:00\" \/>\n<meta property=\"article:modified_time\" content=\"2019-09-05T14:47:42+00:00\" \/>\n<meta property=\"og:image\" content=\"https:\/\/audiologyblog.phonakpro.com\/wp-content\/uploads\/2019\/07\/Danie-Steffen-scaled.jpg\" \/>\n\t<meta property=\"og:image:width\" content=\"2560\" \/>\n\t<meta property=\"og:image:height\" content=\"1152\" \/>\n\t<meta property=\"og:image:type\" content=\"image\/jpeg\" \/>\n<meta name=\"author\" content=\"Steffen Kohl\" \/>\n<meta name=\"twitter:card\" content=\"summary_large_image\" \/>\n<meta name=\"twitter:creator\" content=\"@phonak\" \/>\n<meta name=\"twitter:site\" content=\"@phonak\" \/>\n<meta name=\"twitter:label1\" content=\"Verfasst von\" \/>\n\t<meta name=\"twitter:data1\" content=\"Steffen Kohl\" \/>\n<script type=\"application\/ld+json\" class=\"yoast-schema-graph\">{\"@context\":\"https:\/\/schema.org\",\"@graph\":[{\"@type\":\"Article\",\"@id\":\"https:\/\/audiologyblog.phonakpro.com\/de\/7399\/#article\",\"isPartOf\":{\"@id\":\"https:\/\/audiologyblog.phonakpro.com\/de\/7399\/\"},\"author\":{\"name\":\"Steffen Kohl\",\"@id\":\"https:\/\/audiologyblog.phonakpro.com\/#\/schema\/person\/b59a531b2d01464348f843e2063923c2\"},\"headline\":\"Kunden einladen\",\"datePublished\":\"2019-06-19T08:50:42+00:00\",\"dateModified\":\"2019-09-05T14:47:42+00:00\",\"mainEntityOfPage\":{\"@id\":\"https:\/\/audiologyblog.phonakpro.com\/de\/7399\/\"},\"wordCount\":92,\"commentCount\":0,\"publisher\":{\"@id\":\"https:\/\/audiologyblog.phonakpro.com\/#organization\"},\"image\":{\"@id\":\"https:\/\/audiologyblog.phonakpro.com\/de\/7399\/#primaryimage\"},\"thumbnailUrl\":\"https:\/\/audiologyblog.phonakpro.com\/wp-content\/uploads\/2019\/07\/Danie-Steffen-scaled.jpg\",\"articleSection\":[\"Marvel Magic Moment\"],\"inLanguage\":\"de\",\"potentialAction\":[{\"@type\":\"CommentAction\",\"name\":\"Comment\",\"target\":[\"https:\/\/audiologyblog.phonakpro.com\/de\/7399\/#respond\"]}]},{\"@type\":\"WebPage\",\"@id\":\"https:\/\/audiologyblog.phonakpro.com\/de\/7399\/\",\"url\":\"https:\/\/audiologyblog.phonakpro.com\/de\/7399\/\",\"name\":\"Kunden einladen | Audiology Blog\",\"isPartOf\":{\"@id\":\"https:\/\/audiologyblog.phonakpro.com\/#website\"},\"primaryImageOfPage\":{\"@id\":\"https:\/\/audiologyblog.phonakpro.com\/de\/7399\/#primaryimage\"},\"image\":{\"@id\":\"https:\/\/audiologyblog.phonakpro.com\/de\/7399\/#primaryimage\"},\"thumbnailUrl\":\"https:\/\/audiologyblog.phonakpro.com\/wp-content\/uploads\/2019\/07\/Danie-Steffen-scaled.jpg\",\"datePublished\":\"2019-06-19T08:50:42+00:00\",\"dateModified\":\"2019-09-05T14:47:42+00:00\",\"breadcrumb\":{\"@id\":\"https:\/\/audiologyblog.phonakpro.com\/de\/7399\/#breadcrumb\"},\"inLanguage\":\"de\",\"potentialAction\":[{\"@type\":\"ReadAction\",\"target\":[\"https:\/\/audiologyblog.phonakpro.com\/de\/7399\/\"]}]},{\"@type\":\"ImageObject\",\"inLanguage\":\"de\",\"@id\":\"https:\/\/audiologyblog.phonakpro.com\/de\/7399\/#primaryimage\",\"url\":\"https:\/\/audiologyblog.phonakpro.com\/wp-content\/uploads\/2019\/07\/Danie-Steffen-scaled.jpg\",\"contentUrl\":\"https:\/\/audiologyblog.phonakpro.com\/wp-content\/uploads\/2019\/07\/Danie-Steffen-scaled.jpg\",\"width\":2560,\"height\":1152},{\"@type\":\"BreadcrumbList\",\"@id\":\"https:\/\/audiologyblog.phonakpro.com\/de\/7399\/#breadcrumb\",\"itemListElement\":[{\"@type\":\"ListItem\",\"position\":1,\"name\":\"Home\",\"item\":\"https:\/\/audiologyblog.phonakpro.com\/de\/\"},{\"@type\":\"ListItem\",\"position\":2,\"name\":\"Kunden einladen\"}]},{\"@type\":\"WebSite\",\"@id\":\"https:\/\/audiologyblog.phonakpro.com\/#website\",\"url\":\"https:\/\/audiologyblog.phonakpro.com\/\",\"name\":\"Phonak Audiology Blog - Phonak Pro - life is on\",\"description\":\"1The Phonak Audiology Blog presents audiological topics, research and hearing technology updates from experts at Phonak and across the hearing industry.\",\"publisher\":{\"@id\":\"https:\/\/audiologyblog.phonakpro.com\/#organization\"},\"potentialAction\":[{\"@type\":\"SearchAction\",\"target\":{\"@type\":\"EntryPoint\",\"urlTemplate\":\"https:\/\/audiologyblog.phonakpro.com\/?s={search_term_string}\"},\"query-input\":{\"@type\":\"PropertyValueSpecification\",\"valueRequired\":true,\"valueName\":\"search_term_string\"}}],\"inLanguage\":\"de\"},{\"@type\":\"Organization\",\"@id\":\"https:\/\/audiologyblog.phonakpro.com\/#organization\",\"name\":\"Phonak Audiology Blog - Phonak Pro - life is on\",\"url\":\"https:\/\/audiologyblog.phonakpro.com\/\",\"logo\":{\"@type\":\"ImageObject\",\"inLanguage\":\"de\",\"@id\":\"https:\/\/audiologyblog.phonakpro.com\/#\/schema\/logo\/image\/\",\"url\":\"https:\/\/audiologyblog.phonakpro.com\/wp-content\/uploads\/2016\/09\/Logo_Phonak_life_is_on_pos_RGB_300dpi.jpg\",\"contentUrl\":\"https:\/\/audiologyblog.phonakpro.com\/wp-content\/uploads\/2016\/09\/Logo_Phonak_life_is_on_pos_RGB_300dpi.jpg\",\"width\":1630,\"height\":863,\"caption\":\"Phonak Audiology Blog - Phonak Pro - life is on\"},\"image\":{\"@id\":\"https:\/\/audiologyblog.phonakpro.com\/#\/schema\/logo\/image\/\"},\"sameAs\":[\"https:\/\/www.facebook.com\/phonak\",\"https:\/\/x.com\/phonak\",\"https:\/\/www.instagram.com\/phonak\",\"https:\/\/www.linkedin.com\/company\/phonak\",\"https:\/\/www.youtube.com\/c\/phonak\"]},{\"@type\":\"Person\",\"@id\":\"https:\/\/audiologyblog.phonakpro.com\/#\/schema\/person\/b59a531b2d01464348f843e2063923c2\",\"name\":\"Steffen Kohl\",\"description\":\"Der Fachkaufmann f\u00fcr Marketing ist seit 2002 im Phonak Team. Sein Schwerpunkt liegt auf der Konzeption von Werbekampagnen, PoS-Materialien und Events. Dabei hat er immer ein Ziel vor Augen: die H\u00f6rakustiker in ihrem Marketing und Vertrieb optimal zu unterst\u00fctzen.\",\"url\":\"https:\/\/audiologyblog.phonakpro.com\/de\/author\/steffen-kohl\/\"}]}<\/script>\n<!-- \/ Yoast SEO plugin. -->","yoast_head_json":{"title":"Kunden einladen | Audiology Blog","robots":{"index":"index","follow":"follow","max-snippet":"max-snippet:-1","max-image-preview":"max-image-preview:large","max-video-preview":"max-video-preview:-1"},"canonical":"https:\/\/audiologyblog.phonakpro.com\/de\/7399\/","og_locale":"de_DE","og_type":"article","og_title":"Kunden einladen | Audiology Blog","og_description":"Ihr Potenzial ist greifbar nahe","og_url":"https:\/\/audiologyblog.phonakpro.com\/de\/7399\/","og_site_name":"Phonak Audiology Blog - Phonak Pro - life is on","article_publisher":"https:\/\/www.facebook.com\/phonak","article_published_time":"2019-06-19T08:50:42+00:00","article_modified_time":"2019-09-05T14:47:42+00:00","og_image":[{"width":2560,"height":1152,"url":"https:\/\/audiologyblog.phonakpro.com\/wp-content\/uploads\/2019\/07\/Danie-Steffen-scaled.jpg","type":"image\/jpeg"}],"author":"Steffen Kohl","twitter_card":"summary_large_image","twitter_creator":"@phonak","twitter_site":"@phonak","twitter_misc":{"Verfasst von":"Steffen Kohl"},"schema":{"@context":"https:\/\/schema.org","@graph":[{"@type":"Article","@id":"https:\/\/audiologyblog.phonakpro.com\/de\/7399\/#article","isPartOf":{"@id":"https:\/\/audiologyblog.phonakpro.com\/de\/7399\/"},"author":{"name":"Steffen Kohl","@id":"https:\/\/audiologyblog.phonakpro.com\/#\/schema\/person\/b59a531b2d01464348f843e2063923c2"},"headline":"Kunden einladen","datePublished":"2019-06-19T08:50:42+00:00","dateModified":"2019-09-05T14:47:42+00:00","mainEntityOfPage":{"@id":"https:\/\/audiologyblog.phonakpro.com\/de\/7399\/"},"wordCount":92,"commentCount":0,"publisher":{"@id":"https:\/\/audiologyblog.phonakpro.com\/#organization"},"image":{"@id":"https:\/\/audiologyblog.phonakpro.com\/de\/7399\/#primaryimage"},"thumbnailUrl":"https:\/\/audiologyblog.phonakpro.com\/wp-content\/uploads\/2019\/07\/Danie-Steffen-scaled.jpg","articleSection":["Marvel Magic Moment"],"inLanguage":"de","potentialAction":[{"@type":"CommentAction","name":"Comment","target":["https:\/\/audiologyblog.phonakpro.com\/de\/7399\/#respond"]}]},{"@type":"WebPage","@id":"https:\/\/audiologyblog.phonakpro.com\/de\/7399\/","url":"https:\/\/audiologyblog.phonakpro.com\/de\/7399\/","name":"Kunden einladen | Audiology Blog","isPartOf":{"@id":"https:\/\/audiologyblog.phonakpro.com\/#website"},"primaryImageOfPage":{"@id":"https:\/\/audiologyblog.phonakpro.com\/de\/7399\/#primaryimage"},"image":{"@id":"https:\/\/audiologyblog.phonakpro.com\/de\/7399\/#primaryimage"},"thumbnailUrl":"https:\/\/audiologyblog.phonakpro.com\/wp-content\/uploads\/2019\/07\/Danie-Steffen-scaled.jpg","datePublished":"2019-06-19T08:50:42+00:00","dateModified":"2019-09-05T14:47:42+00:00","breadcrumb":{"@id":"https:\/\/audiologyblog.phonakpro.com\/de\/7399\/#breadcrumb"},"inLanguage":"de","potentialAction":[{"@type":"ReadAction","target":["https:\/\/audiologyblog.phonakpro.com\/de\/7399\/"]}]},{"@type":"ImageObject","inLanguage":"de","@id":"https:\/\/audiologyblog.phonakpro.com\/de\/7399\/#primaryimage","url":"https:\/\/audiologyblog.phonakpro.com\/wp-content\/uploads\/2019\/07\/Danie-Steffen-scaled.jpg","contentUrl":"https:\/\/audiologyblog.phonakpro.com\/wp-content\/uploads\/2019\/07\/Danie-Steffen-scaled.jpg","width":2560,"height":1152},{"@type":"BreadcrumbList","@id":"https:\/\/audiologyblog.phonakpro.com\/de\/7399\/#breadcrumb","itemListElement":[{"@type":"ListItem","position":1,"name":"Home","item":"https:\/\/audiologyblog.phonakpro.com\/de\/"},{"@type":"ListItem","position":2,"name":"Kunden einladen"}]},{"@type":"WebSite","@id":"https:\/\/audiologyblog.phonakpro.com\/#website","url":"https:\/\/audiologyblog.phonakpro.com\/","name":"Phonak Audiology Blog - Phonak Pro - life is on","description":"1The Phonak Audiology Blog presents audiological topics, research and hearing technology updates from experts at Phonak and across the hearing industry.","publisher":{"@id":"https:\/\/audiologyblog.phonakpro.com\/#organization"},"potentialAction":[{"@type":"SearchAction","target":{"@type":"EntryPoint","urlTemplate":"https:\/\/audiologyblog.phonakpro.com\/?s={search_term_string}"},"query-input":{"@type":"PropertyValueSpecification","valueRequired":true,"valueName":"search_term_string"}}],"inLanguage":"de"},{"@type":"Organization","@id":"https:\/\/audiologyblog.phonakpro.com\/#organization","name":"Phonak Audiology Blog - Phonak Pro - life is on","url":"https:\/\/audiologyblog.phonakpro.com\/","logo":{"@type":"ImageObject","inLanguage":"de","@id":"https:\/\/audiologyblog.phonakpro.com\/#\/schema\/logo\/image\/","url":"https:\/\/audiologyblog.phonakpro.com\/wp-content\/uploads\/2016\/09\/Logo_Phonak_life_is_on_pos_RGB_300dpi.jpg","contentUrl":"https:\/\/audiologyblog.phonakpro.com\/wp-content\/uploads\/2016\/09\/Logo_Phonak_life_is_on_pos_RGB_300dpi.jpg","width":1630,"height":863,"caption":"Phonak Audiology Blog - Phonak Pro - life is on"},"image":{"@id":"https:\/\/audiologyblog.phonakpro.com\/#\/schema\/logo\/image\/"},"sameAs":["https:\/\/www.facebook.com\/phonak","https:\/\/x.com\/phonak","https:\/\/www.instagram.com\/phonak","https:\/\/www.linkedin.com\/company\/phonak","https:\/\/www.youtube.com\/c\/phonak"]},{"@type":"Person","@id":"https:\/\/audiologyblog.phonakpro.com\/#\/schema\/person\/b59a531b2d01464348f843e2063923c2","name":"Steffen Kohl","description":"Der Fachkaufmann f\u00fcr Marketing ist seit 2002 im Phonak Team. Sein Schwerpunkt liegt auf der Konzeption von Werbekampagnen, PoS-Materialien und Events. Dabei hat er immer ein Ziel vor Augen: die H\u00f6rakustiker in ihrem Marketing und Vertrieb optimal zu unterst\u00fctzen.","url":"https:\/\/audiologyblog.phonakpro.com\/de\/author\/steffen-kohl\/"}]}},"_links":{"self":[{"href":"https:\/\/audiologyblog.phonakpro.com\/de\/wp-json\/wp\/v2\/posts\/7399","targetHints":{"allow":["GET"]}}],"collection":[{"href":"https:\/\/audiologyblog.phonakpro.com\/de\/wp-json\/wp\/v2\/posts"}],"about":[{"href":"https:\/\/audiologyblog.phonakpro.com\/de\/wp-json\/wp\/v2\/types\/post"}],"author":[{"embeddable":true,"href":"https:\/\/audiologyblog.phonakpro.com\/de\/wp-json\/wp\/v2\/users\/85"}],"replies":[{"embeddable":true,"href":"https:\/\/audiologyblog.phonakpro.com\/de\/wp-json\/wp\/v2\/comments?post=7399"}],"version-history":[{"count":17,"href":"https:\/\/audiologyblog.phonakpro.com\/de\/wp-json\/wp\/v2\/posts\/7399\/revisions"}],"predecessor-version":[{"id":7682,"href":"https:\/\/audiologyblog.phonakpro.com\/de\/wp-json\/wp\/v2\/posts\/7399\/revisions\/7682"}],"wp:featuredmedia":[{"embeddable":true,"href":"https:\/\/audiologyblog.phonakpro.com\/de\/wp-json\/wp\/v2\/media\/7529"}],"wp:attachment":[{"href":"https:\/\/audiologyblog.phonakpro.com\/de\/wp-json\/wp\/v2\/media?parent=7399"}],"wp:term":[{"taxonomy":"category","embeddable":true,"href":"https:\/\/audiologyblog.phonakpro.com\/de\/wp-json\/wp\/v2\/categories?post=7399"},{"taxonomy":"post_tag","embeddable":true,"href":"https:\/\/audiologyblog.phonakpro.com\/de\/wp-json\/wp\/v2\/tags?post=7399"}],"curies":[{"name":"wp","href":"https:\/\/api.w.org\/{rel}","templated":true}]}}