{"id":6173,"date":"2019-02-07T11:02:37","date_gmt":"2019-02-07T10:02:37","guid":{"rendered":"https:\/\/audiologyblog.phonakpro.com\/?p=6173"},"modified":"2019-02-13T15:36:54","modified_gmt":"2019-02-13T14:36:54","slug":"hoertests-zwischen-huehnern-und-geckos","status":"publish","type":"post","link":"https:\/\/audiologyblog.phonakpro.com\/de\/hoertests-zwischen-huehnern-und-geckos\/","title":{"rendered":"H\u00f6rtests zwischen H\u00fchnern und Geckos"},"content":{"rendered":"<p>Schon seit meinen ersten Stunden bei Phonak war es mein Wunsch, mit der <a href=\"https:\/\/www.hear-the-world.com\/de\">Hear the World Foundation<\/a> auf Reisen zu gehen und hilfsbed\u00fcrftigen Menschen zu einem besseren Leben zu verhelfen. Die Stiftung wurde 2006 von Phonak gegr\u00fcndet und unterst\u00fctzt insbesondere Kinder mit H\u00f6rverlust. Im M\u00e4rz 2018 war es dann endlich so weit: Ich bekam eine Zusage auf meine Bewerbung f\u00fcr ein Hilfsprojekt in Haiti!<\/p>\n<p>Am 10. Mai 2018 machte ich mich also mit 15 Moskitonetzen und einer Mischung aus Freude und Aufregung im Gep\u00e4ck auf den Weg nach Frankfurt an den Flughafen. Von dort ging es zun\u00e4chst nach Miami, wo ich die restlichen Kollegen traf, mit denen ich die n\u00e4chsten acht Tage in einem fremden Land mit komplett anderer Kultur verbringen durfte. Von Miami aus flogen wir gemeinsam zwei Stunden nach Port-au-Prince, der Hauptstadt von Haiti \u2013 einem der vier \u00e4rmsten L\u00e4nder der Welt.<\/p>\n<p>Die ersten Tage blieben wir in der Hauptstadt und brachten einer Gruppe Kinderkrankenschwestern bei, H\u00f6rscreenings und H\u00f6rtests bei Babys und Kleinkindern durchzuf\u00fchren. Mein Wissen gleich so direkt weiterzugeben war ein toller Einstieg!<\/p>\n<p>Anschlie\u00dfend machten wir uns auf nach Hinche, einer Stadt im Landesinneren, f\u00fcnf Stunden Autofahrt entfernt. Die Reise dorthin war mehr als abenteuerlich: Aufgrund der Regensaison stand das Wasser in den f\u00fcnf Fl\u00fcssen, die wir \u2013 nat\u00fcrlich! \u2013 ohne Br\u00fccke durchqueren mussten, sehr hoch. Zeitweise war nicht ganz klar, ob wir einen der Fl\u00fcsse \u00fcberhaupt passieren konnten: Ein aufregender Trip f\u00fcrs ganze Team!<\/p>\n<p>In Hinche angekommen wurden wir mit offenen Armen von Lehrern, Eltern, Freiwilligen und vielen Neugierigen empfangen. In kleinen Bungalows mit Bastd\u00e4chern, die normalerweise als Klassenzimmer dienen, haben wir unsere Stationen aufgebaut. Vor den Toren wurde unterdessen die Schlange von Menschen, die zu uns wollten, immer l\u00e4nger. Viele Eltern warteten mit ihren Kindern stundenlang geduldig in der prallen Sonne, nur in der Hoffnung, dass wir ihren Kindern eine kurze Zeit lang unsere Aufmerksamkeit schenken. Eine Familie ist zum Beispiel vier Stunden zu Fu\u00df durch den Dschungel gelaufen, nur damit wir ihr Kind untersuchen. Was au\u00dferdem total r\u00fchrend war: Die Eltern haben ihre Kinder extra f\u00fcr uns gebadet und in ihre sch\u00f6nsten Kleider gesteckt. Und trotzdem merkte man: Viele der wartenden Kinder waren krank und unterern\u00e4hrt.<\/p>\n<p>Als wir den Kindern in die Ohren schauten und diese reinigten, entdeckten wir so einiges: Oft waren kleine Haarspangen darin zu finden, teilweise aber auch Entz\u00fcndungen oder Krankheiten. Was f\u00fcr mich die gr\u00f6\u00dfte Herausforderung war? Das Vertrauen der Kinder zu gewinnen. Immerhin sprachen wir eine ganz andere Sprache und hatten eine andere Hautfarbe. Mit etwas Geduld und Einf\u00fchlungsverm\u00f6gen hat es aber immer geklappt. Was f\u00fcr ein unglaubliches Gef\u00fchl es ist, wenn ein Kind einem nach langer Zeit endlich vertraut oder einen am Ende auch noch in den Arm nimmt! Ein Kind, das au\u00dfer seiner Familie und dem Leben nichts besitzt, aber gl\u00fccklich ist und Dich anstrahlt.<\/p>\n<div id='gallery-1' class='gallery galleryid-6173 gallery-columns-3 gallery-size-thumbnail'><figure class='gallery-item'>\n\t\t\t<div class='gallery-icon landscape'>\n\t\t\t\t<a href='https:\/\/audiologyblog.phonakpro.com\/de\/hoertests-zwischen-huehnern-und-geckos\/d15-2\/'><img loading=\"lazy\" decoding=\"async\" width=\"275\" height=\"275\" src=\"https:\/\/audiologyblog.phonakpro.com\/wp-content\/uploads\/2019\/02\/d15-1-275x275.png\" class=\"attachment-thumbnail size-thumbnail\" alt=\"\" srcset=\"https:\/\/audiologyblog.phonakpro.com\/wp-content\/uploads\/2019\/02\/d15-1-275x275.png 275w, https:\/\/audiologyblog.phonakpro.com\/wp-content\/uploads\/2019\/02\/d15-1-100x100.png 100w\" sizes=\"auto, (max-width: 275px) 100vw, 275px\" \/><\/a>\n\t\t\t<\/div><\/figure><figure class='gallery-item'>\n\t\t\t<div class='gallery-icon landscape'>\n\t\t\t\t<a href='https:\/\/audiologyblog.phonakpro.com\/de\/hoertests-zwischen-huehnern-und-geckos\/f7\/'><img loading=\"lazy\" decoding=\"async\" width=\"275\" height=\"275\" src=\"https:\/\/audiologyblog.phonakpro.com\/wp-content\/uploads\/2019\/02\/f7-275x275.png\" class=\"attachment-thumbnail size-thumbnail\" alt=\"\" srcset=\"https:\/\/audiologyblog.phonakpro.com\/wp-content\/uploads\/2019\/02\/f7-275x275.png 275w, https:\/\/audiologyblog.phonakpro.com\/wp-content\/uploads\/2019\/02\/f7-100x100.png 100w\" sizes=\"auto, (max-width: 275px) 100vw, 275px\" \/><\/a>\n\t\t\t<\/div><\/figure><figure class='gallery-item'>\n\t\t\t<div class='gallery-icon landscape'>\n\t\t\t\t<a href='https:\/\/audiologyblog.phonakpro.com\/de\/hoertests-zwischen-huehnern-und-geckos\/c6\/'><img loading=\"lazy\" decoding=\"async\" width=\"275\" height=\"275\" src=\"https:\/\/audiologyblog.phonakpro.com\/wp-content\/uploads\/2019\/02\/c6-275x275.jpg\" class=\"attachment-thumbnail size-thumbnail\" alt=\"\" srcset=\"https:\/\/audiologyblog.phonakpro.com\/wp-content\/uploads\/2019\/02\/c6-275x275.jpg 275w, https:\/\/audiologyblog.phonakpro.com\/wp-content\/uploads\/2019\/02\/c6-1024x1024.jpg 1024w, https:\/\/audiologyblog.phonakpro.com\/wp-content\/uploads\/2019\/02\/c6-582x582.jpg 582w, https:\/\/audiologyblog.phonakpro.com\/wp-content\/uploads\/2019\/02\/c6-310x310.jpg 310w, https:\/\/audiologyblog.phonakpro.com\/wp-content\/uploads\/2019\/02\/c6-100x100.jpg 100w, https:\/\/audiologyblog.phonakpro.com\/wp-content\/uploads\/2019\/02\/c6-590x590.jpg 590w, https:\/\/audiologyblog.phonakpro.com\/wp-content\/uploads\/2019\/02\/c6-802x802.jpg 802w, https:\/\/audiologyblog.phonakpro.com\/wp-content\/uploads\/2019\/02\/c6-500x500.jpg 500w, https:\/\/audiologyblog.phonakpro.com\/wp-content\/uploads\/2019\/02\/c6.jpg 1080w\" sizes=\"auto, (max-width: 275px) 100vw, 275px\" \/><\/a>\n\t\t\t<\/div><\/figure>\n\t\t<\/div>\n\n<p>Zwei Tage lang haben wir bei tropischer Hitze mehr als zehn Stunden am Tag so viele Kinder wie m\u00f6glich untersucht und versorgt. Und das alles zwischen H\u00fchnern, neonfarbigen Geckos und der atemberaubenden Sch\u00f6nheit der Natur. Es war anstrengend, und ich glaube, jeder von uns kam an seine Grenzen \u2013 und dennoch war es das Sch\u00f6nste, was ich je getan habe!<\/p>\n<p>Den letzten Tag verbrachten wir in der Haiti Deaf Academy in Port-au-Prince. In dem Kinderheim sind viele Kinder bereits mit H\u00f6rsystemen versorgt. Hier machten wir uns daran, das Geh\u00f6r der Kinder zu \u00fcberpr\u00fcfen, die H\u00f6rsysteme zu reinigen und diese zu warten. Eine Szene, an die ich mich noch besonders gut erinnere: Ein Junge war ganz angetan von meinen Adern. Da ich sehr helle Haut habe, sind diese besonders gut zu sehen. Stundenlang ist er mit seinen kleinen Fingern an meinen Armen die Adern abgefahren. Ein weiterer G\u00e4nsehautmoment: Ein junges M\u00e4dchen hat an diesem Tag das erste Mal in ihrem Leben ihre eigene Stimme und die anderer geh\u00f6rt. Nie werde ich den gl\u00fccklichen Ausdruck in ihrem Gesicht und die Tr\u00e4nen in ihren Augen vergessen!<\/p>\n<p><strong>F\u00fcr mich war es \u2013 und ist es immer noch \u2013 eine gro\u00dfe Ehre, bei dieser Reise dabei gewesen zu sein. Vielen Dank an Hear the World!<\/strong><\/p>\n","protected":false},"excerpt":{"rendered":"<p>Nadja Laible, audiologische Produkttrainerin bei Phonak, reiste f\u00fcr die Hear the World Foundation nach Haiti, um vor Ort Kindern mit H\u00f6rverlust zu helfen \u2013 ein Reisebericht. <\/p>\n","protected":false},"author":98,"featured_media":6176,"comment_status":"open","ping_status":"open","sticky":false,"template":"","format":"standard","meta":{"footnotes":""},"categories":[12],"tags":[],"class_list":["post-6173","post","type-post","status-publish","format-standard","has-post-thumbnail","hentry","category-aus-der-praxis"],"acf":[],"yoast_head":"<!-- This site is optimized with the Yoast SEO plugin v25.9 - https:\/\/yoast.com\/wordpress\/plugins\/seo\/ -->\n<title>H\u00f6rtests zwischen H\u00fchnern und Geckos | Audiology Blog<\/title>\n<meta name=\"robots\" content=\"index, follow, max-snippet:-1, max-image-preview:large, max-video-preview:-1\" \/>\n<link rel=\"canonical\" href=\"https:\/\/audiologyblog.phonakpro.com\/de\/hoertests-zwischen-huehnern-und-geckos\/\" \/>\n<meta property=\"og:locale\" content=\"de_DE\" \/>\n<meta property=\"og:type\" content=\"article\" \/>\n<meta property=\"og:title\" content=\"H\u00f6rtests zwischen H\u00fchnern und Geckos | Audiology Blog\" \/>\n<meta property=\"og:description\" content=\"Nadja Laible, audiologische Produkttrainerin bei Phonak, reiste f\u00fcr die Hear the World Foundation nach Haiti, um vor Ort Kindern mit H\u00f6rverlust zu helfen \u2013 ein Reisebericht.\" \/>\n<meta property=\"og:url\" content=\"https:\/\/audiologyblog.phonakpro.com\/de\/hoertests-zwischen-huehnern-und-geckos\/\" \/>\n<meta property=\"og:site_name\" content=\"Phonak Audiology Blog - Phonak Pro - life is on\" \/>\n<meta property=\"article:publisher\" content=\"https:\/\/www.facebook.com\/phonak\" \/>\n<meta property=\"article:published_time\" content=\"2019-02-07T10:02:37+00:00\" \/>\n<meta property=\"article:modified_time\" content=\"2019-02-13T14:36:54+00:00\" \/>\n<meta property=\"og:image\" content=\"https:\/\/audiologyblog.phonakpro.com\/wp-content\/uploads\/2019\/02\/d23-1190x714.png\" \/>\n\t<meta property=\"og:image:width\" content=\"1190\" \/>\n\t<meta property=\"og:image:height\" content=\"714\" \/>\n\t<meta property=\"og:image:type\" content=\"image\/png\" \/>\n<meta name=\"author\" content=\"Nadja Laible\" \/>\n<meta name=\"twitter:card\" content=\"summary_large_image\" \/>\n<meta name=\"twitter:creator\" content=\"@phonak\" \/>\n<meta name=\"twitter:site\" content=\"@phonak\" \/>\n<meta name=\"twitter:label1\" content=\"Verfasst von\" \/>\n\t<meta name=\"twitter:data1\" content=\"Nadja Laible\" \/>\n\t<meta name=\"twitter:label2\" content=\"Gesch\u00e4tzte Lesezeit\" \/>\n\t<meta name=\"twitter:data2\" content=\"4\u00a0Minuten\" \/>\n<script type=\"application\/ld+json\" class=\"yoast-schema-graph\">{\"@context\":\"https:\/\/schema.org\",\"@graph\":[{\"@type\":\"Article\",\"@id\":\"https:\/\/audiologyblog.phonakpro.com\/de\/hoertests-zwischen-huehnern-und-geckos\/#article\",\"isPartOf\":{\"@id\":\"https:\/\/audiologyblog.phonakpro.com\/de\/hoertests-zwischen-huehnern-und-geckos\/\"},\"author\":{\"name\":\"Nadja Laible\",\"@id\":\"https:\/\/audiologyblog.phonakpro.com\/#\/schema\/person\/73247e8df3fedcdd3289eb69090e83d6\"},\"headline\":\"H\u00f6rtests zwischen H\u00fchnern und Geckos\",\"datePublished\":\"2019-02-07T10:02:37+00:00\",\"dateModified\":\"2019-02-13T14:36:54+00:00\",\"mainEntityOfPage\":{\"@id\":\"https:\/\/audiologyblog.phonakpro.com\/de\/hoertests-zwischen-huehnern-und-geckos\/\"},\"wordCount\":728,\"commentCount\":0,\"publisher\":{\"@id\":\"https:\/\/audiologyblog.phonakpro.com\/#organization\"},\"image\":{\"@id\":\"https:\/\/audiologyblog.phonakpro.com\/de\/hoertests-zwischen-huehnern-und-geckos\/#primaryimage\"},\"thumbnailUrl\":\"https:\/\/audiologyblog.phonakpro.com\/wp-content\/uploads\/2019\/02\/d23.png\",\"articleSection\":[\"Aus der Praxis\"],\"inLanguage\":\"de\",\"potentialAction\":[{\"@type\":\"CommentAction\",\"name\":\"Comment\",\"target\":[\"https:\/\/audiologyblog.phonakpro.com\/de\/hoertests-zwischen-huehnern-und-geckos\/#respond\"]}]},{\"@type\":\"WebPage\",\"@id\":\"https:\/\/audiologyblog.phonakpro.com\/de\/hoertests-zwischen-huehnern-und-geckos\/\",\"url\":\"https:\/\/audiologyblog.phonakpro.com\/de\/hoertests-zwischen-huehnern-und-geckos\/\",\"name\":\"H\u00f6rtests zwischen H\u00fchnern und Geckos | Audiology Blog\",\"isPartOf\":{\"@id\":\"https:\/\/audiologyblog.phonakpro.com\/#website\"},\"primaryImageOfPage\":{\"@id\":\"https:\/\/audiologyblog.phonakpro.com\/de\/hoertests-zwischen-huehnern-und-geckos\/#primaryimage\"},\"image\":{\"@id\":\"https:\/\/audiologyblog.phonakpro.com\/de\/hoertests-zwischen-huehnern-und-geckos\/#primaryimage\"},\"thumbnailUrl\":\"https:\/\/audiologyblog.phonakpro.com\/wp-content\/uploads\/2019\/02\/d23.png\",\"datePublished\":\"2019-02-07T10:02:37+00:00\",\"dateModified\":\"2019-02-13T14:36:54+00:00\",\"breadcrumb\":{\"@id\":\"https:\/\/audiologyblog.phonakpro.com\/de\/hoertests-zwischen-huehnern-und-geckos\/#breadcrumb\"},\"inLanguage\":\"de\",\"potentialAction\":[{\"@type\":\"ReadAction\",\"target\":[\"https:\/\/audiologyblog.phonakpro.com\/de\/hoertests-zwischen-huehnern-und-geckos\/\"]}]},{\"@type\":\"ImageObject\",\"inLanguage\":\"de\",\"@id\":\"https:\/\/audiologyblog.phonakpro.com\/de\/hoertests-zwischen-huehnern-und-geckos\/#primaryimage\",\"url\":\"https:\/\/audiologyblog.phonakpro.com\/wp-content\/uploads\/2019\/02\/d23.png\",\"contentUrl\":\"https:\/\/audiologyblog.phonakpro.com\/wp-content\/uploads\/2019\/02\/d23.png\",\"width\":1793,\"height\":1076},{\"@type\":\"BreadcrumbList\",\"@id\":\"https:\/\/audiologyblog.phonakpro.com\/de\/hoertests-zwischen-huehnern-und-geckos\/#breadcrumb\",\"itemListElement\":[{\"@type\":\"ListItem\",\"position\":1,\"name\":\"Home\",\"item\":\"https:\/\/audiologyblog.phonakpro.com\/de\/\"},{\"@type\":\"ListItem\",\"position\":2,\"name\":\"H\u00f6rtests zwischen H\u00fchnern und Geckos\"}]},{\"@type\":\"WebSite\",\"@id\":\"https:\/\/audiologyblog.phonakpro.com\/#website\",\"url\":\"https:\/\/audiologyblog.phonakpro.com\/\",\"name\":\"Phonak Audiology Blog - Phonak Pro - life is on\",\"description\":\"1The Phonak Audiology Blog presents audiological topics, research and hearing technology updates from experts at Phonak and across the hearing industry.\",\"publisher\":{\"@id\":\"https:\/\/audiologyblog.phonakpro.com\/#organization\"},\"potentialAction\":[{\"@type\":\"SearchAction\",\"target\":{\"@type\":\"EntryPoint\",\"urlTemplate\":\"https:\/\/audiologyblog.phonakpro.com\/?s={search_term_string}\"},\"query-input\":{\"@type\":\"PropertyValueSpecification\",\"valueRequired\":true,\"valueName\":\"search_term_string\"}}],\"inLanguage\":\"de\"},{\"@type\":\"Organization\",\"@id\":\"https:\/\/audiologyblog.phonakpro.com\/#organization\",\"name\":\"Phonak Audiology Blog - Phonak Pro - life is on\",\"url\":\"https:\/\/audiologyblog.phonakpro.com\/\",\"logo\":{\"@type\":\"ImageObject\",\"inLanguage\":\"de\",\"@id\":\"https:\/\/audiologyblog.phonakpro.com\/#\/schema\/logo\/image\/\",\"url\":\"https:\/\/audiologyblog.phonakpro.com\/wp-content\/uploads\/2016\/09\/Logo_Phonak_life_is_on_pos_RGB_300dpi.jpg\",\"contentUrl\":\"https:\/\/audiologyblog.phonakpro.com\/wp-content\/uploads\/2016\/09\/Logo_Phonak_life_is_on_pos_RGB_300dpi.jpg\",\"width\":1630,\"height\":863,\"caption\":\"Phonak Audiology Blog - Phonak Pro - life is on\"},\"image\":{\"@id\":\"https:\/\/audiologyblog.phonakpro.com\/#\/schema\/logo\/image\/\"},\"sameAs\":[\"https:\/\/www.facebook.com\/phonak\",\"https:\/\/x.com\/phonak\",\"https:\/\/www.instagram.com\/phonak\",\"https:\/\/www.linkedin.com\/company\/phonak\",\"https:\/\/www.youtube.com\/c\/phonak\"]},{\"@type\":\"Person\",\"@id\":\"https:\/\/audiologyblog.phonakpro.com\/#\/schema\/person\/73247e8df3fedcdd3289eb69090e83d6\",\"name\":\"Nadja Laible\",\"description\":\"Die ausgebildete H\u00f6rakustikerin ist seit April 2015 in der Audiologie von Phonak Deutschland t\u00e4tig. Als Produkttrainerin engagiert sie sich bei Pr\u00e4senzveranstaltungen sowie im virtuellen Training, um H\u00f6rakustikern unter anderem alle Facetten und Mehrwerte der Produkte aufzuzeigen. In ihrer Freizeit verreist sie gerne.\",\"url\":\"https:\/\/audiologyblog.phonakpro.com\/de\/author\/nadja-laible\/\"}]}<\/script>\n<!-- \/ Yoast SEO plugin. -->","yoast_head_json":{"title":"H\u00f6rtests zwischen H\u00fchnern und Geckos | Audiology Blog","robots":{"index":"index","follow":"follow","max-snippet":"max-snippet:-1","max-image-preview":"max-image-preview:large","max-video-preview":"max-video-preview:-1"},"canonical":"https:\/\/audiologyblog.phonakpro.com\/de\/hoertests-zwischen-huehnern-und-geckos\/","og_locale":"de_DE","og_type":"article","og_title":"H\u00f6rtests zwischen H\u00fchnern und Geckos | Audiology Blog","og_description":"Nadja Laible, audiologische Produkttrainerin bei Phonak, reiste f\u00fcr die Hear the World Foundation nach Haiti, um vor Ort Kindern mit H\u00f6rverlust zu helfen \u2013 ein Reisebericht.","og_url":"https:\/\/audiologyblog.phonakpro.com\/de\/hoertests-zwischen-huehnern-und-geckos\/","og_site_name":"Phonak Audiology Blog - Phonak Pro - life is on","article_publisher":"https:\/\/www.facebook.com\/phonak","article_published_time":"2019-02-07T10:02:37+00:00","article_modified_time":"2019-02-13T14:36:54+00:00","og_image":[{"width":1190,"height":714,"url":"https:\/\/audiologyblog.phonakpro.com\/wp-content\/uploads\/2019\/02\/d23-1190x714.png","type":"image\/png"}],"author":"Nadja Laible","twitter_card":"summary_large_image","twitter_creator":"@phonak","twitter_site":"@phonak","twitter_misc":{"Verfasst von":"Nadja Laible","Gesch\u00e4tzte Lesezeit":"4\u00a0Minuten"},"schema":{"@context":"https:\/\/schema.org","@graph":[{"@type":"Article","@id":"https:\/\/audiologyblog.phonakpro.com\/de\/hoertests-zwischen-huehnern-und-geckos\/#article","isPartOf":{"@id":"https:\/\/audiologyblog.phonakpro.com\/de\/hoertests-zwischen-huehnern-und-geckos\/"},"author":{"name":"Nadja Laible","@id":"https:\/\/audiologyblog.phonakpro.com\/#\/schema\/person\/73247e8df3fedcdd3289eb69090e83d6"},"headline":"H\u00f6rtests zwischen H\u00fchnern und Geckos","datePublished":"2019-02-07T10:02:37+00:00","dateModified":"2019-02-13T14:36:54+00:00","mainEntityOfPage":{"@id":"https:\/\/audiologyblog.phonakpro.com\/de\/hoertests-zwischen-huehnern-und-geckos\/"},"wordCount":728,"commentCount":0,"publisher":{"@id":"https:\/\/audiologyblog.phonakpro.com\/#organization"},"image":{"@id":"https:\/\/audiologyblog.phonakpro.com\/de\/hoertests-zwischen-huehnern-und-geckos\/#primaryimage"},"thumbnailUrl":"https:\/\/audiologyblog.phonakpro.com\/wp-content\/uploads\/2019\/02\/d23.png","articleSection":["Aus der Praxis"],"inLanguage":"de","potentialAction":[{"@type":"CommentAction","name":"Comment","target":["https:\/\/audiologyblog.phonakpro.com\/de\/hoertests-zwischen-huehnern-und-geckos\/#respond"]}]},{"@type":"WebPage","@id":"https:\/\/audiologyblog.phonakpro.com\/de\/hoertests-zwischen-huehnern-und-geckos\/","url":"https:\/\/audiologyblog.phonakpro.com\/de\/hoertests-zwischen-huehnern-und-geckos\/","name":"H\u00f6rtests zwischen H\u00fchnern und Geckos | Audiology Blog","isPartOf":{"@id":"https:\/\/audiologyblog.phonakpro.com\/#website"},"primaryImageOfPage":{"@id":"https:\/\/audiologyblog.phonakpro.com\/de\/hoertests-zwischen-huehnern-und-geckos\/#primaryimage"},"image":{"@id":"https:\/\/audiologyblog.phonakpro.com\/de\/hoertests-zwischen-huehnern-und-geckos\/#primaryimage"},"thumbnailUrl":"https:\/\/audiologyblog.phonakpro.com\/wp-content\/uploads\/2019\/02\/d23.png","datePublished":"2019-02-07T10:02:37+00:00","dateModified":"2019-02-13T14:36:54+00:00","breadcrumb":{"@id":"https:\/\/audiologyblog.phonakpro.com\/de\/hoertests-zwischen-huehnern-und-geckos\/#breadcrumb"},"inLanguage":"de","potentialAction":[{"@type":"ReadAction","target":["https:\/\/audiologyblog.phonakpro.com\/de\/hoertests-zwischen-huehnern-und-geckos\/"]}]},{"@type":"ImageObject","inLanguage":"de","@id":"https:\/\/audiologyblog.phonakpro.com\/de\/hoertests-zwischen-huehnern-und-geckos\/#primaryimage","url":"https:\/\/audiologyblog.phonakpro.com\/wp-content\/uploads\/2019\/02\/d23.png","contentUrl":"https:\/\/audiologyblog.phonakpro.com\/wp-content\/uploads\/2019\/02\/d23.png","width":1793,"height":1076},{"@type":"BreadcrumbList","@id":"https:\/\/audiologyblog.phonakpro.com\/de\/hoertests-zwischen-huehnern-und-geckos\/#breadcrumb","itemListElement":[{"@type":"ListItem","position":1,"name":"Home","item":"https:\/\/audiologyblog.phonakpro.com\/de\/"},{"@type":"ListItem","position":2,"name":"H\u00f6rtests zwischen H\u00fchnern und Geckos"}]},{"@type":"WebSite","@id":"https:\/\/audiologyblog.phonakpro.com\/#website","url":"https:\/\/audiologyblog.phonakpro.com\/","name":"Phonak Audiology Blog - Phonak Pro - life is on","description":"1The Phonak Audiology Blog presents audiological topics, research and hearing technology updates from experts at Phonak and across the hearing industry.","publisher":{"@id":"https:\/\/audiologyblog.phonakpro.com\/#organization"},"potentialAction":[{"@type":"SearchAction","target":{"@type":"EntryPoint","urlTemplate":"https:\/\/audiologyblog.phonakpro.com\/?s={search_term_string}"},"query-input":{"@type":"PropertyValueSpecification","valueRequired":true,"valueName":"search_term_string"}}],"inLanguage":"de"},{"@type":"Organization","@id":"https:\/\/audiologyblog.phonakpro.com\/#organization","name":"Phonak Audiology Blog - Phonak Pro - life is on","url":"https:\/\/audiologyblog.phonakpro.com\/","logo":{"@type":"ImageObject","inLanguage":"de","@id":"https:\/\/audiologyblog.phonakpro.com\/#\/schema\/logo\/image\/","url":"https:\/\/audiologyblog.phonakpro.com\/wp-content\/uploads\/2016\/09\/Logo_Phonak_life_is_on_pos_RGB_300dpi.jpg","contentUrl":"https:\/\/audiologyblog.phonakpro.com\/wp-content\/uploads\/2016\/09\/Logo_Phonak_life_is_on_pos_RGB_300dpi.jpg","width":1630,"height":863,"caption":"Phonak Audiology Blog - Phonak Pro - life is on"},"image":{"@id":"https:\/\/audiologyblog.phonakpro.com\/#\/schema\/logo\/image\/"},"sameAs":["https:\/\/www.facebook.com\/phonak","https:\/\/x.com\/phonak","https:\/\/www.instagram.com\/phonak","https:\/\/www.linkedin.com\/company\/phonak","https:\/\/www.youtube.com\/c\/phonak"]},{"@type":"Person","@id":"https:\/\/audiologyblog.phonakpro.com\/#\/schema\/person\/73247e8df3fedcdd3289eb69090e83d6","name":"Nadja Laible","description":"Die ausgebildete H\u00f6rakustikerin ist seit April 2015 in der Audiologie von Phonak Deutschland t\u00e4tig. Als Produkttrainerin engagiert sie sich bei Pr\u00e4senzveranstaltungen sowie im virtuellen Training, um H\u00f6rakustikern unter anderem alle Facetten und Mehrwerte der Produkte aufzuzeigen. In ihrer Freizeit verreist sie gerne.","url":"https:\/\/audiologyblog.phonakpro.com\/de\/author\/nadja-laible\/"}]}},"_links":{"self":[{"href":"https:\/\/audiologyblog.phonakpro.com\/de\/wp-json\/wp\/v2\/posts\/6173","targetHints":{"allow":["GET"]}}],"collection":[{"href":"https:\/\/audiologyblog.phonakpro.com\/de\/wp-json\/wp\/v2\/posts"}],"about":[{"href":"https:\/\/audiologyblog.phonakpro.com\/de\/wp-json\/wp\/v2\/types\/post"}],"author":[{"embeddable":true,"href":"https:\/\/audiologyblog.phonakpro.com\/de\/wp-json\/wp\/v2\/users\/98"}],"replies":[{"embeddable":true,"href":"https:\/\/audiologyblog.phonakpro.com\/de\/wp-json\/wp\/v2\/comments?post=6173"}],"version-history":[{"count":8,"href":"https:\/\/audiologyblog.phonakpro.com\/de\/wp-json\/wp\/v2\/posts\/6173\/revisions"}],"predecessor-version":[{"id":463006,"href":"https:\/\/audiologyblog.phonakpro.com\/de\/wp-json\/wp\/v2\/posts\/6173\/revisions\/463006"}],"wp:featuredmedia":[{"embeddable":true,"href":"https:\/\/audiologyblog.phonakpro.com\/de\/wp-json\/wp\/v2\/media\/6176"}],"wp:attachment":[{"href":"https:\/\/audiologyblog.phonakpro.com\/de\/wp-json\/wp\/v2\/media?parent=6173"}],"wp:term":[{"taxonomy":"category","embeddable":true,"href":"https:\/\/audiologyblog.phonakpro.com\/de\/wp-json\/wp\/v2\/categories?post=6173"},{"taxonomy":"post_tag","embeddable":true,"href":"https:\/\/audiologyblog.phonakpro.com\/de\/wp-json\/wp\/v2\/tags?post=6173"}],"curies":[{"name":"wp","href":"https:\/\/api.w.org\/{rel}","templated":true}]}}