{"id":558971,"date":"2022-04-14T14:00:00","date_gmt":"2022-04-14T12:00:00","guid":{"rendered":"https:\/\/audiologyblog.phonakpro.com\/?p=558971"},"modified":"2022-03-07T11:43:36","modified_gmt":"2022-03-07T10:43:36","slug":"wie-die-dynamik-des-gehirns-bei-kindern-mit-hoerverlust-variiert","status":"publish","type":"post","link":"https:\/\/audiologyblog.phonakpro.com\/de\/wie-die-dynamik-des-gehirns-bei-kindern-mit-hoerverlust-variiert\/","title":{"rendered":"Wie die Dynamik des Gehirns bei Kindern mit H\u00f6rverlust variiert"},"content":{"rendered":"\n<p>Dank einer Reihe gro\u00df angelegter, erfolgreicher Studien mit schwerh\u00f6rigen Kindern wissen wir viel \u00fcber die Auswirkungen von H\u00f6rverlust auf die Entwicklung.<\/p>\n\n\n\n<p>Aber es gibt noch wichtige Fragen zur Variabilit\u00e4t der Ergebnisse bei diesen Kindern zu beantworten.<\/p>\n\n\n\n<p>Faktoren wie das Alter bei der Intervention, die Dauer der H\u00f6rger\u00e4tenutzung, die Qualit\u00e4t der H\u00f6rger\u00e4teanpassung und die kognitive F\u00e4higkeiten k\u00f6nnen Unterschiede zwischen den Kindern erkl\u00e4ren. Wie diese verschiedenen Faktoren zusammenwirken und auf welchen physiologischen Grundlagen diese Prozesse stattfinden, ist jedoch nach wie vor eine offene Frage.<\/p>\n\n\n\n<p>Unser Team am Boys Town National Research Hospital hat in einer k\u00fcrzlich durchgef\u00fchrten Studie untersucht,<sup>1,2<\/sup>&nbsp;ob es Unterschiede in der Hirndynamik der Kinder gibt. Mithilfe von Neuroimaging haben wir untersucht:<\/p>\n\n\n\n<ol class=\"has-bg-gray-background-color has-background wp-block-list\"><li>ob Kinder mit H\u00f6rverlust im Vergleich zu normalh\u00f6renden Kindern Unterschiede bei der Hirnaktivit\u00e4t im Arbeitsged\u00e4chtnis aufweisen;<\/li><li>ob individuelle Unterschiede bei der H\u00f6rger\u00e4tenutzung in Beziehung zur Hirndynamik im Arbeitsged\u00e4chtnis stehen.<\/li><\/ol>\n\n\n\n<p><strong>So funktioniert Neuroimaging<\/strong><strong><\/strong><\/p>\n\n\n\n<p>Mit Neuroimaging wird ermittelt, wann und wo kognitive oder sprachliche Prozesse im Gehirn ablaufen. &nbsp;<\/p>\n\n\n\n<p>Mit einer bestimmten Form des Neuroimaging, der Magnetoenzephalographie (MEG), k\u00f6nnen Ort und Umfang der neuronalen Aktivit\u00e4t im Kortex in jeder Millisekunde quantifiziert werden. So k\u00f6nnen wir sehen, wie sich die Hirnaktivit\u00e4t im Laufe der Zeit ver\u00e4ndert. Bei einer Aufgabe f\u00fcr das Arbeitsged\u00e4chtnis werden z. B. Informationen in einem tempor\u00e4ren Speicher kodiert und gespeichert, bis sie abgerufen werden.<\/p>\n\n\n\n<p>Kodierung, Speicherung und Abruf sind zentrale Aufgaben des Arbeitsged\u00e4chtnisses, und jeder dieser Prozesse nutzt unterschiedliche Bereiche des Gehirns zu unterschiedlichen Zeiten. Mithilfe von MEG-Bildgebung k\u00f6nnen wir diese Prozesse des Arbeitsged\u00e4chtnisses messen. &nbsp;<\/p>\n\n\n\n<p><strong>Auswirkungen von H\u00f6rverlust und H\u00f6rger\u00e4tenutzung auf die Hirndynamik bei der Verarbeitung im Arbeitsged\u00e4chtnis<\/strong><strong><\/strong><\/p>\n\n\n\n<p>Die Kinder f\u00fchrten w\u00e4hrend der MEG eine Aufgabe f\u00fcr das Arbeitsged\u00e4chtnis durch. Anschlie\u00dfend nutzten wir die MEG-Daten, um die neuronale Aktivit\u00e4t w\u00e4hrend der Kodierung und Speicherung durch das Arbeitsged\u00e4chtnis getrennt zu untersuchen.<\/p>\n\n\n\n<p>Zun\u00e4chst verglichen wir die Gehirnaktivit\u00e4t von schwerh\u00f6rigen und normalh\u00f6renden Kindern gleichen Alters und haben Folgendes herausgefunden:<\/p>\n\n\n\n<ul class=\"has-bg-gray-background-color has-background wp-block-list\"><li>Schwerh\u00f6rige und normalh\u00f6rende Kinder zeigten bei der Aufgabe f\u00fcr das Arbeitsged\u00e4chtnis die gleichen Leistungen,<strong> ohne Unterschiede bei der Genauigkeit oder Reaktionszeit aufzuweisen<\/strong>.<\/li><li>Bei schwerh\u00f6rigen Kindern war die <strong>Gehirnaktivit\u00e4t des Arbeitsged\u00e4chtnisses in jeder Phase signifikant erh\u00f6ht<\/strong>. Dies deutet darauf hin, dass die Gehirne von Kindern mit H\u00f6rverlust bei Aufgaben f\u00fcr das Arbeitsged\u00e4chtnis \u201eh\u00e4rter arbeiten\u201c als die ihrer normalh\u00f6renden Altersgenossen.<\/li><\/ul>\n\n\n\n<p>Auch wenn Kinder mit und ohne H\u00f6rverlust in einer Laborumgebung vielleicht keine Verhaltensunterschiede zeigen, k\u00f6nnen m\u00f6glicherweise doch signifikant unterschiedliche Gehirnmechanismen die Leistung des Arbeitsged\u00e4chtnisses steuern.<\/p>\n\n\n\n<p>Bei den schwerh\u00f6rigen Kindern haben wir Folgendes festgestellt:<\/p>\n\n\n\n<blockquote class=\"wp-block-quote is-layout-flow wp-block-quote-is-layout-flow\"><p><strong>Eine st\u00e4rkere Nutzung von H\u00f6rsystemen stand in signifikanten Zusammenhang mit einem &#8222;typischeren&#8220; Muster der Gehirnaktivit\u00e4t des Arbeitsged\u00e4chtnisses<\/strong>, selbst bei Ber\u00fccksichtigung des Grades des H\u00f6rverlusts. <\/p><\/blockquote>\n\n\n\n<p><strong>Klinische Implikationen<\/strong><strong><\/strong><\/p>\n\n\n\n<p>Neuroimaging k\u00f6nnte erkl\u00e4ren, warum wir bei Kindern mit H\u00f6rverlust unterschiedliche Ergebnisse sehen. Wir hoffen, dass Neuroimaging in Zukunft Informationen f\u00fcr individuelle Therapien bei schwerh\u00f6rigen Kindern liefern kann.<\/p>\n\n\n\n<p>Jedes Gehirn ist anders. M\u00f6glicherweise k\u00f6nnen wir die Ergebnisse f\u00fcr jedes einzelne Kind verbessern, wenn wir die Reaktion des Gehirns auf die Therapie messen.<\/p>\n\n\n\n<p><em>Weitere Informationen zu diesem Thema finden Sie in aktuellen Ver\u00f6ffentlichungen in&nbsp;<\/em><a href=\"https:\/\/pubmed.ncbi.nlm.nih.gov\/33838545\/\"><em>NeuroImage: Clinical<\/em><\/a><em>&nbsp;&nbsp;und&nbsp;<\/em><a href=\"https:\/\/pubmed.ncbi.nlm.nih.gov\/34291759\/\"><em>Ear and Hearing<\/em><\/a><em>.<\/em><\/p>\n\n\n\n<p><\/p>\n\n\n\n<p><strong>Referenzen:<\/strong><\/p>\n\n\n\n<ol class=\"wp-block-list\" type=\"1\"><li>Heinrichs-Graham, E., Walker, E.A., Eastman, J.A., Frenzel, M.R., Joe, T.R., McCreery, R.W.&nbsp; (2021). The impact of mild-to-severe hearing loss on the neural dynamics serving verbal working memory processing in children.&nbsp;<em>Neuroimage Clin<\/em>; 30:102647.<\/li><li>Heinrichs-Graham, E., Walker, E.A., Eastman, J.A., Frenzel, M.R., McCreery, R.W. (2021). Amount of hearing aid use impacts neural oscillatory dynamics underlying verbal working memory processing in children with hearing loss.&nbsp;<em>Ear Hear<\/em>; 20.<\/li><\/ol>\n","protected":false},"excerpt":{"rendered":"<p>Kann die funktionelle Bildgebung des Gehirns Aufschluss dar\u00fcber geben, wie sich die Nutzung von H\u00f6rger\u00e4ten bei Kindern auf das Arbeitsged\u00e4chtnis auswirkt? Forscher am Boys Town National Research Hospital geben eine Antwort auf diese Frage.<\/p>\n","protected":false},"author":182,"featured_media":519711,"comment_status":"open","ping_status":"open","sticky":false,"template":"","format":"standard","meta":{"footnotes":""},"categories":[12,15],"tags":[73,71,70,65,67,68],"class_list":["post-558971","post","type-post","status-publish","format-standard","has-post-thumbnail","hentry","category-aus-der-praxis","category-padakustik","tag-audiology-2","tag-besserhoeren","tag-hearingaids-2","tag-hoerakustik-2","tag-hoergeraete-2","tag-schwerhoerigkeit-2"],"acf":[],"yoast_head":"<!-- This site is optimized with the Yoast SEO plugin v25.9 - https:\/\/yoast.com\/wordpress\/plugins\/seo\/ -->\n<title>Wie die Dynamik des Gehirns bei Kindern mit H\u00f6rverlust variiert | Audiology Blog<\/title>\n<meta name=\"robots\" content=\"index, follow, max-snippet:-1, max-image-preview:large, max-video-preview:-1\" \/>\n<link rel=\"canonical\" href=\"https:\/\/audiologyblog.phonakpro.com\/de\/wie-die-dynamik-des-gehirns-bei-kindern-mit-hoerverlust-variiert\/\" \/>\n<meta property=\"og:locale\" content=\"de_DE\" \/>\n<meta property=\"og:type\" content=\"article\" \/>\n<meta property=\"og:title\" content=\"Wie die Dynamik des Gehirns bei Kindern mit H\u00f6rverlust variiert | Audiology Blog\" \/>\n<meta property=\"og:description\" content=\"Kann die funktionelle Bildgebung des Gehirns Aufschluss dar\u00fcber geben, wie sich die Nutzung von H\u00f6rger\u00e4ten bei Kindern auf das Arbeitsged\u00e4chtnis auswirkt? Forscher am Boys Town National Research Hospital geben eine Antwort auf diese Frage.\" \/>\n<meta property=\"og:url\" content=\"https:\/\/audiologyblog.phonakpro.com\/de\/wie-die-dynamik-des-gehirns-bei-kindern-mit-hoerverlust-variiert\/\" \/>\n<meta property=\"og:site_name\" content=\"Phonak Audiology Blog - Phonak Pro - life is on\" \/>\n<meta property=\"article:publisher\" content=\"https:\/\/www.facebook.com\/phonak\" \/>\n<meta property=\"article:published_time\" content=\"2022-04-14T12:00:00+00:00\" \/>\n<meta property=\"og:image\" content=\"https:\/\/audiologyblog.phonakpro.com\/wp-content\/uploads\/2021\/11\/iStock-1042602748-scaled.jpg\" \/>\n\t<meta property=\"og:image:width\" content=\"2560\" \/>\n\t<meta property=\"og:image:height\" content=\"1707\" \/>\n\t<meta property=\"og:image:type\" content=\"image\/jpeg\" \/>\n<meta name=\"author\" content=\"Elizabeth Heinrichs-Graham\" \/>\n<meta name=\"twitter:card\" content=\"summary_large_image\" \/>\n<meta name=\"twitter:creator\" content=\"@phonak\" \/>\n<meta name=\"twitter:site\" content=\"@phonak\" \/>\n<meta name=\"twitter:label1\" content=\"Verfasst von\" \/>\n\t<meta name=\"twitter:data1\" content=\"Elizabeth Heinrichs-Graham\" \/>\n\t<meta name=\"twitter:label2\" content=\"Gesch\u00e4tzte Lesezeit\" \/>\n\t<meta name=\"twitter:data2\" content=\"3\u00a0Minuten\" \/>\n<script type=\"application\/ld+json\" class=\"yoast-schema-graph\">{\"@context\":\"https:\/\/schema.org\",\"@graph\":[{\"@type\":\"Article\",\"@id\":\"https:\/\/audiologyblog.phonakpro.com\/de\/wie-die-dynamik-des-gehirns-bei-kindern-mit-hoerverlust-variiert\/#article\",\"isPartOf\":{\"@id\":\"https:\/\/audiologyblog.phonakpro.com\/de\/wie-die-dynamik-des-gehirns-bei-kindern-mit-hoerverlust-variiert\/\"},\"author\":{\"name\":\"Elizabeth Heinrichs-Graham\",\"@id\":\"https:\/\/audiologyblog.phonakpro.com\/#\/schema\/person\/faf8a35d86e8b66f8339dafc67ff66bb\"},\"headline\":\"Wie die Dynamik des Gehirns bei Kindern mit H\u00f6rverlust variiert\",\"datePublished\":\"2022-04-14T12:00:00+00:00\",\"mainEntityOfPage\":{\"@id\":\"https:\/\/audiologyblog.phonakpro.com\/de\/wie-die-dynamik-des-gehirns-bei-kindern-mit-hoerverlust-variiert\/\"},\"wordCount\":665,\"commentCount\":0,\"publisher\":{\"@id\":\"https:\/\/audiologyblog.phonakpro.com\/#organization\"},\"image\":{\"@id\":\"https:\/\/audiologyblog.phonakpro.com\/de\/wie-die-dynamik-des-gehirns-bei-kindern-mit-hoerverlust-variiert\/#primaryimage\"},\"thumbnailUrl\":\"https:\/\/audiologyblog.phonakpro.com\/wp-content\/uploads\/2021\/11\/iStock-1042602748-scaled.jpg\",\"keywords\":[\"#audiology\",\"#besserh\u00f6ren\",\"#hearingaids\",\"#h\u00f6rakustik\",\"#h\u00f6rger\u00e4te\",\"#schwerh\u00f6rigkeit\"],\"articleSection\":[\"Aus der Praxis\",\"P\u00e4dakustik\"],\"inLanguage\":\"de\",\"potentialAction\":[{\"@type\":\"CommentAction\",\"name\":\"Comment\",\"target\":[\"https:\/\/audiologyblog.phonakpro.com\/de\/wie-die-dynamik-des-gehirns-bei-kindern-mit-hoerverlust-variiert\/#respond\"]}]},{\"@type\":\"WebPage\",\"@id\":\"https:\/\/audiologyblog.phonakpro.com\/de\/wie-die-dynamik-des-gehirns-bei-kindern-mit-hoerverlust-variiert\/\",\"url\":\"https:\/\/audiologyblog.phonakpro.com\/de\/wie-die-dynamik-des-gehirns-bei-kindern-mit-hoerverlust-variiert\/\",\"name\":\"Wie die Dynamik des Gehirns bei Kindern mit H\u00f6rverlust variiert | Audiology Blog\",\"isPartOf\":{\"@id\":\"https:\/\/audiologyblog.phonakpro.com\/#website\"},\"primaryImageOfPage\":{\"@id\":\"https:\/\/audiologyblog.phonakpro.com\/de\/wie-die-dynamik-des-gehirns-bei-kindern-mit-hoerverlust-variiert\/#primaryimage\"},\"image\":{\"@id\":\"https:\/\/audiologyblog.phonakpro.com\/de\/wie-die-dynamik-des-gehirns-bei-kindern-mit-hoerverlust-variiert\/#primaryimage\"},\"thumbnailUrl\":\"https:\/\/audiologyblog.phonakpro.com\/wp-content\/uploads\/2021\/11\/iStock-1042602748-scaled.jpg\",\"datePublished\":\"2022-04-14T12:00:00+00:00\",\"breadcrumb\":{\"@id\":\"https:\/\/audiologyblog.phonakpro.com\/de\/wie-die-dynamik-des-gehirns-bei-kindern-mit-hoerverlust-variiert\/#breadcrumb\"},\"inLanguage\":\"de\",\"potentialAction\":[{\"@type\":\"ReadAction\",\"target\":[\"https:\/\/audiologyblog.phonakpro.com\/de\/wie-die-dynamik-des-gehirns-bei-kindern-mit-hoerverlust-variiert\/\"]}]},{\"@type\":\"ImageObject\",\"inLanguage\":\"de\",\"@id\":\"https:\/\/audiologyblog.phonakpro.com\/de\/wie-die-dynamik-des-gehirns-bei-kindern-mit-hoerverlust-variiert\/#primaryimage\",\"url\":\"https:\/\/audiologyblog.phonakpro.com\/wp-content\/uploads\/2021\/11\/iStock-1042602748-scaled.jpg\",\"contentUrl\":\"https:\/\/audiologyblog.phonakpro.com\/wp-content\/uploads\/2021\/11\/iStock-1042602748-scaled.jpg\",\"width\":2560,\"height\":1707,\"caption\":\"Cute STEM schoolgirl gestures while examining and asking questions about the human brain. Her teacher is teaching her about the brain by using a human brain model.\"},{\"@type\":\"BreadcrumbList\",\"@id\":\"https:\/\/audiologyblog.phonakpro.com\/de\/wie-die-dynamik-des-gehirns-bei-kindern-mit-hoerverlust-variiert\/#breadcrumb\",\"itemListElement\":[{\"@type\":\"ListItem\",\"position\":1,\"name\":\"Home\",\"item\":\"https:\/\/audiologyblog.phonakpro.com\/de\/\"},{\"@type\":\"ListItem\",\"position\":2,\"name\":\"Wie die Dynamik des Gehirns bei Kindern mit H\u00f6rverlust variiert\"}]},{\"@type\":\"WebSite\",\"@id\":\"https:\/\/audiologyblog.phonakpro.com\/#website\",\"url\":\"https:\/\/audiologyblog.phonakpro.com\/\",\"name\":\"Phonak Audiology Blog - Phonak Pro - life is on\",\"description\":\"1The Phonak Audiology Blog presents audiological topics, research and hearing technology updates from experts at Phonak and across the hearing industry.\",\"publisher\":{\"@id\":\"https:\/\/audiologyblog.phonakpro.com\/#organization\"},\"potentialAction\":[{\"@type\":\"SearchAction\",\"target\":{\"@type\":\"EntryPoint\",\"urlTemplate\":\"https:\/\/audiologyblog.phonakpro.com\/?s={search_term_string}\"},\"query-input\":{\"@type\":\"PropertyValueSpecification\",\"valueRequired\":true,\"valueName\":\"search_term_string\"}}],\"inLanguage\":\"de\"},{\"@type\":\"Organization\",\"@id\":\"https:\/\/audiologyblog.phonakpro.com\/#organization\",\"name\":\"Phonak Audiology Blog - Phonak Pro - life is on\",\"url\":\"https:\/\/audiologyblog.phonakpro.com\/\",\"logo\":{\"@type\":\"ImageObject\",\"inLanguage\":\"de\",\"@id\":\"https:\/\/audiologyblog.phonakpro.com\/#\/schema\/logo\/image\/\",\"url\":\"https:\/\/audiologyblog.phonakpro.com\/wp-content\/uploads\/2016\/09\/Logo_Phonak_life_is_on_pos_RGB_300dpi.jpg\",\"contentUrl\":\"https:\/\/audiologyblog.phonakpro.com\/wp-content\/uploads\/2016\/09\/Logo_Phonak_life_is_on_pos_RGB_300dpi.jpg\",\"width\":1630,\"height\":863,\"caption\":\"Phonak Audiology Blog - Phonak Pro - life is on\"},\"image\":{\"@id\":\"https:\/\/audiologyblog.phonakpro.com\/#\/schema\/logo\/image\/\"},\"sameAs\":[\"https:\/\/www.facebook.com\/phonak\",\"https:\/\/x.com\/phonak\",\"https:\/\/www.instagram.com\/phonak\",\"https:\/\/www.linkedin.com\/company\/phonak\",\"https:\/\/www.youtube.com\/c\/phonak\"]},{\"@type\":\"Person\",\"@id\":\"https:\/\/audiologyblog.phonakpro.com\/#\/schema\/person\/faf8a35d86e8b66f8339dafc67ff66bb\",\"name\":\"Elizabeth Heinrichs-Graham\",\"description\":\"Dr. Heinrichs-Graham's research looks at the effects of hearing loss on brain function, language, and cognitive development in children and adolescents.\",\"url\":\"https:\/\/audiologyblog.phonakpro.com\/de\/author\/elizabeth-heinrichs-graham\/\"}]}<\/script>\n<!-- \/ Yoast SEO plugin. -->","yoast_head_json":{"title":"Wie die Dynamik des Gehirns bei Kindern mit H\u00f6rverlust variiert | Audiology Blog","robots":{"index":"index","follow":"follow","max-snippet":"max-snippet:-1","max-image-preview":"max-image-preview:large","max-video-preview":"max-video-preview:-1"},"canonical":"https:\/\/audiologyblog.phonakpro.com\/de\/wie-die-dynamik-des-gehirns-bei-kindern-mit-hoerverlust-variiert\/","og_locale":"de_DE","og_type":"article","og_title":"Wie die Dynamik des Gehirns bei Kindern mit H\u00f6rverlust variiert | Audiology Blog","og_description":"Kann die funktionelle Bildgebung des Gehirns Aufschluss dar\u00fcber geben, wie sich die Nutzung von H\u00f6rger\u00e4ten bei Kindern auf das Arbeitsged\u00e4chtnis auswirkt? Forscher am Boys Town National Research Hospital geben eine Antwort auf diese Frage.","og_url":"https:\/\/audiologyblog.phonakpro.com\/de\/wie-die-dynamik-des-gehirns-bei-kindern-mit-hoerverlust-variiert\/","og_site_name":"Phonak Audiology Blog - Phonak Pro - life is on","article_publisher":"https:\/\/www.facebook.com\/phonak","article_published_time":"2022-04-14T12:00:00+00:00","og_image":[{"width":2560,"height":1707,"url":"https:\/\/audiologyblog.phonakpro.com\/wp-content\/uploads\/2021\/11\/iStock-1042602748-scaled.jpg","type":"image\/jpeg"}],"author":"Elizabeth Heinrichs-Graham","twitter_card":"summary_large_image","twitter_creator":"@phonak","twitter_site":"@phonak","twitter_misc":{"Verfasst von":"Elizabeth Heinrichs-Graham","Gesch\u00e4tzte Lesezeit":"3\u00a0Minuten"},"schema":{"@context":"https:\/\/schema.org","@graph":[{"@type":"Article","@id":"https:\/\/audiologyblog.phonakpro.com\/de\/wie-die-dynamik-des-gehirns-bei-kindern-mit-hoerverlust-variiert\/#article","isPartOf":{"@id":"https:\/\/audiologyblog.phonakpro.com\/de\/wie-die-dynamik-des-gehirns-bei-kindern-mit-hoerverlust-variiert\/"},"author":{"name":"Elizabeth Heinrichs-Graham","@id":"https:\/\/audiologyblog.phonakpro.com\/#\/schema\/person\/faf8a35d86e8b66f8339dafc67ff66bb"},"headline":"Wie die Dynamik des Gehirns bei Kindern mit H\u00f6rverlust variiert","datePublished":"2022-04-14T12:00:00+00:00","mainEntityOfPage":{"@id":"https:\/\/audiologyblog.phonakpro.com\/de\/wie-die-dynamik-des-gehirns-bei-kindern-mit-hoerverlust-variiert\/"},"wordCount":665,"commentCount":0,"publisher":{"@id":"https:\/\/audiologyblog.phonakpro.com\/#organization"},"image":{"@id":"https:\/\/audiologyblog.phonakpro.com\/de\/wie-die-dynamik-des-gehirns-bei-kindern-mit-hoerverlust-variiert\/#primaryimage"},"thumbnailUrl":"https:\/\/audiologyblog.phonakpro.com\/wp-content\/uploads\/2021\/11\/iStock-1042602748-scaled.jpg","keywords":["#audiology","#besserh\u00f6ren","#hearingaids","#h\u00f6rakustik","#h\u00f6rger\u00e4te","#schwerh\u00f6rigkeit"],"articleSection":["Aus der Praxis","P\u00e4dakustik"],"inLanguage":"de","potentialAction":[{"@type":"CommentAction","name":"Comment","target":["https:\/\/audiologyblog.phonakpro.com\/de\/wie-die-dynamik-des-gehirns-bei-kindern-mit-hoerverlust-variiert\/#respond"]}]},{"@type":"WebPage","@id":"https:\/\/audiologyblog.phonakpro.com\/de\/wie-die-dynamik-des-gehirns-bei-kindern-mit-hoerverlust-variiert\/","url":"https:\/\/audiologyblog.phonakpro.com\/de\/wie-die-dynamik-des-gehirns-bei-kindern-mit-hoerverlust-variiert\/","name":"Wie die Dynamik des Gehirns bei Kindern mit H\u00f6rverlust variiert | Audiology Blog","isPartOf":{"@id":"https:\/\/audiologyblog.phonakpro.com\/#website"},"primaryImageOfPage":{"@id":"https:\/\/audiologyblog.phonakpro.com\/de\/wie-die-dynamik-des-gehirns-bei-kindern-mit-hoerverlust-variiert\/#primaryimage"},"image":{"@id":"https:\/\/audiologyblog.phonakpro.com\/de\/wie-die-dynamik-des-gehirns-bei-kindern-mit-hoerverlust-variiert\/#primaryimage"},"thumbnailUrl":"https:\/\/audiologyblog.phonakpro.com\/wp-content\/uploads\/2021\/11\/iStock-1042602748-scaled.jpg","datePublished":"2022-04-14T12:00:00+00:00","breadcrumb":{"@id":"https:\/\/audiologyblog.phonakpro.com\/de\/wie-die-dynamik-des-gehirns-bei-kindern-mit-hoerverlust-variiert\/#breadcrumb"},"inLanguage":"de","potentialAction":[{"@type":"ReadAction","target":["https:\/\/audiologyblog.phonakpro.com\/de\/wie-die-dynamik-des-gehirns-bei-kindern-mit-hoerverlust-variiert\/"]}]},{"@type":"ImageObject","inLanguage":"de","@id":"https:\/\/audiologyblog.phonakpro.com\/de\/wie-die-dynamik-des-gehirns-bei-kindern-mit-hoerverlust-variiert\/#primaryimage","url":"https:\/\/audiologyblog.phonakpro.com\/wp-content\/uploads\/2021\/11\/iStock-1042602748-scaled.jpg","contentUrl":"https:\/\/audiologyblog.phonakpro.com\/wp-content\/uploads\/2021\/11\/iStock-1042602748-scaled.jpg","width":2560,"height":1707,"caption":"Cute STEM schoolgirl gestures while examining and asking questions about the human brain. Her teacher is teaching her about the brain by using a human brain model."},{"@type":"BreadcrumbList","@id":"https:\/\/audiologyblog.phonakpro.com\/de\/wie-die-dynamik-des-gehirns-bei-kindern-mit-hoerverlust-variiert\/#breadcrumb","itemListElement":[{"@type":"ListItem","position":1,"name":"Home","item":"https:\/\/audiologyblog.phonakpro.com\/de\/"},{"@type":"ListItem","position":2,"name":"Wie die Dynamik des Gehirns bei Kindern mit H\u00f6rverlust variiert"}]},{"@type":"WebSite","@id":"https:\/\/audiologyblog.phonakpro.com\/#website","url":"https:\/\/audiologyblog.phonakpro.com\/","name":"Phonak Audiology Blog - Phonak Pro - life is on","description":"1The Phonak Audiology Blog presents audiological topics, research and hearing technology updates from experts at Phonak and across the hearing industry.","publisher":{"@id":"https:\/\/audiologyblog.phonakpro.com\/#organization"},"potentialAction":[{"@type":"SearchAction","target":{"@type":"EntryPoint","urlTemplate":"https:\/\/audiologyblog.phonakpro.com\/?s={search_term_string}"},"query-input":{"@type":"PropertyValueSpecification","valueRequired":true,"valueName":"search_term_string"}}],"inLanguage":"de"},{"@type":"Organization","@id":"https:\/\/audiologyblog.phonakpro.com\/#organization","name":"Phonak Audiology Blog - Phonak Pro - life is on","url":"https:\/\/audiologyblog.phonakpro.com\/","logo":{"@type":"ImageObject","inLanguage":"de","@id":"https:\/\/audiologyblog.phonakpro.com\/#\/schema\/logo\/image\/","url":"https:\/\/audiologyblog.phonakpro.com\/wp-content\/uploads\/2016\/09\/Logo_Phonak_life_is_on_pos_RGB_300dpi.jpg","contentUrl":"https:\/\/audiologyblog.phonakpro.com\/wp-content\/uploads\/2016\/09\/Logo_Phonak_life_is_on_pos_RGB_300dpi.jpg","width":1630,"height":863,"caption":"Phonak Audiology Blog - Phonak Pro - life is on"},"image":{"@id":"https:\/\/audiologyblog.phonakpro.com\/#\/schema\/logo\/image\/"},"sameAs":["https:\/\/www.facebook.com\/phonak","https:\/\/x.com\/phonak","https:\/\/www.instagram.com\/phonak","https:\/\/www.linkedin.com\/company\/phonak","https:\/\/www.youtube.com\/c\/phonak"]},{"@type":"Person","@id":"https:\/\/audiologyblog.phonakpro.com\/#\/schema\/person\/faf8a35d86e8b66f8339dafc67ff66bb","name":"Elizabeth Heinrichs-Graham","description":"Dr. Heinrichs-Graham's research looks at the effects of hearing loss on brain function, language, and cognitive development in children and adolescents.","url":"https:\/\/audiologyblog.phonakpro.com\/de\/author\/elizabeth-heinrichs-graham\/"}]}},"_links":{"self":[{"href":"https:\/\/audiologyblog.phonakpro.com\/de\/wp-json\/wp\/v2\/posts\/558971","targetHints":{"allow":["GET"]}}],"collection":[{"href":"https:\/\/audiologyblog.phonakpro.com\/de\/wp-json\/wp\/v2\/posts"}],"about":[{"href":"https:\/\/audiologyblog.phonakpro.com\/de\/wp-json\/wp\/v2\/types\/post"}],"author":[{"embeddable":true,"href":"https:\/\/audiologyblog.phonakpro.com\/de\/wp-json\/wp\/v2\/users\/182"}],"replies":[{"embeddable":true,"href":"https:\/\/audiologyblog.phonakpro.com\/de\/wp-json\/wp\/v2\/comments?post=558971"}],"version-history":[{"count":8,"href":"https:\/\/audiologyblog.phonakpro.com\/de\/wp-json\/wp\/v2\/posts\/558971\/revisions"}],"predecessor-version":[{"id":559029,"href":"https:\/\/audiologyblog.phonakpro.com\/de\/wp-json\/wp\/v2\/posts\/558971\/revisions\/559029"}],"wp:featuredmedia":[{"embeddable":true,"href":"https:\/\/audiologyblog.phonakpro.com\/de\/wp-json\/wp\/v2\/media\/519711"}],"wp:attachment":[{"href":"https:\/\/audiologyblog.phonakpro.com\/de\/wp-json\/wp\/v2\/media?parent=558971"}],"wp:term":[{"taxonomy":"category","embeddable":true,"href":"https:\/\/audiologyblog.phonakpro.com\/de\/wp-json\/wp\/v2\/categories?post=558971"},{"taxonomy":"post_tag","embeddable":true,"href":"https:\/\/audiologyblog.phonakpro.com\/de\/wp-json\/wp\/v2\/tags?post=558971"}],"curies":[{"name":"wp","href":"https:\/\/api.w.org\/{rel}","templated":true}]}}