{"id":5324,"date":"2018-10-04T11:19:18","date_gmt":"2018-10-04T09:19:18","guid":{"rendered":"https:\/\/audiologyblog.phonakpro.com\/?p=5324"},"modified":"2018-10-15T16:38:52","modified_gmt":"2018-10-15T14:38:52","slug":"psst-seid-doch-mal-leise","status":"publish","type":"post","link":"https:\/\/audiologyblog.phonakpro.com\/de\/psst-seid-doch-mal-leise\/","title":{"rendered":"Psst \u2013 seid doch mal leise!"},"content":{"rendered":"<p>Kennen Sie das noch aus Ihrer Schulzeit? Sie sitzen in der hinteren Reihe und irgendwie h\u00f6ren Sie alles &#8211; nur nicht die Lehrkraft. Da wird getuschelt, diskutiert und f\u00fcr den Nachmittag verabredet\u2026und pl\u00f6tzlich dringt eine laute Lehrerstimme nach hinten durch mit der Bitte um Aufmerksamkeit. Stimmt, da war ja noch jemand! Ganz sch\u00f6n anstrengend, so eine Schulstunde. Obwohl man eigentlich nur zuh\u00f6ren muss, ist man \u00f6fter \u201efix und fertig\u201c. Aber woher kommen eigentlich diese Umgebungsger\u00e4usche, wenn alle doch nur ganz leise reden? Da treffen gef\u00fchlt zwei Fronten aufeinander \u2013 schauen wir uns das mal an.<\/p>\n<p>F\u00fcr optimales Verstehen und Lernen \u2013 egal ob in Klassenzimmern, Schulungs- oder Besprechungsr\u00e4umen \u2013 sollten alle Zuh\u00f6rer in der Lage sein, die Stimme des Sprechers optimal zu verstehen. Nehmen wir das Beispiel eines Klassenzimmers, in dem Sch\u00fcler 75% des Tages mit Aktivit\u00e4ten verbringen, die mit H\u00f6ren, Zuh\u00f6ren und Verstehen zu tun haben.<sup>1<\/sup> Die Anzahl der Sch\u00fcler pro Klasse steigt kontinuierlich, die Anzahl der Sch\u00fcler mit Migrationshintergrund \u00fcberproportional. Gutes Verstehen wird also immer wichtiger und zugleich in der gro\u00dfen Gruppe immer schwerer. Nicht ohne Grund gab es in der Schulgeschichte schon sogenannte \u201eSprachlabore\u201c, in denen eine Fremdsprache \u00fcber Kopfh\u00f6rer gelehrt wurde, um alles optimal h\u00f6rbar zu machen \u2013 die sich aber leider nicht durchgesetzt haben.<\/p>\n<p>F\u00fcr Lehrer bedeutet die erh\u00f6hte Sch\u00fclerzahl oft mehr stimmliche Anstrengung und psychische Belastung durch den erh\u00f6hten Klassenrauml\u00e4rmpegel von 60 bis 77 dB(A)<sup>2<\/sup>. Es ist zwar sch\u00f6n zu sehen, dass Klassenr\u00e4ume zunehmend entweder modernisiert werden oder beim Neubau die komplette technische und optische Ausstattung erhalten: eine ansprechende Raumgestaltung, gute Lichtausstrahlung, Internet, interaktive digitale Wandtafeln, usw. Die Klassenraumakustik wird dabei jedoch h\u00e4ufig nicht ber\u00fccksichtigt. Schallharte Fl\u00e4chen und der Abstand zwischen Sprecher und Zuh\u00f6rer f\u00fchren zu zwei Herausforderungen: unerw\u00fcnschte sp\u00e4te Echos (Nachhall) und ein unvorteilhaftes Lautst\u00e4rkenverh\u00e4ltnis von Sprache (Lehrkraft) zu St\u00f6rl\u00e4rm (Klassenrauml\u00e4rmpegel).<\/p>\n<p>Die DIN 18041 (2016) empfiehlt f\u00fcr Klassenr\u00e4ume, je nach Einsatz des Raumes (Sprach-, Musikunterricht) und Volumen, einen Nachhallwert von max. ca. 0,5 sec. Die Realit\u00e4t zeigt, dass dieser in den wenigsten F\u00e4llen umgesetzt wird: Jeder dritte Klassenraum erf\u00fcllt die akustischen Anforderungen nicht<sup>3<\/sup>, teilweise liegen die Nachhallzeitwerte bei \u00fcber 2 sec. Die Folge: schlechtes Sprachverstehen.<\/p>\n<figure id=\"attachment_5329\" aria-describedby=\"caption-attachment-5329\" style=\"width: 590px\" class=\"wp-caption alignright\"><img loading=\"lazy\" decoding=\"async\" class=\"wp-image-5329 size-medium_large\" src=\"https:\/\/audiologyblog.phonakpro.com\/wp-content\/uploads\/2018\/10\/Abklingen-der-Stimme-im-Klassenzimmer-590x426.png\" alt=\"\" width=\"590\" height=\"426\" srcset=\"https:\/\/audiologyblog.phonakpro.com\/wp-content\/uploads\/2018\/10\/Abklingen-der-Stimme-im-Klassenzimmer-590x426.png 590w, https:\/\/audiologyblog.phonakpro.com\/wp-content\/uploads\/2018\/10\/Abklingen-der-Stimme-im-Klassenzimmer-582x420.png 582w, https:\/\/audiologyblog.phonakpro.com\/wp-content\/uploads\/2018\/10\/Abklingen-der-Stimme-im-Klassenzimmer-310x224.png 310w, https:\/\/audiologyblog.phonakpro.com\/wp-content\/uploads\/2018\/10\/Abklingen-der-Stimme-im-Klassenzimmer-802x579.png 802w, https:\/\/audiologyblog.phonakpro.com\/wp-content\/uploads\/2018\/10\/Abklingen-der-Stimme-im-Klassenzimmer.png 954w\" sizes=\"auto, (max-width: 590px) 100vw, 590px\" \/><figcaption id=\"caption-attachment-5329\" class=\"wp-caption-text\">Das Abklingen der Stimme im Klassenzimmer: Spricht eine Lehrkraft mit 70dB gemessen in 1m Abstand, so reduziert sich die Sprachlautst\u00e4rke mit 6dB pro Abstandverdopplung, der St\u00f6rl\u00e4rm (mittlere Umgebungsger\u00e4usche, 60dB) bleibt konstant. Schon ab 4m \u00fcberwiegt der St\u00f6rl\u00e4rm zur Sprache (SNR = -2dB)<\/figcaption><\/figure>\n<p>Schallabsorbierende Ma\u00dfnahmen wie Deckenabsorber, aber auch Gardinen etc. k\u00f6nnen helfen, den Nachhall ma\u00dfgeblich zu reduzieren. Ein reduzierter Nachhall \u00e4ndert jedoch immer noch nichts daran, dass Sprache in einem bis zu 10m langen Klassenraum \u00fcber die L\u00e4nge abklingt: Nehmen wir an, die Lehrkraft spricht mit 70dB gemessen in 1m Abstand. Die Sprachlautst\u00e4rke reduziert sich nun mit 6dB pro Abstandverdopplung, der St\u00f6rl\u00e4rm (mittlere Umgebungsger\u00e4usche, 60dB) bleibt konstant. Schon ab 4m \u00fcberwiegt der St\u00f6rl\u00e4rm zur Sprache (SNR = -2dB). Um ein effektives Sprachverstehen zu erreichen, ist ein Vorteil von +15dB erforderlich &#8211; und das idealerweise an jedem Platz im Klassenzimmer. Wie kann dies erreicht werden? Und wie kann die stimmliche Belastung der Lehrkr\u00e4fte reduziert werden, die w\u00f6chentlich zu 1 Million ersatzlos ausgefallenen Unterrichtsstunden in Deutschland f\u00fchrt<sup>4<\/sup>?<\/p>\n<p>Der Verein Deutscher Ingenieure (VDI 2058) schreibt in R\u00e4umen, in denen vorwiegend geistige T\u00e4tigkeiten ausge\u00fcbt werden, einen St\u00f6rschallpegel von h\u00f6chstens 55 dB vor (so wie in jedem ruhigen B\u00fcro). Da(s) soll einer \u201everstehen\u201c\u2026<\/p>\n<p>Um diese Werte und ein gutes Sprachverstehen bei Sch\u00fclern sowie eine m\u00f6glichst geringe stimmliche Anstrengung bei der Lehrkraft zu erreichen, werden zunehmend sogenannte <a href=\"http:\/\/www.schillerschule-unna.de\/soundfield.htm\" target=\"_blank\" rel=\"noopener\">Soundfield Anlagen<\/a> eingesetzt. In den USA und in Kanada wurden bereits Tausende solcher Systeme installiert, da immer mehr Schulen die Vorteile entdecken. Zahlreiche Untersuchungen in den letzten 20 Jahren haben gezeigt, dass durch den Einsatz von Soundfield die Pr\u00fcfungsergebnisse und die Mitarbeit der Sch\u00fcler gef\u00f6rdert und gleichzeitig das Auftreten von Verhaltensauff\u00e4lligkeiten und Stimmproblemen bei den Lehrkr\u00e4ften reduziert wird.<\/p>\n<p>Ein Soundfield System besteht aus einem drahtlosen Sendermikrofon und einem oder mehreren Lautsprechern, die Sprache \u00fcberall in den Raum ann\u00e4hernd gleichm\u00e4\u00dfig und damit gut h\u00f6rbar verteilen. Moderne Systeme schaffen es dank einer zylindrischen Schallabstrahlung bereits mit nur einer Klangs\u00e4ule, den Schall mit nur 3dB Abstandverlust im Raum zu verteilen, so dass die Stimme ann\u00e4hernd gleichlaut im Raum verteilt ankommt. Ein normaler Monolautsprecher mit Kugelcharakteristik schafft das nicht, und so k\u00f6nnte es zwar f\u00fcr Sch\u00fcler in der letzten \u00a0Reihe angenehm sein, aber in der ersten Reihe kommt das Schallsignal viel zu laut an. Ein weiterer Punkt ist die \u00dcbertragungscharakteristik: Gute Systeme verst\u00e4rken nur minimal im sprachrelevanten Bereich und passen sich adaptiv den Umgebungsger\u00e4uschen an, so dass stets die \u201eakustische Oberhand\u201c, sprich ein positiver SNR, an allen Pl\u00e4tzen im Raum besteht \u2013 und damit optimale H\u00f6rbedingungen f\u00fcr den Lernerfolg der Sch\u00fcler.<\/p>\n<p>Studien zeigen: Auch Lehrer profitieren deutlich von einer Soundfield Anlage, die f\u00fcr 100% weniger Stimmerm\u00fcdung sorgt (die Abwesenheit von Lehrkr\u00e4ften auf Grund der stimmlichen Anstrengung und Erm\u00fcdung reduzierte sich innerhalb eines Jahres von 15% auf einen Durchschnittwert von 2-3%)<sup>5<\/sup>.<\/p>\n<p>Untersuchungen von Prof. Dr. Marion Herrmann-R\u00f6ttgen, Professorin f\u00fcr Gesundheitswissenschaft, Lehrp\u00e4dagogin und Sprecherzieherin zeigen die Vorteile eines Soundfield Systems in der modernen Unterrichtsgestaltung<sup>6<\/sup>:<\/p>\n<ul>\n<li>keine\/reduzierte Stimmanstrengung<\/li>\n<li>Sprecher m\u00fcssen nichts wiederholen<\/li>\n<li>Deutlich weniger Nebenger\u00e4usche<\/li>\n<li>H\u00f6here Aufmerksamkeit, gerade in den letzten Schulstunden<\/li>\n<li>Signifikante Beschleunigung der sprachlichen Entwicklung schwacher Kinder<\/li>\n<li>Bessere Lernleistung der Kinder<\/li>\n<\/ul>\n<p>Wer mehr \u00fcber Akustik und Soundfield in Schulen erfahren m\u00f6chte, dem empfehle ich die Lekt\u00fcre der vier Studien zum Thema Akustik und Lernverhalten von Marion Hermann-R\u00f6ttgen und Gero Kerig (2015, ISBN 978-3-95612-102-9).<\/p>\n<p>&nbsp;<\/p>\n<p><span style=\"font-size: 8pt;\"><sup>1 <\/sup>Dahlquist, L.H. (1998, March). Classroom amplification: Not just for the hearing impaired anymore. Paper presented at the California State University Northridge Center Conference, Los Angeles, CA. \/ Smaldino, J.J., &amp; Crandell, C.C. (2000). Classroom amplification technology: Theory and practice. Language, Speech and Hearing Services in Schools, 31, 371-375. doi: 10.1044\/0161-1461.3104.371<\/span><\/p>\n<p><span style=\"font-size: 8pt;\"><sup>2<\/sup> Dockrell J, Shield B (2004). Children\u2019s perceptions of their acoustic environment at school and at home. J Acoust Soc Am\u00a0<\/span><span style=\"font-size: 8pt;\">115: 2964-2973.<\/span><\/p>\n<p><span style=\"font-size: 8pt;\"><sup>3<\/sup> \u201eL\u00e4rmschutz in Hessen\u201c, Hessisches Landesamt f\u00fcr Umwelt und Geologie, Heft 4, 2007<\/span><\/p>\n<p><span style=\"font-size: 8pt;\"><sup>4 <\/sup>Spiegel Online (2012): Unterrichtsausfall. Gymnasiasten verpassen ein ganzes Schuljahr. <a href=\"http:\/\/www.spiegel.de\/lebenundlernen\/schule\/unterrichtsausfall-gymnasiasten-verpassen-ein-ganzes-schuljahr-a-812028.html\">www.spiegel.de\/lebenundlernen\/schule\/unterrichtsausfall-gymnasiasten-verpassen-ein-ganzes-schuljahr-a-812028.html<\/a><\/span><\/p>\n<p><span style=\"font-size: 8pt;\"><sup>5<\/sup>Das MARRS Projekt: Mainstream Amplification Resource Room Study. 2005. <a href=\"http:\/\/www.classroomhearing.org\/research\/marrsStudy.html\">http:\/\/www.classroomhearing.org\/research\/marrsStudy.html<\/a> (letzter Zugriff: 28.11.2016)<\/span><\/p>\n<p><span style=\"font-size: 8pt;\"><sup>6<\/sup> Hermann-R\u00f6ttgen, M., Kerig, G. (2015). Besser h\u00f6ren \u2013 besser zuh\u00f6ren \u2013 besser lernen: Vier Studien zum Thema Akustik und Lernverhalten. opus magnum.<\/span><\/p>\n","protected":false},"excerpt":{"rendered":"<p>Allt\u00e4glicher Schull\u00e4rm kann sich gravierend auf die (H\u00f6r-)Gesundheit von Sch\u00fclern und Lehrern auswirken. Doch es gibt L\u00f6sungen gegen die akustische Belastung im Klassenzimmer.<\/p>\n","protected":false},"author":69,"featured_media":5326,"comment_status":"open","ping_status":"open","sticky":false,"template":"","format":"standard","meta":{"footnotes":""},"categories":[12],"tags":[],"class_list":["post-5324","post","type-post","status-publish","format-standard","has-post-thumbnail","hentry","category-aus-der-praxis"],"acf":[],"yoast_head":"<!-- This site is optimized with the Yoast SEO plugin v25.9 - https:\/\/yoast.com\/wordpress\/plugins\/seo\/ -->\n<title>Psst \u2013 seid doch mal leise! | Audiology Blog<\/title>\n<meta name=\"robots\" content=\"index, follow, max-snippet:-1, max-image-preview:large, max-video-preview:-1\" \/>\n<link rel=\"canonical\" href=\"https:\/\/audiologyblog.phonakpro.com\/de\/psst-seid-doch-mal-leise\/\" \/>\n<meta property=\"og:locale\" content=\"de_DE\" \/>\n<meta property=\"og:type\" content=\"article\" \/>\n<meta property=\"og:title\" content=\"Psst \u2013 seid doch mal leise! | Audiology Blog\" \/>\n<meta property=\"og:description\" content=\"Allt\u00e4glicher Schull\u00e4rm kann sich gravierend auf die (H\u00f6r-)Gesundheit von Sch\u00fclern und Lehrern auswirken. Doch es gibt L\u00f6sungen gegen die akustische Belastung im Klassenzimmer.\" \/>\n<meta property=\"og:url\" content=\"https:\/\/audiologyblog.phonakpro.com\/de\/psst-seid-doch-mal-leise\/\" \/>\n<meta property=\"og:site_name\" content=\"Phonak Audiology Blog - Phonak Pro - life is on\" \/>\n<meta property=\"article:publisher\" content=\"https:\/\/www.facebook.com\/phonak\" \/>\n<meta property=\"article:published_time\" content=\"2018-10-04T09:19:18+00:00\" \/>\n<meta property=\"article:modified_time\" content=\"2018-10-15T14:38:52+00:00\" \/>\n<meta property=\"og:image\" content=\"https:\/\/audiologyblog.phonakpro.com\/wp-content\/uploads\/2018\/10\/MG_7663-scaled.jpg\" \/>\n\t<meta property=\"og:image:width\" content=\"2560\" \/>\n\t<meta property=\"og:image:height\" content=\"1810\" \/>\n\t<meta property=\"og:image:type\" content=\"image\/jpeg\" \/>\n<meta name=\"author\" content=\"Martin L\u00fctzen\" \/>\n<meta name=\"twitter:card\" content=\"summary_large_image\" \/>\n<meta name=\"twitter:creator\" content=\"@phonak\" \/>\n<meta name=\"twitter:site\" content=\"@phonak\" \/>\n<meta name=\"twitter:label1\" content=\"Verfasst von\" \/>\n\t<meta name=\"twitter:data1\" content=\"Martin L\u00fctzen\" \/>\n\t<meta name=\"twitter:label2\" content=\"Gesch\u00e4tzte Lesezeit\" \/>\n\t<meta name=\"twitter:data2\" content=\"6\u00a0Minuten\" \/>\n<script type=\"application\/ld+json\" class=\"yoast-schema-graph\">{\"@context\":\"https:\/\/schema.org\",\"@graph\":[{\"@type\":\"Article\",\"@id\":\"https:\/\/audiologyblog.phonakpro.com\/de\/psst-seid-doch-mal-leise\/#article\",\"isPartOf\":{\"@id\":\"https:\/\/audiologyblog.phonakpro.com\/de\/psst-seid-doch-mal-leise\/\"},\"author\":{\"name\":\"Martin L\u00fctzen\",\"@id\":\"https:\/\/audiologyblog.phonakpro.com\/#\/schema\/person\/9e427100eba0d5a25489e6222b670ec4\"},\"headline\":\"Psst \u2013 seid doch mal leise!\",\"datePublished\":\"2018-10-04T09:19:18+00:00\",\"dateModified\":\"2018-10-15T14:38:52+00:00\",\"mainEntityOfPage\":{\"@id\":\"https:\/\/audiologyblog.phonakpro.com\/de\/psst-seid-doch-mal-leise\/\"},\"wordCount\":1129,\"commentCount\":0,\"publisher\":{\"@id\":\"https:\/\/audiologyblog.phonakpro.com\/#organization\"},\"image\":{\"@id\":\"https:\/\/audiologyblog.phonakpro.com\/de\/psst-seid-doch-mal-leise\/#primaryimage\"},\"thumbnailUrl\":\"https:\/\/audiologyblog.phonakpro.com\/wp-content\/uploads\/2018\/10\/MG_7663-scaled.jpg\",\"articleSection\":[\"Aus der Praxis\"],\"inLanguage\":\"de\",\"potentialAction\":[{\"@type\":\"CommentAction\",\"name\":\"Comment\",\"target\":[\"https:\/\/audiologyblog.phonakpro.com\/de\/psst-seid-doch-mal-leise\/#respond\"]}]},{\"@type\":\"WebPage\",\"@id\":\"https:\/\/audiologyblog.phonakpro.com\/de\/psst-seid-doch-mal-leise\/\",\"url\":\"https:\/\/audiologyblog.phonakpro.com\/de\/psst-seid-doch-mal-leise\/\",\"name\":\"Psst \u2013 seid doch mal leise! | Audiology Blog\",\"isPartOf\":{\"@id\":\"https:\/\/audiologyblog.phonakpro.com\/#website\"},\"primaryImageOfPage\":{\"@id\":\"https:\/\/audiologyblog.phonakpro.com\/de\/psst-seid-doch-mal-leise\/#primaryimage\"},\"image\":{\"@id\":\"https:\/\/audiologyblog.phonakpro.com\/de\/psst-seid-doch-mal-leise\/#primaryimage\"},\"thumbnailUrl\":\"https:\/\/audiologyblog.phonakpro.com\/wp-content\/uploads\/2018\/10\/MG_7663-scaled.jpg\",\"datePublished\":\"2018-10-04T09:19:18+00:00\",\"dateModified\":\"2018-10-15T14:38:52+00:00\",\"breadcrumb\":{\"@id\":\"https:\/\/audiologyblog.phonakpro.com\/de\/psst-seid-doch-mal-leise\/#breadcrumb\"},\"inLanguage\":\"de\",\"potentialAction\":[{\"@type\":\"ReadAction\",\"target\":[\"https:\/\/audiologyblog.phonakpro.com\/de\/psst-seid-doch-mal-leise\/\"]}]},{\"@type\":\"ImageObject\",\"inLanguage\":\"de\",\"@id\":\"https:\/\/audiologyblog.phonakpro.com\/de\/psst-seid-doch-mal-leise\/#primaryimage\",\"url\":\"https:\/\/audiologyblog.phonakpro.com\/wp-content\/uploads\/2018\/10\/MG_7663-scaled.jpg\",\"contentUrl\":\"https:\/\/audiologyblog.phonakpro.com\/wp-content\/uploads\/2018\/10\/MG_7663-scaled.jpg\",\"width\":2560,\"height\":1810,\"caption\":\"Ger\u00e4uschpegel im Schulalltag\"},{\"@type\":\"BreadcrumbList\",\"@id\":\"https:\/\/audiologyblog.phonakpro.com\/de\/psst-seid-doch-mal-leise\/#breadcrumb\",\"itemListElement\":[{\"@type\":\"ListItem\",\"position\":1,\"name\":\"Home\",\"item\":\"https:\/\/audiologyblog.phonakpro.com\/de\/\"},{\"@type\":\"ListItem\",\"position\":2,\"name\":\"Psst \u2013 seid doch mal leise!\"}]},{\"@type\":\"WebSite\",\"@id\":\"https:\/\/audiologyblog.phonakpro.com\/#website\",\"url\":\"https:\/\/audiologyblog.phonakpro.com\/\",\"name\":\"Phonak Audiology Blog - Phonak Pro - life is on\",\"description\":\"1The Phonak Audiology Blog presents audiological topics, research and hearing technology updates from experts at Phonak and across the hearing industry.\",\"publisher\":{\"@id\":\"https:\/\/audiologyblog.phonakpro.com\/#organization\"},\"potentialAction\":[{\"@type\":\"SearchAction\",\"target\":{\"@type\":\"EntryPoint\",\"urlTemplate\":\"https:\/\/audiologyblog.phonakpro.com\/?s={search_term_string}\"},\"query-input\":{\"@type\":\"PropertyValueSpecification\",\"valueRequired\":true,\"valueName\":\"search_term_string\"}}],\"inLanguage\":\"de\"},{\"@type\":\"Organization\",\"@id\":\"https:\/\/audiologyblog.phonakpro.com\/#organization\",\"name\":\"Phonak Audiology Blog - Phonak Pro - life is on\",\"url\":\"https:\/\/audiologyblog.phonakpro.com\/\",\"logo\":{\"@type\":\"ImageObject\",\"inLanguage\":\"de\",\"@id\":\"https:\/\/audiologyblog.phonakpro.com\/#\/schema\/logo\/image\/\",\"url\":\"https:\/\/audiologyblog.phonakpro.com\/wp-content\/uploads\/2016\/09\/Logo_Phonak_life_is_on_pos_RGB_300dpi.jpg\",\"contentUrl\":\"https:\/\/audiologyblog.phonakpro.com\/wp-content\/uploads\/2016\/09\/Logo_Phonak_life_is_on_pos_RGB_300dpi.jpg\",\"width\":1630,\"height\":863,\"caption\":\"Phonak Audiology Blog - Phonak Pro - life is on\"},\"image\":{\"@id\":\"https:\/\/audiologyblog.phonakpro.com\/#\/schema\/logo\/image\/\"},\"sameAs\":[\"https:\/\/www.facebook.com\/phonak\",\"https:\/\/x.com\/phonak\",\"https:\/\/www.instagram.com\/phonak\",\"https:\/\/www.linkedin.com\/company\/phonak\",\"https:\/\/www.youtube.com\/c\/phonak\"]},{\"@type\":\"Person\",\"@id\":\"https:\/\/audiologyblog.phonakpro.com\/#\/schema\/person\/9e427100eba0d5a25489e6222b670ec4\",\"name\":\"Martin L\u00fctzen\",\"description\":\"Martin L\u00fctzen is a trained hearing care professional and certified Engineer (Universities of Applied Sciences) for Hearing Technology and Audiology. Since 2009, he has been in charge of the wireless transmission systems sector within Sonova Deutschland GmbH in Fellbach. Since July 2011, he has managed this sector in its entirety. With his passion for his job, his goal is also to offer a hearing solution to people who do not hear well despite having a normal hearing threshold.\",\"url\":\"https:\/\/audiologyblog.phonakpro.com\/de\/author\/martin_luetzen\/\"}]}<\/script>\n<!-- \/ Yoast SEO plugin. -->","yoast_head_json":{"title":"Psst \u2013 seid doch mal leise! | Audiology Blog","robots":{"index":"index","follow":"follow","max-snippet":"max-snippet:-1","max-image-preview":"max-image-preview:large","max-video-preview":"max-video-preview:-1"},"canonical":"https:\/\/audiologyblog.phonakpro.com\/de\/psst-seid-doch-mal-leise\/","og_locale":"de_DE","og_type":"article","og_title":"Psst \u2013 seid doch mal leise! | Audiology Blog","og_description":"Allt\u00e4glicher Schull\u00e4rm kann sich gravierend auf die (H\u00f6r-)Gesundheit von Sch\u00fclern und Lehrern auswirken. Doch es gibt L\u00f6sungen gegen die akustische Belastung im Klassenzimmer.","og_url":"https:\/\/audiologyblog.phonakpro.com\/de\/psst-seid-doch-mal-leise\/","og_site_name":"Phonak Audiology Blog - Phonak Pro - life is on","article_publisher":"https:\/\/www.facebook.com\/phonak","article_published_time":"2018-10-04T09:19:18+00:00","article_modified_time":"2018-10-15T14:38:52+00:00","og_image":[{"width":2560,"height":1810,"url":"https:\/\/audiologyblog.phonakpro.com\/wp-content\/uploads\/2018\/10\/MG_7663-scaled.jpg","type":"image\/jpeg"}],"author":"Martin L\u00fctzen","twitter_card":"summary_large_image","twitter_creator":"@phonak","twitter_site":"@phonak","twitter_misc":{"Verfasst von":"Martin L\u00fctzen","Gesch\u00e4tzte Lesezeit":"6\u00a0Minuten"},"schema":{"@context":"https:\/\/schema.org","@graph":[{"@type":"Article","@id":"https:\/\/audiologyblog.phonakpro.com\/de\/psst-seid-doch-mal-leise\/#article","isPartOf":{"@id":"https:\/\/audiologyblog.phonakpro.com\/de\/psst-seid-doch-mal-leise\/"},"author":{"name":"Martin L\u00fctzen","@id":"https:\/\/audiologyblog.phonakpro.com\/#\/schema\/person\/9e427100eba0d5a25489e6222b670ec4"},"headline":"Psst \u2013 seid doch mal leise!","datePublished":"2018-10-04T09:19:18+00:00","dateModified":"2018-10-15T14:38:52+00:00","mainEntityOfPage":{"@id":"https:\/\/audiologyblog.phonakpro.com\/de\/psst-seid-doch-mal-leise\/"},"wordCount":1129,"commentCount":0,"publisher":{"@id":"https:\/\/audiologyblog.phonakpro.com\/#organization"},"image":{"@id":"https:\/\/audiologyblog.phonakpro.com\/de\/psst-seid-doch-mal-leise\/#primaryimage"},"thumbnailUrl":"https:\/\/audiologyblog.phonakpro.com\/wp-content\/uploads\/2018\/10\/MG_7663-scaled.jpg","articleSection":["Aus der Praxis"],"inLanguage":"de","potentialAction":[{"@type":"CommentAction","name":"Comment","target":["https:\/\/audiologyblog.phonakpro.com\/de\/psst-seid-doch-mal-leise\/#respond"]}]},{"@type":"WebPage","@id":"https:\/\/audiologyblog.phonakpro.com\/de\/psst-seid-doch-mal-leise\/","url":"https:\/\/audiologyblog.phonakpro.com\/de\/psst-seid-doch-mal-leise\/","name":"Psst \u2013 seid doch mal leise! | Audiology Blog","isPartOf":{"@id":"https:\/\/audiologyblog.phonakpro.com\/#website"},"primaryImageOfPage":{"@id":"https:\/\/audiologyblog.phonakpro.com\/de\/psst-seid-doch-mal-leise\/#primaryimage"},"image":{"@id":"https:\/\/audiologyblog.phonakpro.com\/de\/psst-seid-doch-mal-leise\/#primaryimage"},"thumbnailUrl":"https:\/\/audiologyblog.phonakpro.com\/wp-content\/uploads\/2018\/10\/MG_7663-scaled.jpg","datePublished":"2018-10-04T09:19:18+00:00","dateModified":"2018-10-15T14:38:52+00:00","breadcrumb":{"@id":"https:\/\/audiologyblog.phonakpro.com\/de\/psst-seid-doch-mal-leise\/#breadcrumb"},"inLanguage":"de","potentialAction":[{"@type":"ReadAction","target":["https:\/\/audiologyblog.phonakpro.com\/de\/psst-seid-doch-mal-leise\/"]}]},{"@type":"ImageObject","inLanguage":"de","@id":"https:\/\/audiologyblog.phonakpro.com\/de\/psst-seid-doch-mal-leise\/#primaryimage","url":"https:\/\/audiologyblog.phonakpro.com\/wp-content\/uploads\/2018\/10\/MG_7663-scaled.jpg","contentUrl":"https:\/\/audiologyblog.phonakpro.com\/wp-content\/uploads\/2018\/10\/MG_7663-scaled.jpg","width":2560,"height":1810,"caption":"Ger\u00e4uschpegel im Schulalltag"},{"@type":"BreadcrumbList","@id":"https:\/\/audiologyblog.phonakpro.com\/de\/psst-seid-doch-mal-leise\/#breadcrumb","itemListElement":[{"@type":"ListItem","position":1,"name":"Home","item":"https:\/\/audiologyblog.phonakpro.com\/de\/"},{"@type":"ListItem","position":2,"name":"Psst \u2013 seid doch mal leise!"}]},{"@type":"WebSite","@id":"https:\/\/audiologyblog.phonakpro.com\/#website","url":"https:\/\/audiologyblog.phonakpro.com\/","name":"Phonak Audiology Blog - Phonak Pro - life is on","description":"1The Phonak Audiology Blog presents audiological topics, research and hearing technology updates from experts at Phonak and across the hearing industry.","publisher":{"@id":"https:\/\/audiologyblog.phonakpro.com\/#organization"},"potentialAction":[{"@type":"SearchAction","target":{"@type":"EntryPoint","urlTemplate":"https:\/\/audiologyblog.phonakpro.com\/?s={search_term_string}"},"query-input":{"@type":"PropertyValueSpecification","valueRequired":true,"valueName":"search_term_string"}}],"inLanguage":"de"},{"@type":"Organization","@id":"https:\/\/audiologyblog.phonakpro.com\/#organization","name":"Phonak Audiology Blog - Phonak Pro - life is on","url":"https:\/\/audiologyblog.phonakpro.com\/","logo":{"@type":"ImageObject","inLanguage":"de","@id":"https:\/\/audiologyblog.phonakpro.com\/#\/schema\/logo\/image\/","url":"https:\/\/audiologyblog.phonakpro.com\/wp-content\/uploads\/2016\/09\/Logo_Phonak_life_is_on_pos_RGB_300dpi.jpg","contentUrl":"https:\/\/audiologyblog.phonakpro.com\/wp-content\/uploads\/2016\/09\/Logo_Phonak_life_is_on_pos_RGB_300dpi.jpg","width":1630,"height":863,"caption":"Phonak Audiology Blog - Phonak Pro - life is on"},"image":{"@id":"https:\/\/audiologyblog.phonakpro.com\/#\/schema\/logo\/image\/"},"sameAs":["https:\/\/www.facebook.com\/phonak","https:\/\/x.com\/phonak","https:\/\/www.instagram.com\/phonak","https:\/\/www.linkedin.com\/company\/phonak","https:\/\/www.youtube.com\/c\/phonak"]},{"@type":"Person","@id":"https:\/\/audiologyblog.phonakpro.com\/#\/schema\/person\/9e427100eba0d5a25489e6222b670ec4","name":"Martin L\u00fctzen","description":"Martin L\u00fctzen is a trained hearing care professional and certified Engineer (Universities of Applied Sciences) for Hearing Technology and Audiology. Since 2009, he has been in charge of the wireless transmission systems sector within Sonova Deutschland GmbH in Fellbach. Since July 2011, he has managed this sector in its entirety. With his passion for his job, his goal is also to offer a hearing solution to people who do not hear well despite having a normal hearing threshold.","url":"https:\/\/audiologyblog.phonakpro.com\/de\/author\/martin_luetzen\/"}]}},"_links":{"self":[{"href":"https:\/\/audiologyblog.phonakpro.com\/de\/wp-json\/wp\/v2\/posts\/5324","targetHints":{"allow":["GET"]}}],"collection":[{"href":"https:\/\/audiologyblog.phonakpro.com\/de\/wp-json\/wp\/v2\/posts"}],"about":[{"href":"https:\/\/audiologyblog.phonakpro.com\/de\/wp-json\/wp\/v2\/types\/post"}],"author":[{"embeddable":true,"href":"https:\/\/audiologyblog.phonakpro.com\/de\/wp-json\/wp\/v2\/users\/69"}],"replies":[{"embeddable":true,"href":"https:\/\/audiologyblog.phonakpro.com\/de\/wp-json\/wp\/v2\/comments?post=5324"}],"version-history":[{"count":24,"href":"https:\/\/audiologyblog.phonakpro.com\/de\/wp-json\/wp\/v2\/posts\/5324\/revisions"}],"predecessor-version":[{"id":5340,"href":"https:\/\/audiologyblog.phonakpro.com\/de\/wp-json\/wp\/v2\/posts\/5324\/revisions\/5340"}],"wp:featuredmedia":[{"embeddable":true,"href":"https:\/\/audiologyblog.phonakpro.com\/de\/wp-json\/wp\/v2\/media\/5326"}],"wp:attachment":[{"href":"https:\/\/audiologyblog.phonakpro.com\/de\/wp-json\/wp\/v2\/media?parent=5324"}],"wp:term":[{"taxonomy":"category","embeddable":true,"href":"https:\/\/audiologyblog.phonakpro.com\/de\/wp-json\/wp\/v2\/categories?post=5324"},{"taxonomy":"post_tag","embeddable":true,"href":"https:\/\/audiologyblog.phonakpro.com\/de\/wp-json\/wp\/v2\/tags?post=5324"}],"curies":[{"name":"wp","href":"https:\/\/api.w.org\/{rel}","templated":true}]}}