{"id":508757,"date":"2021-10-15T12:05:02","date_gmt":"2021-10-15T10:05:02","guid":{"rendered":"https:\/\/audiologyblog.phonakpro.com\/?p=508757"},"modified":"2021-12-16T11:33:12","modified_gmt":"2021-12-16T10:33:12","slug":"omnis-directis-an-alle-gerichtet","status":"publish","type":"post","link":"https:\/\/audiologyblog.phonakpro.com\/de\/omnis-directis-an-alle-gerichtet\/","title":{"rendered":"Omnis directis: an alle gerichtet"},"content":{"rendered":"\n<p><br>Doch die R\u00fcckmeldungen offenbarten schnell, dass die Bewegung in der Medienlandschaft der Branche positiv aufgefasst wurde. Manchmal schien es fast, als h\u00e4tten einige geradezu darauf gewartet, dass hier einmal etwas passiert.<br>Zumal es die OMNIdirekt nicht einfach nur als gedrucktes Heft gibt. Mit dem digitalen Magazin bieten wir auch eine spannende Alternative zu bedrucktem Papier. Eine Alternative, die nicht nur Themen wie der Digitalisierung und der Nachhaltigkeit Rechnung tr\u00e4gt, sondern die mit ihren Extras das Erlebnis des Medienkonsums auch merklich erfrischt. Aber dazu gleich mehr. Um nachzuvollziehen, wie es zur Gr\u00fcndung von OMNIdirekt kam, braucht es einen kurzen Blick zur\u00fcck. Wir, also Benjamin J\u00e4ger, Jan-Fabio La Malfa und Dennis Kraus, sind seit mehr als zehn Jahren in der Branche aktiv und haben von Hamburg bzw. St. M\u00e4rgen aus in Lizenz eine andere Fachzeitschrift f\u00fcr die H\u00f6rakustik-Gemeinde gemacht. Doch fehlte es dem Konstrukt an Perspektiven und Gestaltungsm\u00f6glichkeiten. Also wagten wir den Absprung \u2013 und landeten prompt auf eigenen Beinen.<\/p>\n\n\n\n<p><strong>Die Idee<\/strong><\/p>\n\n\n\n<p>Anspruch der OMNIdirekt ist es, in s\u00e4mtliche Richtungen der Branche zu blicken und die H\u00f6rakustik-Gemeinde \u00fcber die verschiedenen Entwicklungen zu informieren. Ganz gleich, ob spannende Neugr\u00fcndung oder seit Langem etabliert, ob Fachbetriebe, Industrie, Institution oder Verb\u00e4nde, Geschichte oder Aktuelles \u2013 wo immer es Wissenswertes zu berichten gibt, wollen wir dabei sein.<\/p>\n\n\n\n<p><\/p>\n\n\n\n<blockquote class=\"wp-block-quote is-layout-flow wp-block-quote-is-layout-flow\"><p><br>Dar\u00fcber hinaus wollen wir mit unserer Arbeit alle Agierenden der Branche ansprechen. <\/p><\/blockquote>\n\n\n\n<p>Um hier etwas Latein zu bem\u00fchen: omnis directis \u2013 an alle gerichtet. Darum wird das gedruckte Heft kostenlos an mehr als 3.000 Inhaberinnen und Inhaber sowie an weitere Interessierte in der Branche verschickt. Das Angebot, das Heft kostenlos beziehen zu k\u00f6nnen, bleibt dauerhaft erhalten.<br>Um aber nicht einfach nur das zu tun, was wir schon vorher taten, n\u00e4mlich ein gedrucktes Heft zu ver\u00f6ffentlichen und dazu ein durchklickbares PDF anzubieten, haben wir ein digitales Magazin initiiert. Im Gegensatz zum gedruckten Heft wird das allerdings nur noch bis zum 31. Dezember dieses Jahres kostenlos aufrufbar sein. Nach der Testphase, in der sowohl wir als auch Sie, liebe Nutzerinnen und Nutzer, erste Erfahrungen mit dem digitalen Angebot machen k\u00f6nnen, werden wir eine Bezahlschranke herunterlassen. Betrachtet man den erheblichen Mehraufwand, der hinter der Erstellung steckt, finden wir das nur fair.<br>Die Kosten f\u00fcr ein Abonnement werden bei 10 Euro im Monat bzw. 100 Euro im Jahr liegen. Die Abonnenten erhalten bei Abschluss eines Abonnements allerdings nicht nur eine, sondern drei Lizenzen, so dass zwei weitere Personen zum Mitlesen eingeladen werden k\u00f6nnen. Und damit w\u00e4ren wir schon beim ersten Mehrwert des digitalen Magazins: Durch die Praxis der drei Lizenzen pro Abonnement erhoffen wir uns, einen Beitrag in puncto Informationsfluss innerhalb der Branche leisten zu k\u00f6nnen. Zumal es beim digitalen Magazin keine Rolle mehr spielt, wo das Heft gerade liegen geblieben ist. Alles, was man zum Lesen braucht, ist ein Rechner, Tablet oder Smartphone mit Internetverbindung.<br><br><strong>Die Zukunft<\/strong> <strong>ist digital<\/strong><\/p>\n\n\n\n<p>Wie eingangs gesagt, wartet das digitale Magazin aber noch mit einigen weiteren Extras auf. So werden hier einzelne Beitr\u00e4ge von Bewegtbildern oder Animationen flankiert, die den Inhalt noch besser erlebbar machen. Zudem k\u00f6nnen \u00fcber verschiedene Unterseiten erg\u00e4nzende Informationen und Weiterleitungen angeboten werden, so dass die Nutzerinnen und Nutzer ein umfassendes Informationsangebot erwartet. Au\u00dferdem lassen sich in der OMNIdirekt Digital ausgew\u00e4hlte Beitr\u00e4ge auch anh\u00f6ren. Artikel oder Portraits werden dabei von den Autoren vorgelesen, Interviews im besten Fall mit den tats\u00e4chlichen Gespr\u00e4chspartnern aufgenommen und bereitgestellt. So k\u00f6nnte man sich sogar unterwegs, zum Beispiel im Auto auf dem Weg in den Betrieb, informieren. Selbst als Lesefauler k\u00f6nnte man so in den Genuss einiger Brancheninformationen kommen. Dar\u00fcber hinaus erscheint das digitale Magazin stets einige Tage vor dem Heft. Man erh\u00e4lt die Informationen also auch schneller. Und nicht zuletzt, so ehrlich wollen wir an dieser Stelle auch sein, erhoffen wir uns nat\u00fcrlich, dass manch Abonnent:in des digitalen Magazins das gedruckte Heft abbestellt. Denn jeder Bogen, der nicht bedruckt, jedes Heft, das nicht verschickt werden muss, ist nicht nur gut f\u00fcr die Umwelt. Es senkt auch unsere Kosten und hilft dabei, neue, spannende digitale Angebote zu schaffen.<\/p>\n\n\n\n<div class=\"wp-block-group\"><div class=\"wp-block-group__inner-container is-layout-flow wp-block-group-is-layout-flow\">\n<hr class=\"wp-block-separator is-style-wide\"\/>\n\n\n\n<div class=\"wp-block-columns is-layout-flex wp-container-core-columns-is-layout-9d6595d7 wp-block-columns-is-layout-flex\">\n<div class=\"wp-block-column is-layout-flow wp-block-column-is-layout-flow\">\n<p>Sie kennen OMNIdirekt noch nicht? Riskieren Sie ruhig einmal einen Klick!<\/p>\n<\/div>\n\n\n\n<div class=\"wp-block-column is-layout-flow wp-block-column-is-layout-flow\"><\/div>\n\n\n\n<div class=\"wp-block-column is-vertically-aligned-center is-layout-flow wp-block-column-is-layout-flow\">\n<div class=\"wp-block-buttons is-content-justification-right is-layout-flex wp-block-buttons-is-layout-flex\">\n<div class=\"wp-block-button\"><a class=\"wp-block-button__link\" href=\"https:\/\/omnidirekt.digital\/de\/website\/uebersicht\" target=\"_blank\" rel=\"noreferrer noopener\">Mehr erfahren<\/a><\/div>\n<\/div>\n<\/div>\n<\/div>\n\n\n\n<hr class=\"wp-block-separator is-style-wide\"\/>\n<\/div><\/div>\n","protected":false},"excerpt":{"rendered":"<p>Mancher mag es mutig gefunden haben, als im August dieses Jahres die erste Ausgabe der OMNIdirekt erschienen ist. Eine dritte Fachzeitschrift f\u00fcr die H\u00f6rakustik-Gemeinde, brauchte es das wirklich?<\/p>\n","protected":false},"author":179,"featured_media":508782,"comment_status":"open","ping_status":"closed","sticky":false,"template":"","format":"standard","meta":{"footnotes":""},"categories":[12],"tags":[59,61,60,63,62,64],"class_list":["post-508757","post","type-post","status-publish","format-standard","has-post-thumbnail","hentry","category-aus-der-praxis","tag-audiology","tag-hearingaids","tag-hearingloss","tag-hoerakustik","tag-hoergeraete","tag-schwerhoerigkeit"],"acf":[],"yoast_head":"<!-- This site is optimized with the Yoast SEO plugin v25.9 - https:\/\/yoast.com\/wordpress\/plugins\/seo\/ -->\n<title>Omnis directis: an alle gerichtet | Audiology Blog<\/title>\n<meta name=\"robots\" content=\"index, follow, max-snippet:-1, max-image-preview:large, max-video-preview:-1\" \/>\n<link rel=\"canonical\" href=\"https:\/\/audiologyblog.phonakpro.com\/de\/omnis-directis-an-alle-gerichtet\/\" \/>\n<meta property=\"og:locale\" content=\"de_DE\" \/>\n<meta property=\"og:type\" content=\"article\" \/>\n<meta property=\"og:title\" content=\"Omnis directis: an alle gerichtet | Audiology Blog\" \/>\n<meta property=\"og:description\" content=\"Mancher mag es mutig gefunden haben, als im August dieses Jahres die erste Ausgabe der OMNIdirekt erschienen ist. Eine dritte Fachzeitschrift f\u00fcr die H\u00f6rakustik-Gemeinde, brauchte es das wirklich?\" \/>\n<meta property=\"og:url\" content=\"https:\/\/audiologyblog.phonakpro.com\/de\/omnis-directis-an-alle-gerichtet\/\" \/>\n<meta property=\"og:site_name\" content=\"Phonak Audiology Blog - Phonak Pro - life is on\" \/>\n<meta property=\"article:publisher\" content=\"https:\/\/www.facebook.com\/phonak\" \/>\n<meta property=\"article:published_time\" content=\"2021-10-15T10:05:02+00:00\" \/>\n<meta property=\"article:modified_time\" content=\"2021-12-16T10:33:12+00:00\" \/>\n<meta property=\"og:image\" content=\"https:\/\/audiologyblog.phonakpro.com\/wp-content\/uploads\/2021\/10\/Omnidirekt-e1633943530190-1190x518.png\" \/>\n\t<meta property=\"og:image:width\" content=\"1190\" \/>\n\t<meta property=\"og:image:height\" content=\"518\" \/>\n\t<meta property=\"og:image:type\" content=\"image\/png\" \/>\n<meta name=\"author\" content=\"Dennis Christian Kraus\" \/>\n<meta name=\"twitter:card\" content=\"summary_large_image\" \/>\n<meta name=\"twitter:creator\" content=\"@phonak\" \/>\n<meta name=\"twitter:site\" content=\"@phonak\" \/>\n<meta name=\"twitter:label1\" content=\"Verfasst von\" \/>\n\t<meta name=\"twitter:data1\" content=\"Dennis Christian Kraus\" \/>\n\t<meta name=\"twitter:label2\" content=\"Gesch\u00e4tzte Lesezeit\" \/>\n\t<meta name=\"twitter:data2\" content=\"3\u00a0Minuten\" \/>\n<script type=\"application\/ld+json\" class=\"yoast-schema-graph\">{\"@context\":\"https:\/\/schema.org\",\"@graph\":[{\"@type\":\"Article\",\"@id\":\"https:\/\/audiologyblog.phonakpro.com\/de\/omnis-directis-an-alle-gerichtet\/#article\",\"isPartOf\":{\"@id\":\"https:\/\/audiologyblog.phonakpro.com\/de\/omnis-directis-an-alle-gerichtet\/\"},\"author\":{\"name\":\"Dennis Christian Kraus\",\"@id\":\"https:\/\/audiologyblog.phonakpro.com\/#\/schema\/person\/c9b7e0ca0c9d63c7f1f29fa4801f7277\"},\"headline\":\"Omnis directis: an alle gerichtet\",\"datePublished\":\"2021-10-15T10:05:02+00:00\",\"dateModified\":\"2021-12-16T10:33:12+00:00\",\"mainEntityOfPage\":{\"@id\":\"https:\/\/audiologyblog.phonakpro.com\/de\/omnis-directis-an-alle-gerichtet\/\"},\"wordCount\":709,\"commentCount\":0,\"publisher\":{\"@id\":\"https:\/\/audiologyblog.phonakpro.com\/#organization\"},\"image\":{\"@id\":\"https:\/\/audiologyblog.phonakpro.com\/de\/omnis-directis-an-alle-gerichtet\/#primaryimage\"},\"thumbnailUrl\":\"https:\/\/audiologyblog.phonakpro.com\/wp-content\/uploads\/2021\/10\/Omnidirekt-e1633943530190.png\",\"keywords\":[\"audiology\",\"hearingaids\",\"hearingloss\",\"h\u00f6rakustik\",\"h\u00f6rger\u00e4te\",\"schwerh\u00f6rigkeit\"],\"articleSection\":[\"Aus der Praxis\"],\"inLanguage\":\"de\",\"potentialAction\":[{\"@type\":\"CommentAction\",\"name\":\"Comment\",\"target\":[\"https:\/\/audiologyblog.phonakpro.com\/de\/omnis-directis-an-alle-gerichtet\/#respond\"]}]},{\"@type\":\"WebPage\",\"@id\":\"https:\/\/audiologyblog.phonakpro.com\/de\/omnis-directis-an-alle-gerichtet\/\",\"url\":\"https:\/\/audiologyblog.phonakpro.com\/de\/omnis-directis-an-alle-gerichtet\/\",\"name\":\"Omnis directis: an alle gerichtet | Audiology Blog\",\"isPartOf\":{\"@id\":\"https:\/\/audiologyblog.phonakpro.com\/#website\"},\"primaryImageOfPage\":{\"@id\":\"https:\/\/audiologyblog.phonakpro.com\/de\/omnis-directis-an-alle-gerichtet\/#primaryimage\"},\"image\":{\"@id\":\"https:\/\/audiologyblog.phonakpro.com\/de\/omnis-directis-an-alle-gerichtet\/#primaryimage\"},\"thumbnailUrl\":\"https:\/\/audiologyblog.phonakpro.com\/wp-content\/uploads\/2021\/10\/Omnidirekt-e1633943530190.png\",\"datePublished\":\"2021-10-15T10:05:02+00:00\",\"dateModified\":\"2021-12-16T10:33:12+00:00\",\"breadcrumb\":{\"@id\":\"https:\/\/audiologyblog.phonakpro.com\/de\/omnis-directis-an-alle-gerichtet\/#breadcrumb\"},\"inLanguage\":\"de\",\"potentialAction\":[{\"@type\":\"ReadAction\",\"target\":[\"https:\/\/audiologyblog.phonakpro.com\/de\/omnis-directis-an-alle-gerichtet\/\"]}]},{\"@type\":\"ImageObject\",\"inLanguage\":\"de\",\"@id\":\"https:\/\/audiologyblog.phonakpro.com\/de\/omnis-directis-an-alle-gerichtet\/#primaryimage\",\"url\":\"https:\/\/audiologyblog.phonakpro.com\/wp-content\/uploads\/2021\/10\/Omnidirekt-e1633943530190.png\",\"contentUrl\":\"https:\/\/audiologyblog.phonakpro.com\/wp-content\/uploads\/2021\/10\/Omnidirekt-e1633943530190.png\",\"width\":4000,\"height\":1740},{\"@type\":\"BreadcrumbList\",\"@id\":\"https:\/\/audiologyblog.phonakpro.com\/de\/omnis-directis-an-alle-gerichtet\/#breadcrumb\",\"itemListElement\":[{\"@type\":\"ListItem\",\"position\":1,\"name\":\"Home\",\"item\":\"https:\/\/audiologyblog.phonakpro.com\/de\/\"},{\"@type\":\"ListItem\",\"position\":2,\"name\":\"Omnis directis: an alle gerichtet\"}]},{\"@type\":\"WebSite\",\"@id\":\"https:\/\/audiologyblog.phonakpro.com\/#website\",\"url\":\"https:\/\/audiologyblog.phonakpro.com\/\",\"name\":\"Phonak Audiology Blog - Phonak Pro - life is on\",\"description\":\"1The Phonak Audiology Blog presents audiological topics, research and hearing technology updates from experts at Phonak and across the hearing industry.\",\"publisher\":{\"@id\":\"https:\/\/audiologyblog.phonakpro.com\/#organization\"},\"potentialAction\":[{\"@type\":\"SearchAction\",\"target\":{\"@type\":\"EntryPoint\",\"urlTemplate\":\"https:\/\/audiologyblog.phonakpro.com\/?s={search_term_string}\"},\"query-input\":{\"@type\":\"PropertyValueSpecification\",\"valueRequired\":true,\"valueName\":\"search_term_string\"}}],\"inLanguage\":\"de\"},{\"@type\":\"Organization\",\"@id\":\"https:\/\/audiologyblog.phonakpro.com\/#organization\",\"name\":\"Phonak Audiology Blog - Phonak Pro - life is on\",\"url\":\"https:\/\/audiologyblog.phonakpro.com\/\",\"logo\":{\"@type\":\"ImageObject\",\"inLanguage\":\"de\",\"@id\":\"https:\/\/audiologyblog.phonakpro.com\/#\/schema\/logo\/image\/\",\"url\":\"https:\/\/audiologyblog.phonakpro.com\/wp-content\/uploads\/2016\/09\/Logo_Phonak_life_is_on_pos_RGB_300dpi.jpg\",\"contentUrl\":\"https:\/\/audiologyblog.phonakpro.com\/wp-content\/uploads\/2016\/09\/Logo_Phonak_life_is_on_pos_RGB_300dpi.jpg\",\"width\":1630,\"height\":863,\"caption\":\"Phonak Audiology Blog - Phonak Pro - life is on\"},\"image\":{\"@id\":\"https:\/\/audiologyblog.phonakpro.com\/#\/schema\/logo\/image\/\"},\"sameAs\":[\"https:\/\/www.facebook.com\/phonak\",\"https:\/\/x.com\/phonak\",\"https:\/\/www.instagram.com\/phonak\",\"https:\/\/www.linkedin.com\/company\/phonak\",\"https:\/\/www.youtube.com\/c\/phonak\"]},{\"@type\":\"Person\",\"@id\":\"https:\/\/audiologyblog.phonakpro.com\/#\/schema\/person\/c9b7e0ca0c9d63c7f1f29fa4801f7277\",\"name\":\"Dennis Christian Kraus\",\"description\":\"2009 nahm Dennis Kraus unter Rainer H\u00fcls seine Arbeit im Innocentia Verlag auf, assistierte zun\u00e4chst in den Redaktionen der \u201eAudio Infos\u201c und des \u201eOtology\u201c-Magazins, bis er im Laufe der Jahre mehr Verantwortung \u00fcbernahm. Seit Ende 2018 ist er auch Produktionsleiter der \u201eH\u00f6rprofil\u201c. 2021 gr\u00fcndete er mit Jan-Fabio La Malfa und Benjamin J\u00e4ger \u201eOMNIdirekt\u201c.\",\"url\":\"https:\/\/audiologyblog.phonakpro.com\/de\/author\/dennis-christian-kraus\/\"}]}<\/script>\n<!-- \/ Yoast SEO plugin. -->","yoast_head_json":{"title":"Omnis directis: an alle gerichtet | Audiology Blog","robots":{"index":"index","follow":"follow","max-snippet":"max-snippet:-1","max-image-preview":"max-image-preview:large","max-video-preview":"max-video-preview:-1"},"canonical":"https:\/\/audiologyblog.phonakpro.com\/de\/omnis-directis-an-alle-gerichtet\/","og_locale":"de_DE","og_type":"article","og_title":"Omnis directis: an alle gerichtet | Audiology Blog","og_description":"Mancher mag es mutig gefunden haben, als im August dieses Jahres die erste Ausgabe der OMNIdirekt erschienen ist. Eine dritte Fachzeitschrift f\u00fcr die H\u00f6rakustik-Gemeinde, brauchte es das wirklich?","og_url":"https:\/\/audiologyblog.phonakpro.com\/de\/omnis-directis-an-alle-gerichtet\/","og_site_name":"Phonak Audiology Blog - Phonak Pro - life is on","article_publisher":"https:\/\/www.facebook.com\/phonak","article_published_time":"2021-10-15T10:05:02+00:00","article_modified_time":"2021-12-16T10:33:12+00:00","og_image":[{"width":1190,"height":518,"url":"https:\/\/audiologyblog.phonakpro.com\/wp-content\/uploads\/2021\/10\/Omnidirekt-e1633943530190-1190x518.png","type":"image\/png"}],"author":"Dennis Christian Kraus","twitter_card":"summary_large_image","twitter_creator":"@phonak","twitter_site":"@phonak","twitter_misc":{"Verfasst von":"Dennis Christian Kraus","Gesch\u00e4tzte Lesezeit":"3\u00a0Minuten"},"schema":{"@context":"https:\/\/schema.org","@graph":[{"@type":"Article","@id":"https:\/\/audiologyblog.phonakpro.com\/de\/omnis-directis-an-alle-gerichtet\/#article","isPartOf":{"@id":"https:\/\/audiologyblog.phonakpro.com\/de\/omnis-directis-an-alle-gerichtet\/"},"author":{"name":"Dennis Christian Kraus","@id":"https:\/\/audiologyblog.phonakpro.com\/#\/schema\/person\/c9b7e0ca0c9d63c7f1f29fa4801f7277"},"headline":"Omnis directis: an alle gerichtet","datePublished":"2021-10-15T10:05:02+00:00","dateModified":"2021-12-16T10:33:12+00:00","mainEntityOfPage":{"@id":"https:\/\/audiologyblog.phonakpro.com\/de\/omnis-directis-an-alle-gerichtet\/"},"wordCount":709,"commentCount":0,"publisher":{"@id":"https:\/\/audiologyblog.phonakpro.com\/#organization"},"image":{"@id":"https:\/\/audiologyblog.phonakpro.com\/de\/omnis-directis-an-alle-gerichtet\/#primaryimage"},"thumbnailUrl":"https:\/\/audiologyblog.phonakpro.com\/wp-content\/uploads\/2021\/10\/Omnidirekt-e1633943530190.png","keywords":["audiology","hearingaids","hearingloss","h\u00f6rakustik","h\u00f6rger\u00e4te","schwerh\u00f6rigkeit"],"articleSection":["Aus der Praxis"],"inLanguage":"de","potentialAction":[{"@type":"CommentAction","name":"Comment","target":["https:\/\/audiologyblog.phonakpro.com\/de\/omnis-directis-an-alle-gerichtet\/#respond"]}]},{"@type":"WebPage","@id":"https:\/\/audiologyblog.phonakpro.com\/de\/omnis-directis-an-alle-gerichtet\/","url":"https:\/\/audiologyblog.phonakpro.com\/de\/omnis-directis-an-alle-gerichtet\/","name":"Omnis directis: an alle gerichtet | Audiology Blog","isPartOf":{"@id":"https:\/\/audiologyblog.phonakpro.com\/#website"},"primaryImageOfPage":{"@id":"https:\/\/audiologyblog.phonakpro.com\/de\/omnis-directis-an-alle-gerichtet\/#primaryimage"},"image":{"@id":"https:\/\/audiologyblog.phonakpro.com\/de\/omnis-directis-an-alle-gerichtet\/#primaryimage"},"thumbnailUrl":"https:\/\/audiologyblog.phonakpro.com\/wp-content\/uploads\/2021\/10\/Omnidirekt-e1633943530190.png","datePublished":"2021-10-15T10:05:02+00:00","dateModified":"2021-12-16T10:33:12+00:00","breadcrumb":{"@id":"https:\/\/audiologyblog.phonakpro.com\/de\/omnis-directis-an-alle-gerichtet\/#breadcrumb"},"inLanguage":"de","potentialAction":[{"@type":"ReadAction","target":["https:\/\/audiologyblog.phonakpro.com\/de\/omnis-directis-an-alle-gerichtet\/"]}]},{"@type":"ImageObject","inLanguage":"de","@id":"https:\/\/audiologyblog.phonakpro.com\/de\/omnis-directis-an-alle-gerichtet\/#primaryimage","url":"https:\/\/audiologyblog.phonakpro.com\/wp-content\/uploads\/2021\/10\/Omnidirekt-e1633943530190.png","contentUrl":"https:\/\/audiologyblog.phonakpro.com\/wp-content\/uploads\/2021\/10\/Omnidirekt-e1633943530190.png","width":4000,"height":1740},{"@type":"BreadcrumbList","@id":"https:\/\/audiologyblog.phonakpro.com\/de\/omnis-directis-an-alle-gerichtet\/#breadcrumb","itemListElement":[{"@type":"ListItem","position":1,"name":"Home","item":"https:\/\/audiologyblog.phonakpro.com\/de\/"},{"@type":"ListItem","position":2,"name":"Omnis directis: an alle gerichtet"}]},{"@type":"WebSite","@id":"https:\/\/audiologyblog.phonakpro.com\/#website","url":"https:\/\/audiologyblog.phonakpro.com\/","name":"Phonak Audiology Blog - Phonak Pro - life is on","description":"1The Phonak Audiology Blog presents audiological topics, research and hearing technology updates from experts at Phonak and across the hearing industry.","publisher":{"@id":"https:\/\/audiologyblog.phonakpro.com\/#organization"},"potentialAction":[{"@type":"SearchAction","target":{"@type":"EntryPoint","urlTemplate":"https:\/\/audiologyblog.phonakpro.com\/?s={search_term_string}"},"query-input":{"@type":"PropertyValueSpecification","valueRequired":true,"valueName":"search_term_string"}}],"inLanguage":"de"},{"@type":"Organization","@id":"https:\/\/audiologyblog.phonakpro.com\/#organization","name":"Phonak Audiology Blog - Phonak Pro - life is on","url":"https:\/\/audiologyblog.phonakpro.com\/","logo":{"@type":"ImageObject","inLanguage":"de","@id":"https:\/\/audiologyblog.phonakpro.com\/#\/schema\/logo\/image\/","url":"https:\/\/audiologyblog.phonakpro.com\/wp-content\/uploads\/2016\/09\/Logo_Phonak_life_is_on_pos_RGB_300dpi.jpg","contentUrl":"https:\/\/audiologyblog.phonakpro.com\/wp-content\/uploads\/2016\/09\/Logo_Phonak_life_is_on_pos_RGB_300dpi.jpg","width":1630,"height":863,"caption":"Phonak Audiology Blog - Phonak Pro - life is on"},"image":{"@id":"https:\/\/audiologyblog.phonakpro.com\/#\/schema\/logo\/image\/"},"sameAs":["https:\/\/www.facebook.com\/phonak","https:\/\/x.com\/phonak","https:\/\/www.instagram.com\/phonak","https:\/\/www.linkedin.com\/company\/phonak","https:\/\/www.youtube.com\/c\/phonak"]},{"@type":"Person","@id":"https:\/\/audiologyblog.phonakpro.com\/#\/schema\/person\/c9b7e0ca0c9d63c7f1f29fa4801f7277","name":"Dennis Christian Kraus","description":"2009 nahm Dennis Kraus unter Rainer H\u00fcls seine Arbeit im Innocentia Verlag auf, assistierte zun\u00e4chst in den Redaktionen der \u201eAudio Infos\u201c und des \u201eOtology\u201c-Magazins, bis er im Laufe der Jahre mehr Verantwortung \u00fcbernahm. Seit Ende 2018 ist er auch Produktionsleiter der \u201eH\u00f6rprofil\u201c. 2021 gr\u00fcndete er mit Jan-Fabio La Malfa und Benjamin J\u00e4ger \u201eOMNIdirekt\u201c.","url":"https:\/\/audiologyblog.phonakpro.com\/de\/author\/dennis-christian-kraus\/"}]}},"_links":{"self":[{"href":"https:\/\/audiologyblog.phonakpro.com\/de\/wp-json\/wp\/v2\/posts\/508757","targetHints":{"allow":["GET"]}}],"collection":[{"href":"https:\/\/audiologyblog.phonakpro.com\/de\/wp-json\/wp\/v2\/posts"}],"about":[{"href":"https:\/\/audiologyblog.phonakpro.com\/de\/wp-json\/wp\/v2\/types\/post"}],"author":[{"embeddable":true,"href":"https:\/\/audiologyblog.phonakpro.com\/de\/wp-json\/wp\/v2\/users\/179"}],"replies":[{"embeddable":true,"href":"https:\/\/audiologyblog.phonakpro.com\/de\/wp-json\/wp\/v2\/comments?post=508757"}],"version-history":[{"count":55,"href":"https:\/\/audiologyblog.phonakpro.com\/de\/wp-json\/wp\/v2\/posts\/508757\/revisions"}],"predecessor-version":[{"id":530882,"href":"https:\/\/audiologyblog.phonakpro.com\/de\/wp-json\/wp\/v2\/posts\/508757\/revisions\/530882"}],"wp:featuredmedia":[{"embeddable":true,"href":"https:\/\/audiologyblog.phonakpro.com\/de\/wp-json\/wp\/v2\/media\/508782"}],"wp:attachment":[{"href":"https:\/\/audiologyblog.phonakpro.com\/de\/wp-json\/wp\/v2\/media?parent=508757"}],"wp:term":[{"taxonomy":"category","embeddable":true,"href":"https:\/\/audiologyblog.phonakpro.com\/de\/wp-json\/wp\/v2\/categories?post=508757"},{"taxonomy":"post_tag","embeddable":true,"href":"https:\/\/audiologyblog.phonakpro.com\/de\/wp-json\/wp\/v2\/tags?post=508757"}],"curies":[{"name":"wp","href":"https:\/\/api.w.org\/{rel}","templated":true}]}}