{"id":444044,"date":"2021-04-15T16:57:44","date_gmt":"2021-04-15T14:57:44","guid":{"rendered":"https:\/\/audiologyblog.phonakpro.com\/?p=444044"},"modified":"2021-04-15T16:57:44","modified_gmt":"2021-04-15T14:57:44","slug":"hoergeraete-die-letzte-meile-ans-ohr","status":"publish","type":"post","link":"https:\/\/audiologyblog.phonakpro.com\/de\/hoergeraete-die-letzte-meile-ans-ohr\/","title":{"rendered":"H\u00f6rger\u00e4te \u2013 die letzte Meile ans Ohr?"},"content":{"rendered":"<p>Digitale H\u00f6rger\u00e4te, Richtmikrofontechnologie und Anbindung an das Smartphone: Die Digitalisierung hat die H\u00f6rger\u00e4tetechnologie in den letzten beiden Jahrzehnten revolutioniert \u2013 und uns viele neue M\u00f6glichkeiten er\u00f6ffnet, Menschen mit H\u00f6rverlust immer besser zu versorgen. Was da noch kommen soll? Auch wenn wir technologisch noch Luft nach oben haben, wird es in der H\u00f6rger\u00e4teentwicklung zuk\u00fcnftig nicht mehr nur ein Schneller, H\u00f6her, Weiter geben. W\u00e4hrend sich die Forschung und Entwicklung viele Jahre weitgehend darauf konzentriert hat, die Grenzen der Technik weiter zu verschieben, hat sich inzwischen ein ganzheitlicher Blick auf das H\u00f6ren durchgesetzt. Heute stellen Forscher mehr den Menschen und die Frage in den Mittelpunkt, was Schwerh\u00f6rigkeit f\u00fcr ihn bedeutet und wie die Technologie ihn im Alltag unterst\u00fctzen kann.<\/p>\n<p><strong>Die Stimme als Biomarker<br \/>\n<\/strong><br \/>\nWas lange bei der Entwicklung von H\u00f6rl\u00f6sungen keine Rolle gespielt hat: Das H\u00f6ren ist unser sozialer Sinn \u2013 er beeinflusst die Kommunikation mit unserer Umwelt wie kein anderer. Schlechtes H\u00f6ren bedeutet f\u00fcr Betroffene nicht nur, dass sie Schwierigkeiten haben, Worte zu verstehen, sondern sie k\u00f6nnen auch oft nicht die Tonlage und Emotionen in der Stimme des Sprechers richtig zuordnen \u2013 obwohl diese Informationen f\u00fcr die Kommunikation genauso wichtig sind wie die gesprochenen Worte. Genau damit besch\u00e4ftigt sich eine neue Forschungsrichtung, die sich \u201eVoice as a biomarker\u201c nennt und sich damit auseinandersetzt, was uns die Stimme \u00fcber unseren Gem\u00fcts- und Gesundheitszustand verraten kann. Auch wenn es hier nicht morgen fertige L\u00f6sungen geben wird, verfolgen wir das Thema auch bei Sonova intensiv und sehen gro\u00dfes Potenzial f\u00fcr eine neue Generation an H\u00f6rl\u00f6sungen.<\/p>\n<p><strong>Vom H\u00f6rger\u00e4t zum Personal Communication Assistant<br \/>\n<\/strong><br \/>\nWeiterhin spannende M\u00f6glichkeiten bietet uns auch die drahtlose Anbindung, die schon heute daf\u00fcr sorgt, dass H\u00f6rger\u00e4te quasi immer online und digital vernetzt sind. Das \u00f6ffnet die T\u00fcr f\u00fcr eine ganze Reihe an neuen Services, wie Transkription oder \u00dcbersetzung des Geh\u00f6rten in Echtzeit. Und nat\u00fcrlich den weiteren Ausbau des Remote Support \u2013 per drahtloser Anbindung k\u00f6nnen H\u00f6rakustiker ihren Kunden jederzeit bei der Feinjustierung helfen, egal wo auf der Welt und in welcher Situation sie sich gerade befinden.<\/p>\n<p>Generell wird das H\u00f6rger\u00e4t immer mehr zum Personal Communication Assistant. In naher Zukunft k\u00f6nnten unsere Kunden morgens aufstehen, zum H\u00f6rger\u00e4t greifen und sich erst einmal von ihrem K\u00fchlschrank sagen lassen, was es alles zu essen gibt. Auch k\u00f6nnten H\u00f6rger\u00e4te so etwas wie eine \u201eMessbox\u201c f\u00fcr Vitalparameter wie Herzrate, Temperatur oder Hirnstr\u00f6me werden \u2013 und das in gar nicht allzu ferner Zukunft. H\u00f6rger\u00e4te sind sozusagen \u201edie letzte Meile ans Ohr\u201c und der pr\u00e4destinierte Ort, um die Vernetzung und Kommunikation zu b\u00fcndeln, die wir uns schon lange w\u00fcnschen und f\u00fcr die wir heute \u00fcber die technische Grundlage verf\u00fcgen.<\/p>\n<p><strong>Zur Gesundheitspr\u00e4vention zum H\u00f6rakustiker<br \/>\n<\/strong><br \/>\nNicht zuletzt k\u00f6nnten H\u00f6rakustiker eine zentralere Rolle spielen, wenn es um Gesundheitspr\u00e4vention geht. Auf der Grundlage von Gleichgewichttests, wie H\u00f6rakustiker sie u.a. in den USA schon anbieten, k\u00f6nnen sie ihre Kunden zu Themen wie Tinnitus und Demenz noch besser beraten. Hier hoffe ich, dass auch Gesundheitsversorger bei uns bald erkennen, dass gutes H\u00f6ren ein zentrales Element sein kann, wenn es um gesundes und gl\u00fcckliches Altern geht \u2013 und zuk\u00fcnftig mehr Geld f\u00fcr pr\u00e4ventive Leistungen im Gesundheitssystem zur Verf\u00fcgung stellen.<\/p>\n<p>Mehr \u00fcber die Zukunft der H\u00f6rger\u00e4tetechnologie gibt es zum Nachh\u00f6ren in einer aktuellen 5-teiligen Podcast-Serie der <a href=\"https:\/\/xn--hrakustik-telegramm-q6b.de\/\">H\u00f6rakustik<\/a>.<\/p>\n","protected":false},"excerpt":{"rendered":"<p>Wohin die Reise in der H\u00f6rger\u00e4teversorgung gehen wird, warum Technik alleine nicht mehr alles ist und wie sich die Rolle der H\u00f6rakustiker ver\u00e4ndern k\u00f6nnte.<\/p>\n","protected":false},"author":161,"featured_media":444083,"comment_status":"open","ping_status":"open","sticky":false,"template":"","format":"standard","meta":{"footnotes":""},"categories":[16],"tags":[],"class_list":["post-444044","post","type-post","status-publish","format-standard","has-post-thumbnail","hentry","category-technologie"],"acf":[],"yoast_head":"<!-- This site is optimized with the Yoast SEO plugin v25.9 - https:\/\/yoast.com\/wordpress\/plugins\/seo\/ -->\n<title>H\u00f6rger\u00e4te \u2013 die letzte Meile ans Ohr? | Audiology Blog<\/title>\n<meta name=\"robots\" content=\"index, follow, max-snippet:-1, max-image-preview:large, max-video-preview:-1\" \/>\n<link rel=\"canonical\" href=\"https:\/\/audiologyblog.phonakpro.com\/de\/hoergeraete-die-letzte-meile-ans-ohr\/\" \/>\n<meta property=\"og:locale\" content=\"de_DE\" \/>\n<meta property=\"og:type\" content=\"article\" \/>\n<meta property=\"og:title\" content=\"H\u00f6rger\u00e4te \u2013 die letzte Meile ans Ohr? | Audiology Blog\" \/>\n<meta property=\"og:description\" content=\"Wohin die Reise in der H\u00f6rger\u00e4teversorgung gehen wird, warum Technik alleine nicht mehr alles ist und wie sich die Rolle der H\u00f6rakustiker ver\u00e4ndern k\u00f6nnte.\" \/>\n<meta property=\"og:url\" content=\"https:\/\/audiologyblog.phonakpro.com\/de\/hoergeraete-die-letzte-meile-ans-ohr\/\" \/>\n<meta property=\"og:site_name\" content=\"Phonak Audiology Blog - Phonak Pro - life is on\" \/>\n<meta property=\"article:publisher\" content=\"https:\/\/www.facebook.com\/phonak\" \/>\n<meta property=\"article:published_time\" content=\"2021-04-15T14:57:44+00:00\" \/>\n<meta property=\"og:image\" content=\"https:\/\/audiologyblog.phonakpro.com\/wp-content\/uploads\/2021\/04\/Podcast-H\u00f6rakustik-1-e1618476181838.jpg\" \/>\n\t<meta property=\"og:image:width\" content=\"1190\" \/>\n\t<meta property=\"og:image:height\" content=\"810\" \/>\n\t<meta property=\"og:image:type\" content=\"image\/jpeg\" \/>\n<meta name=\"author\" content=\"Prof. Dr. Stefan Launer\" \/>\n<meta name=\"twitter:card\" content=\"summary_large_image\" \/>\n<meta name=\"twitter:creator\" content=\"@phonak\" \/>\n<meta name=\"twitter:site\" content=\"@phonak\" \/>\n<meta name=\"twitter:label1\" content=\"Verfasst von\" \/>\n\t<meta name=\"twitter:data1\" content=\"Prof. Dr. Stefan Launer\" \/>\n\t<meta name=\"twitter:label2\" content=\"Gesch\u00e4tzte Lesezeit\" \/>\n\t<meta name=\"twitter:data2\" content=\"3\u00a0Minuten\" \/>\n<script type=\"application\/ld+json\" class=\"yoast-schema-graph\">{\"@context\":\"https:\/\/schema.org\",\"@graph\":[{\"@type\":\"Article\",\"@id\":\"https:\/\/audiologyblog.phonakpro.com\/de\/hoergeraete-die-letzte-meile-ans-ohr\/#article\",\"isPartOf\":{\"@id\":\"https:\/\/audiologyblog.phonakpro.com\/de\/hoergeraete-die-letzte-meile-ans-ohr\/\"},\"author\":{\"name\":\"Prof. Dr. Stefan Launer\",\"@id\":\"https:\/\/audiologyblog.phonakpro.com\/#\/schema\/person\/09379b7c853636293927fa312d3c06d6\"},\"headline\":\"H\u00f6rger\u00e4te \u2013 die letzte Meile ans Ohr?\",\"datePublished\":\"2021-04-15T14:57:44+00:00\",\"mainEntityOfPage\":{\"@id\":\"https:\/\/audiologyblog.phonakpro.com\/de\/hoergeraete-die-letzte-meile-ans-ohr\/\"},\"wordCount\":608,\"commentCount\":0,\"publisher\":{\"@id\":\"https:\/\/audiologyblog.phonakpro.com\/#organization\"},\"image\":{\"@id\":\"https:\/\/audiologyblog.phonakpro.com\/de\/hoergeraete-die-letzte-meile-ans-ohr\/#primaryimage\"},\"thumbnailUrl\":\"https:\/\/audiologyblog.phonakpro.com\/wp-content\/uploads\/2021\/04\/Podcast-H\u00f6rakustik-1-e1618476181838.jpg\",\"articleSection\":[\"Technologie\"],\"inLanguage\":\"de\",\"potentialAction\":[{\"@type\":\"CommentAction\",\"name\":\"Comment\",\"target\":[\"https:\/\/audiologyblog.phonakpro.com\/de\/hoergeraete-die-letzte-meile-ans-ohr\/#respond\"]}]},{\"@type\":\"WebPage\",\"@id\":\"https:\/\/audiologyblog.phonakpro.com\/de\/hoergeraete-die-letzte-meile-ans-ohr\/\",\"url\":\"https:\/\/audiologyblog.phonakpro.com\/de\/hoergeraete-die-letzte-meile-ans-ohr\/\",\"name\":\"H\u00f6rger\u00e4te \u2013 die letzte Meile ans Ohr? | Audiology Blog\",\"isPartOf\":{\"@id\":\"https:\/\/audiologyblog.phonakpro.com\/#website\"},\"primaryImageOfPage\":{\"@id\":\"https:\/\/audiologyblog.phonakpro.com\/de\/hoergeraete-die-letzte-meile-ans-ohr\/#primaryimage\"},\"image\":{\"@id\":\"https:\/\/audiologyblog.phonakpro.com\/de\/hoergeraete-die-letzte-meile-ans-ohr\/#primaryimage\"},\"thumbnailUrl\":\"https:\/\/audiologyblog.phonakpro.com\/wp-content\/uploads\/2021\/04\/Podcast-H\u00f6rakustik-1-e1618476181838.jpg\",\"datePublished\":\"2021-04-15T14:57:44+00:00\",\"breadcrumb\":{\"@id\":\"https:\/\/audiologyblog.phonakpro.com\/de\/hoergeraete-die-letzte-meile-ans-ohr\/#breadcrumb\"},\"inLanguage\":\"de\",\"potentialAction\":[{\"@type\":\"ReadAction\",\"target\":[\"https:\/\/audiologyblog.phonakpro.com\/de\/hoergeraete-die-letzte-meile-ans-ohr\/\"]}]},{\"@type\":\"ImageObject\",\"inLanguage\":\"de\",\"@id\":\"https:\/\/audiologyblog.phonakpro.com\/de\/hoergeraete-die-letzte-meile-ans-ohr\/#primaryimage\",\"url\":\"https:\/\/audiologyblog.phonakpro.com\/wp-content\/uploads\/2021\/04\/Podcast-H\u00f6rakustik-1-e1618476181838.jpg\",\"contentUrl\":\"https:\/\/audiologyblog.phonakpro.com\/wp-content\/uploads\/2021\/04\/Podcast-H\u00f6rakustik-1-e1618476181838.jpg\",\"width\":1190,\"height\":810},{\"@type\":\"BreadcrumbList\",\"@id\":\"https:\/\/audiologyblog.phonakpro.com\/de\/hoergeraete-die-letzte-meile-ans-ohr\/#breadcrumb\",\"itemListElement\":[{\"@type\":\"ListItem\",\"position\":1,\"name\":\"Home\",\"item\":\"https:\/\/audiologyblog.phonakpro.com\/de\/\"},{\"@type\":\"ListItem\",\"position\":2,\"name\":\"H\u00f6rger\u00e4te \u2013 die letzte Meile ans Ohr?\"}]},{\"@type\":\"WebSite\",\"@id\":\"https:\/\/audiologyblog.phonakpro.com\/#website\",\"url\":\"https:\/\/audiologyblog.phonakpro.com\/\",\"name\":\"Phonak Audiology Blog - Phonak Pro - life is on\",\"description\":\"1The Phonak Audiology Blog presents audiological topics, research and hearing technology updates from experts at Phonak and across the hearing industry.\",\"publisher\":{\"@id\":\"https:\/\/audiologyblog.phonakpro.com\/#organization\"},\"potentialAction\":[{\"@type\":\"SearchAction\",\"target\":{\"@type\":\"EntryPoint\",\"urlTemplate\":\"https:\/\/audiologyblog.phonakpro.com\/?s={search_term_string}\"},\"query-input\":{\"@type\":\"PropertyValueSpecification\",\"valueRequired\":true,\"valueName\":\"search_term_string\"}}],\"inLanguage\":\"de\"},{\"@type\":\"Organization\",\"@id\":\"https:\/\/audiologyblog.phonakpro.com\/#organization\",\"name\":\"Phonak Audiology Blog - Phonak Pro - life is on\",\"url\":\"https:\/\/audiologyblog.phonakpro.com\/\",\"logo\":{\"@type\":\"ImageObject\",\"inLanguage\":\"de\",\"@id\":\"https:\/\/audiologyblog.phonakpro.com\/#\/schema\/logo\/image\/\",\"url\":\"https:\/\/audiologyblog.phonakpro.com\/wp-content\/uploads\/2016\/09\/Logo_Phonak_life_is_on_pos_RGB_300dpi.jpg\",\"contentUrl\":\"https:\/\/audiologyblog.phonakpro.com\/wp-content\/uploads\/2016\/09\/Logo_Phonak_life_is_on_pos_RGB_300dpi.jpg\",\"width\":1630,\"height\":863,\"caption\":\"Phonak Audiology Blog - Phonak Pro - life is on\"},\"image\":{\"@id\":\"https:\/\/audiologyblog.phonakpro.com\/#\/schema\/logo\/image\/\"},\"sameAs\":[\"https:\/\/www.facebook.com\/phonak\",\"https:\/\/x.com\/phonak\",\"https:\/\/www.instagram.com\/phonak\",\"https:\/\/www.linkedin.com\/company\/phonak\",\"https:\/\/www.youtube.com\/c\/phonak\"]},{\"@type\":\"Person\",\"@id\":\"https:\/\/audiologyblog.phonakpro.com\/#\/schema\/person\/09379b7c853636293927fa312d3c06d6\",\"name\":\"Prof. Dr. Stefan Launer\",\"description\":\"Stefan Launer ist promovierter Medizinphysiker und stieg 1995 bei Phonak in der Forschung und Entwicklung ein. Zu seinen Schwerpunktthemen \u00fcber die Jahre z\u00e4hlten digitale Signalverarbeitung, Mikroelektronik und klinische Audiologie. Seit 2008 verantwortet er die allgemeinen Forschungs- und Grundlagentechnologie-Programme im Sonova Headquarter in St\u00e4fa (CH); neben akademischen Partnerschaften und dem Patentmanagement besch\u00e4ftigt er sich besonders gern mit dem zukunftstr\u00e4chtigen Thema Mobile Health Technologies.\",\"url\":\"https:\/\/audiologyblog.phonakpro.com\/de\/author\/stefanlauner\/\"}]}<\/script>\n<!-- \/ Yoast SEO plugin. -->","yoast_head_json":{"title":"H\u00f6rger\u00e4te \u2013 die letzte Meile ans Ohr? | Audiology Blog","robots":{"index":"index","follow":"follow","max-snippet":"max-snippet:-1","max-image-preview":"max-image-preview:large","max-video-preview":"max-video-preview:-1"},"canonical":"https:\/\/audiologyblog.phonakpro.com\/de\/hoergeraete-die-letzte-meile-ans-ohr\/","og_locale":"de_DE","og_type":"article","og_title":"H\u00f6rger\u00e4te \u2013 die letzte Meile ans Ohr? | Audiology Blog","og_description":"Wohin die Reise in der H\u00f6rger\u00e4teversorgung gehen wird, warum Technik alleine nicht mehr alles ist und wie sich die Rolle der H\u00f6rakustiker ver\u00e4ndern k\u00f6nnte.","og_url":"https:\/\/audiologyblog.phonakpro.com\/de\/hoergeraete-die-letzte-meile-ans-ohr\/","og_site_name":"Phonak Audiology Blog - Phonak Pro - life is on","article_publisher":"https:\/\/www.facebook.com\/phonak","article_published_time":"2021-04-15T14:57:44+00:00","og_image":[{"width":1190,"height":810,"url":"https:\/\/audiologyblog.phonakpro.com\/wp-content\/uploads\/2021\/04\/Podcast-H\u00f6rakustik-1-e1618476181838.jpg","type":"image\/jpeg"}],"author":"Prof. Dr. Stefan Launer","twitter_card":"summary_large_image","twitter_creator":"@phonak","twitter_site":"@phonak","twitter_misc":{"Verfasst von":"Prof. Dr. Stefan Launer","Gesch\u00e4tzte Lesezeit":"3\u00a0Minuten"},"schema":{"@context":"https:\/\/schema.org","@graph":[{"@type":"Article","@id":"https:\/\/audiologyblog.phonakpro.com\/de\/hoergeraete-die-letzte-meile-ans-ohr\/#article","isPartOf":{"@id":"https:\/\/audiologyblog.phonakpro.com\/de\/hoergeraete-die-letzte-meile-ans-ohr\/"},"author":{"name":"Prof. Dr. Stefan Launer","@id":"https:\/\/audiologyblog.phonakpro.com\/#\/schema\/person\/09379b7c853636293927fa312d3c06d6"},"headline":"H\u00f6rger\u00e4te \u2013 die letzte Meile ans Ohr?","datePublished":"2021-04-15T14:57:44+00:00","mainEntityOfPage":{"@id":"https:\/\/audiologyblog.phonakpro.com\/de\/hoergeraete-die-letzte-meile-ans-ohr\/"},"wordCount":608,"commentCount":0,"publisher":{"@id":"https:\/\/audiologyblog.phonakpro.com\/#organization"},"image":{"@id":"https:\/\/audiologyblog.phonakpro.com\/de\/hoergeraete-die-letzte-meile-ans-ohr\/#primaryimage"},"thumbnailUrl":"https:\/\/audiologyblog.phonakpro.com\/wp-content\/uploads\/2021\/04\/Podcast-H\u00f6rakustik-1-e1618476181838.jpg","articleSection":["Technologie"],"inLanguage":"de","potentialAction":[{"@type":"CommentAction","name":"Comment","target":["https:\/\/audiologyblog.phonakpro.com\/de\/hoergeraete-die-letzte-meile-ans-ohr\/#respond"]}]},{"@type":"WebPage","@id":"https:\/\/audiologyblog.phonakpro.com\/de\/hoergeraete-die-letzte-meile-ans-ohr\/","url":"https:\/\/audiologyblog.phonakpro.com\/de\/hoergeraete-die-letzte-meile-ans-ohr\/","name":"H\u00f6rger\u00e4te \u2013 die letzte Meile ans Ohr? | Audiology Blog","isPartOf":{"@id":"https:\/\/audiologyblog.phonakpro.com\/#website"},"primaryImageOfPage":{"@id":"https:\/\/audiologyblog.phonakpro.com\/de\/hoergeraete-die-letzte-meile-ans-ohr\/#primaryimage"},"image":{"@id":"https:\/\/audiologyblog.phonakpro.com\/de\/hoergeraete-die-letzte-meile-ans-ohr\/#primaryimage"},"thumbnailUrl":"https:\/\/audiologyblog.phonakpro.com\/wp-content\/uploads\/2021\/04\/Podcast-H\u00f6rakustik-1-e1618476181838.jpg","datePublished":"2021-04-15T14:57:44+00:00","breadcrumb":{"@id":"https:\/\/audiologyblog.phonakpro.com\/de\/hoergeraete-die-letzte-meile-ans-ohr\/#breadcrumb"},"inLanguage":"de","potentialAction":[{"@type":"ReadAction","target":["https:\/\/audiologyblog.phonakpro.com\/de\/hoergeraete-die-letzte-meile-ans-ohr\/"]}]},{"@type":"ImageObject","inLanguage":"de","@id":"https:\/\/audiologyblog.phonakpro.com\/de\/hoergeraete-die-letzte-meile-ans-ohr\/#primaryimage","url":"https:\/\/audiologyblog.phonakpro.com\/wp-content\/uploads\/2021\/04\/Podcast-H\u00f6rakustik-1-e1618476181838.jpg","contentUrl":"https:\/\/audiologyblog.phonakpro.com\/wp-content\/uploads\/2021\/04\/Podcast-H\u00f6rakustik-1-e1618476181838.jpg","width":1190,"height":810},{"@type":"BreadcrumbList","@id":"https:\/\/audiologyblog.phonakpro.com\/de\/hoergeraete-die-letzte-meile-ans-ohr\/#breadcrumb","itemListElement":[{"@type":"ListItem","position":1,"name":"Home","item":"https:\/\/audiologyblog.phonakpro.com\/de\/"},{"@type":"ListItem","position":2,"name":"H\u00f6rger\u00e4te \u2013 die letzte Meile ans Ohr?"}]},{"@type":"WebSite","@id":"https:\/\/audiologyblog.phonakpro.com\/#website","url":"https:\/\/audiologyblog.phonakpro.com\/","name":"Phonak Audiology Blog - Phonak Pro - life is on","description":"1The Phonak Audiology Blog presents audiological topics, research and hearing technology updates from experts at Phonak and across the hearing industry.","publisher":{"@id":"https:\/\/audiologyblog.phonakpro.com\/#organization"},"potentialAction":[{"@type":"SearchAction","target":{"@type":"EntryPoint","urlTemplate":"https:\/\/audiologyblog.phonakpro.com\/?s={search_term_string}"},"query-input":{"@type":"PropertyValueSpecification","valueRequired":true,"valueName":"search_term_string"}}],"inLanguage":"de"},{"@type":"Organization","@id":"https:\/\/audiologyblog.phonakpro.com\/#organization","name":"Phonak Audiology Blog - Phonak Pro - life is on","url":"https:\/\/audiologyblog.phonakpro.com\/","logo":{"@type":"ImageObject","inLanguage":"de","@id":"https:\/\/audiologyblog.phonakpro.com\/#\/schema\/logo\/image\/","url":"https:\/\/audiologyblog.phonakpro.com\/wp-content\/uploads\/2016\/09\/Logo_Phonak_life_is_on_pos_RGB_300dpi.jpg","contentUrl":"https:\/\/audiologyblog.phonakpro.com\/wp-content\/uploads\/2016\/09\/Logo_Phonak_life_is_on_pos_RGB_300dpi.jpg","width":1630,"height":863,"caption":"Phonak Audiology Blog - Phonak Pro - life is on"},"image":{"@id":"https:\/\/audiologyblog.phonakpro.com\/#\/schema\/logo\/image\/"},"sameAs":["https:\/\/www.facebook.com\/phonak","https:\/\/x.com\/phonak","https:\/\/www.instagram.com\/phonak","https:\/\/www.linkedin.com\/company\/phonak","https:\/\/www.youtube.com\/c\/phonak"]},{"@type":"Person","@id":"https:\/\/audiologyblog.phonakpro.com\/#\/schema\/person\/09379b7c853636293927fa312d3c06d6","name":"Prof. Dr. Stefan Launer","description":"Stefan Launer ist promovierter Medizinphysiker und stieg 1995 bei Phonak in der Forschung und Entwicklung ein. Zu seinen Schwerpunktthemen \u00fcber die Jahre z\u00e4hlten digitale Signalverarbeitung, Mikroelektronik und klinische Audiologie. Seit 2008 verantwortet er die allgemeinen Forschungs- und Grundlagentechnologie-Programme im Sonova Headquarter in St\u00e4fa (CH); neben akademischen Partnerschaften und dem Patentmanagement besch\u00e4ftigt er sich besonders gern mit dem zukunftstr\u00e4chtigen Thema Mobile Health Technologies.","url":"https:\/\/audiologyblog.phonakpro.com\/de\/author\/stefanlauner\/"}]}},"_links":{"self":[{"href":"https:\/\/audiologyblog.phonakpro.com\/de\/wp-json\/wp\/v2\/posts\/444044","targetHints":{"allow":["GET"]}}],"collection":[{"href":"https:\/\/audiologyblog.phonakpro.com\/de\/wp-json\/wp\/v2\/posts"}],"about":[{"href":"https:\/\/audiologyblog.phonakpro.com\/de\/wp-json\/wp\/v2\/types\/post"}],"author":[{"embeddable":true,"href":"https:\/\/audiologyblog.phonakpro.com\/de\/wp-json\/wp\/v2\/users\/161"}],"replies":[{"embeddable":true,"href":"https:\/\/audiologyblog.phonakpro.com\/de\/wp-json\/wp\/v2\/comments?post=444044"}],"version-history":[{"count":8,"href":"https:\/\/audiologyblog.phonakpro.com\/de\/wp-json\/wp\/v2\/posts\/444044\/revisions"}],"predecessor-version":[{"id":444459,"href":"https:\/\/audiologyblog.phonakpro.com\/de\/wp-json\/wp\/v2\/posts\/444044\/revisions\/444459"}],"wp:featuredmedia":[{"embeddable":true,"href":"https:\/\/audiologyblog.phonakpro.com\/de\/wp-json\/wp\/v2\/media\/444083"}],"wp:attachment":[{"href":"https:\/\/audiologyblog.phonakpro.com\/de\/wp-json\/wp\/v2\/media?parent=444044"}],"wp:term":[{"taxonomy":"category","embeddable":true,"href":"https:\/\/audiologyblog.phonakpro.com\/de\/wp-json\/wp\/v2\/categories?post=444044"},{"taxonomy":"post_tag","embeddable":true,"href":"https:\/\/audiologyblog.phonakpro.com\/de\/wp-json\/wp\/v2\/tags?post=444044"}],"curies":[{"name":"wp","href":"https:\/\/api.w.org\/{rel}","templated":true}]}}