{"id":432572,"date":"2021-03-15T10:00:19","date_gmt":"2021-03-15T09:00:19","guid":{"rendered":"https:\/\/audiologyblog.phonakpro.com\/?p=432572"},"modified":"2021-10-05T09:20:26","modified_gmt":"2021-10-05T07:20:26","slug":"musik-in-meinen-ohren","status":"publish","type":"post","link":"https:\/\/audiologyblog.phonakpro.com\/de\/musik-in-meinen-ohren\/","title":{"rendered":"Musik in meinen Ohren"},"content":{"rendered":"<p>Ich bin seit meiner Geburt stark an Taubheit grenzend schwerh\u00f6rig. Erst ab ca. 120 Dezibel (Diskolautst\u00e4rke) nehme ich Ger\u00e4usche wahr. Ohne H\u00f6rger\u00e4te h\u00f6re ich nichts. Stellt euch vor, ihr schaut einen Film und stellt dabei den Ton auf \u201eLautlos\u201c. Das bin ich.<\/p>\n<p><strong>Nur Bahnhof verstehen<\/strong><\/p>\n<p>Mit H\u00f6rger\u00e4ten sieht es nat\u00fcrlich anders aus. Durch die H\u00f6rger\u00e4te nehme ich Ger\u00e4usche, T\u00f6ne und viel mehr wahr. Sie begleiten mich in meinem Alltag. Nur nachts freue ich mich auf eine wohlige Ruhe, die ihr euch als \u201eLautlos\u201c vorstellen k\u00f6nnt.<br \/>\nNat\u00fcrlich treffe ich im Alltag auch immer wieder auf etliche Barrieren: Ohne die Unterst\u00fctzung des Lippenlesens, verstehe ich meine Gespr\u00e4chspartner nicht gut und muss mir die S\u00e4tze selbst zusammenreimen. In Gruppensituationen muss ich mich stark konzentrieren, wenn ich halbwegs etwas verstehen m\u00f6chte. Musik h\u00f6rt sich h\u00e4ufig sehr monoton und einseitig an, das Telefonieren ist bisher nicht m\u00f6glich gewesen. Auch die Ansagen in der Bahn oder am Bahnhof h\u00f6re ich nicht. Wie oft ist schon mein Zug an mir vorbei gefahren, weil er (laut Ansage, die ich ja nicht h\u00f6re!) von einem anderen Gleis abfuhr.<\/p>\n<p><strong>Mit Beharrlichkeit und Unterst\u00fctzung zum Ziel<\/strong><\/p>\n<p>Trotz allem w\u00fcrde ich nicht mit einem H\u00f6renden tauschen wollen!<br \/>\nJa, du hast richtig gelesen.<br \/>\nIch habe mithilfe meiner tollen Familie, schulischen Wegbegleitern, wobei ich an dieser Stelle besonders eine mittlerweile sehr gute Freundin erw\u00e4hnen m\u00f6chte, den immer besser werdenden H\u00f6rger\u00e4ten oder technischen Hilfsmitteln mindestens genauso viel wie alle anderen erreicht. Ich habe das Abitur gemacht und H\u00f6rgesch\u00e4digten P\u00e4dagogik mit Psychologie studiert. Nebenbei habe ich bereits mit vier Jahren meine gro\u00dfe Liebe, den Tennissport, f\u00fcr mich entdeckt und beitreibe ihn seitdem auch erfolgreich.<\/p>\n<p><strong>Eine wundervolle Reise<\/strong><\/p>\n<p>Ich m\u00f6chte euch zus\u00e4tzlich zu meinem Werdegang eine emotionale Geschichte \u00fcber meine zwei kleinen st\u00e4ndigen \u201ePhonakbegleiter\u201c erz\u00e4hlen.<br \/>\nIch wurde in meiner Kindergarten-\/Schulzeit ganz regul\u00e4r mit Phonak H\u00f6rger\u00e4ten versorgt. Bis zu dem Zeitpunkt, als die damalige Pressesprecherin von Phonak (Ganz liebe Gr\u00fc\u00dfe, falls Du diesen Beitrag liest!) aufgrund meiner Erfolge beim Tennis auf mich aufmerksam wurde und mir anbot, als Testimonial die neusten H\u00f6rger\u00e4te zu testen. Damals war ich 15 Jahre alt.<br \/>\nAb da begann eine wundervolle Reise mit vielen neuen H\u00f6reindr\u00fccken und unbekannten Ger\u00e4uschen, die entdeckt werden wollten. Meine Sprache verbesserte sich immer mehr, wurde sauberer und pr\u00e4ziser. Wenn neue Phonak H\u00f6rger\u00e4te auf dem Markt angek\u00fcndigt wurden, war es f\u00fcr mich wie Weihnachten und Geburtstag zusammen. Es ist so erstaunlich zu sehen, wie sich die technische Entwicklung so rasant verbesserte. Ein besonderer Fortschritt war, dass die hohen T\u00f6ne in einen tieferen Bereich \u201egedr\u00fcckt\u201c wurden, damit man als h\u00f6rbehinderte Person auch die M\u00f6glichkeit hat, h\u00f6here T\u00f6ne wahrzunehmen. H\u00e4ufig ist diese Tonlage bei mir nicht mehr h\u00f6rbar.<\/p>\n<p><strong>Es macht mich gl\u00fccklich!<\/strong><\/p>\n<p>Der bisherige H\u00f6hepunkt in meinem H\u00f6rger\u00e4teleben aber war vor ca. einem Monat.<br \/>\nMeiner Meinung nach passt die Bezeichnung der neuen H\u00f6rger\u00e4te perfekt: Phonak Na\u00edda Paradise. Sie sind paradiesisch. Zum ersten Mal gab es die M\u00f6glichkeit per Bluetooth die Phonak H\u00f6rger\u00e4te mit anderen technischen Ger\u00e4ten zu verbinden. Zum ersten Mal hatte ich saubere, klare Musik in meinen Ohren. Zum ersten Mal konnte ich mit meinem Vater telefonieren ohne zu sagen \u201eWie bitte? Ich verstehe nichts!\u201c. K\u00f6nnt ihr euch das unbeschreibliche Gef\u00fchl vorstellen? Ich konnte es erst auch nicht \u2013 aber es macht mich gl\u00fccklich!<\/p>\n<p>Musik in meinen Ohren macht mich gl\u00fccklich!<\/p>\n<p><em>Wenn ihr mehr von <a href=\"http:\/\/www.heikealbrecht-tennis.de\">Heike<\/a> erfahren wollt, folgt ihr doch einfach auf einem ihrer Kan\u00e4le.<\/em><br \/>\n<a href=\"https:\/\/www.instagram.com\/heikestefanie\/?hl=de\">Instagram<\/a> &nbsp;<a href=\"https:\/\/www.facebook.com\/heike.albrecht.9822\">Facebook<\/a><\/p>\n","protected":false},"excerpt":{"rendered":"<p>Eine Geschichte \u00fcber mich und meine zwei kleinen treuen \u201ePhonakbegleiter\u201c an meinen Ohren.<br \/>\nMein pers\u00f6nlicher Werdegang &#8211; bis zu dem Zeitpunkt, an dem Musik in meinen Ohren mich mehr als gl\u00fccklich macht. <\/p>\n","protected":false},"author":155,"featured_media":434775,"comment_status":"open","ping_status":"open","sticky":false,"template":"","format":"standard","meta":{"footnotes":""},"categories":[12],"tags":[],"class_list":["post-432572","post","type-post","status-publish","format-standard","has-post-thumbnail","hentry","category-aus-der-praxis"],"acf":[],"yoast_head":"<!-- This site is optimized with the Yoast SEO plugin v25.9 - https:\/\/yoast.com\/wordpress\/plugins\/seo\/ -->\n<title>Musik in meinen Ohren | Audiology Blog<\/title>\n<meta name=\"robots\" content=\"index, follow, max-snippet:-1, max-image-preview:large, max-video-preview:-1\" \/>\n<link rel=\"canonical\" href=\"https:\/\/audiologyblog.phonakpro.com\/de\/musik-in-meinen-ohren\/\" \/>\n<meta property=\"og:locale\" content=\"de_DE\" \/>\n<meta property=\"og:type\" content=\"article\" \/>\n<meta property=\"og:title\" content=\"Musik in meinen Ohren | Audiology Blog\" \/>\n<meta property=\"og:description\" content=\"Eine Geschichte \u00fcber mich und meine zwei kleinen treuen \u201ePhonakbegleiter\u201c an meinen Ohren.  Mein pers\u00f6nlicher Werdegang - bis zu dem Zeitpunkt, an dem Musik in meinen Ohren mich mehr als gl\u00fccklich macht.\" \/>\n<meta property=\"og:url\" content=\"https:\/\/audiologyblog.phonakpro.com\/de\/musik-in-meinen-ohren\/\" \/>\n<meta property=\"og:site_name\" content=\"Phonak Audiology Blog - Phonak Pro - life is on\" \/>\n<meta property=\"article:publisher\" content=\"https:\/\/www.facebook.com\/phonak\" \/>\n<meta property=\"article:published_time\" content=\"2021-03-15T09:00:19+00:00\" \/>\n<meta property=\"article:modified_time\" content=\"2021-10-05T07:20:26+00:00\" \/>\n<meta property=\"og:image\" content=\"https:\/\/audiologyblog.phonakpro.com\/wp-content\/uploads\/2021\/03\/Geschwistertennis163-scaled.jpg\" \/>\n\t<meta property=\"og:image:width\" content=\"2560\" \/>\n\t<meta property=\"og:image:height\" content=\"1707\" \/>\n\t<meta property=\"og:image:type\" content=\"image\/jpeg\" \/>\n<meta name=\"author\" content=\"Heike Albrecht\" \/>\n<meta name=\"twitter:card\" content=\"summary_large_image\" \/>\n<meta name=\"twitter:creator\" content=\"@phonak\" \/>\n<meta name=\"twitter:site\" content=\"@phonak\" \/>\n<meta name=\"twitter:label1\" content=\"Verfasst von\" \/>\n\t<meta name=\"twitter:data1\" content=\"Heike Albrecht\" \/>\n\t<meta name=\"twitter:label2\" content=\"Gesch\u00e4tzte Lesezeit\" \/>\n\t<meta name=\"twitter:data2\" content=\"3\u00a0Minuten\" \/>\n<script type=\"application\/ld+json\" class=\"yoast-schema-graph\">{\"@context\":\"https:\/\/schema.org\",\"@graph\":[{\"@type\":\"Article\",\"@id\":\"https:\/\/audiologyblog.phonakpro.com\/de\/musik-in-meinen-ohren\/#article\",\"isPartOf\":{\"@id\":\"https:\/\/audiologyblog.phonakpro.com\/de\/musik-in-meinen-ohren\/\"},\"author\":{\"name\":\"Heike Albrecht\",\"@id\":\"https:\/\/audiologyblog.phonakpro.com\/#\/schema\/person\/4abfc2ae5eb76d960680bcc0437b18db\"},\"headline\":\"Musik in meinen Ohren\",\"datePublished\":\"2021-03-15T09:00:19+00:00\",\"dateModified\":\"2021-10-05T07:20:26+00:00\",\"mainEntityOfPage\":{\"@id\":\"https:\/\/audiologyblog.phonakpro.com\/de\/musik-in-meinen-ohren\/\"},\"wordCount\":638,\"commentCount\":0,\"publisher\":{\"@id\":\"https:\/\/audiologyblog.phonakpro.com\/#organization\"},\"image\":{\"@id\":\"https:\/\/audiologyblog.phonakpro.com\/de\/musik-in-meinen-ohren\/#primaryimage\"},\"thumbnailUrl\":\"https:\/\/audiologyblog.phonakpro.com\/wp-content\/uploads\/2021\/03\/Geschwistertennis163-scaled.jpg\",\"articleSection\":[\"Aus der Praxis\"],\"inLanguage\":\"de\",\"potentialAction\":[{\"@type\":\"CommentAction\",\"name\":\"Comment\",\"target\":[\"https:\/\/audiologyblog.phonakpro.com\/de\/musik-in-meinen-ohren\/#respond\"]}]},{\"@type\":\"WebPage\",\"@id\":\"https:\/\/audiologyblog.phonakpro.com\/de\/musik-in-meinen-ohren\/\",\"url\":\"https:\/\/audiologyblog.phonakpro.com\/de\/musik-in-meinen-ohren\/\",\"name\":\"Musik in meinen Ohren | Audiology Blog\",\"isPartOf\":{\"@id\":\"https:\/\/audiologyblog.phonakpro.com\/#website\"},\"primaryImageOfPage\":{\"@id\":\"https:\/\/audiologyblog.phonakpro.com\/de\/musik-in-meinen-ohren\/#primaryimage\"},\"image\":{\"@id\":\"https:\/\/audiologyblog.phonakpro.com\/de\/musik-in-meinen-ohren\/#primaryimage\"},\"thumbnailUrl\":\"https:\/\/audiologyblog.phonakpro.com\/wp-content\/uploads\/2021\/03\/Geschwistertennis163-scaled.jpg\",\"datePublished\":\"2021-03-15T09:00:19+00:00\",\"dateModified\":\"2021-10-05T07:20:26+00:00\",\"breadcrumb\":{\"@id\":\"https:\/\/audiologyblog.phonakpro.com\/de\/musik-in-meinen-ohren\/#breadcrumb\"},\"inLanguage\":\"de\",\"potentialAction\":[{\"@type\":\"ReadAction\",\"target\":[\"https:\/\/audiologyblog.phonakpro.com\/de\/musik-in-meinen-ohren\/\"]}]},{\"@type\":\"ImageObject\",\"inLanguage\":\"de\",\"@id\":\"https:\/\/audiologyblog.phonakpro.com\/de\/musik-in-meinen-ohren\/#primaryimage\",\"url\":\"https:\/\/audiologyblog.phonakpro.com\/wp-content\/uploads\/2021\/03\/Geschwistertennis163-scaled.jpg\",\"contentUrl\":\"https:\/\/audiologyblog.phonakpro.com\/wp-content\/uploads\/2021\/03\/Geschwistertennis163-scaled.jpg\",\"width\":2560,\"height\":1707},{\"@type\":\"BreadcrumbList\",\"@id\":\"https:\/\/audiologyblog.phonakpro.com\/de\/musik-in-meinen-ohren\/#breadcrumb\",\"itemListElement\":[{\"@type\":\"ListItem\",\"position\":1,\"name\":\"Home\",\"item\":\"https:\/\/audiologyblog.phonakpro.com\/de\/\"},{\"@type\":\"ListItem\",\"position\":2,\"name\":\"Musik in meinen Ohren\"}]},{\"@type\":\"WebSite\",\"@id\":\"https:\/\/audiologyblog.phonakpro.com\/#website\",\"url\":\"https:\/\/audiologyblog.phonakpro.com\/\",\"name\":\"Phonak Audiology Blog - Phonak Pro - life is on\",\"description\":\"1The Phonak Audiology Blog presents audiological topics, research and hearing technology updates from experts at Phonak and across the hearing industry.\",\"publisher\":{\"@id\":\"https:\/\/audiologyblog.phonakpro.com\/#organization\"},\"potentialAction\":[{\"@type\":\"SearchAction\",\"target\":{\"@type\":\"EntryPoint\",\"urlTemplate\":\"https:\/\/audiologyblog.phonakpro.com\/?s={search_term_string}\"},\"query-input\":{\"@type\":\"PropertyValueSpecification\",\"valueRequired\":true,\"valueName\":\"search_term_string\"}}],\"inLanguage\":\"de\"},{\"@type\":\"Organization\",\"@id\":\"https:\/\/audiologyblog.phonakpro.com\/#organization\",\"name\":\"Phonak Audiology Blog - Phonak Pro - life is on\",\"url\":\"https:\/\/audiologyblog.phonakpro.com\/\",\"logo\":{\"@type\":\"ImageObject\",\"inLanguage\":\"de\",\"@id\":\"https:\/\/audiologyblog.phonakpro.com\/#\/schema\/logo\/image\/\",\"url\":\"https:\/\/audiologyblog.phonakpro.com\/wp-content\/uploads\/2016\/09\/Logo_Phonak_life_is_on_pos_RGB_300dpi.jpg\",\"contentUrl\":\"https:\/\/audiologyblog.phonakpro.com\/wp-content\/uploads\/2016\/09\/Logo_Phonak_life_is_on_pos_RGB_300dpi.jpg\",\"width\":1630,\"height\":863,\"caption\":\"Phonak Audiology Blog - Phonak Pro - life is on\"},\"image\":{\"@id\":\"https:\/\/audiologyblog.phonakpro.com\/#\/schema\/logo\/image\/\"},\"sameAs\":[\"https:\/\/www.facebook.com\/phonak\",\"https:\/\/x.com\/phonak\",\"https:\/\/www.instagram.com\/phonak\",\"https:\/\/www.linkedin.com\/company\/phonak\",\"https:\/\/www.youtube.com\/c\/phonak\"]},{\"@type\":\"Person\",\"@id\":\"https:\/\/audiologyblog.phonakpro.com\/#\/schema\/person\/4abfc2ae5eb76d960680bcc0437b18db\",\"name\":\"Heike Albrecht\",\"description\":\"Heike Albrecht, von Geburt an geh\u00f6rlos, ist eine professionelle Tennisspielerin mit zahlreichen Erfolgen im H\u00f6renden Tennis und Geh\u00f6rlosen Tennis. Sie ist u.a. Olympiasiegerin und Weltmeisterin im Geh\u00f6rlosensport. Sie erhielt drei Mal das Silberne Lorbeerblatt, die h\u00f6chste Auszeichnung f\u00fcr sportliche Leistungen der Bundesrepublik Deutschland. Sie hat in M\u00fcnchen an der LMU H\u00f6rgesch\u00e4digten P\u00e4dagogik und Psychologie studiert. Nach dem Studium arbeitete sie jahrelang im Vertrieb einer Online Schrift und Geb\u00e4rdensprachdolmetsch Firma. Zurzeit wohnt sie in M\u00fcnchen und arbeitet in der tenniscoMpany, einer der gr\u00f6\u00dften Tennisschulen Deutschlands. Heike ist seit fr\u00fchster Kindheit Phonak H\u00f6rger\u00e4te Tr\u00e4gerin und hat die stetige Entwicklung der Phonak H\u00f6rhilfen ihr ganzes Leben miterlebt und stark davon profitiert.\",\"url\":\"https:\/\/audiologyblog.phonakpro.com\/de\/author\/heikealbrecht\/\"}]}<\/script>\n<!-- \/ Yoast SEO plugin. -->","yoast_head_json":{"title":"Musik in meinen Ohren | Audiology Blog","robots":{"index":"index","follow":"follow","max-snippet":"max-snippet:-1","max-image-preview":"max-image-preview:large","max-video-preview":"max-video-preview:-1"},"canonical":"https:\/\/audiologyblog.phonakpro.com\/de\/musik-in-meinen-ohren\/","og_locale":"de_DE","og_type":"article","og_title":"Musik in meinen Ohren | Audiology Blog","og_description":"Eine Geschichte \u00fcber mich und meine zwei kleinen treuen \u201ePhonakbegleiter\u201c an meinen Ohren.  Mein pers\u00f6nlicher Werdegang - bis zu dem Zeitpunkt, an dem Musik in meinen Ohren mich mehr als gl\u00fccklich macht.","og_url":"https:\/\/audiologyblog.phonakpro.com\/de\/musik-in-meinen-ohren\/","og_site_name":"Phonak Audiology Blog - Phonak Pro - life is on","article_publisher":"https:\/\/www.facebook.com\/phonak","article_published_time":"2021-03-15T09:00:19+00:00","article_modified_time":"2021-10-05T07:20:26+00:00","og_image":[{"width":2560,"height":1707,"url":"https:\/\/audiologyblog.phonakpro.com\/wp-content\/uploads\/2021\/03\/Geschwistertennis163-scaled.jpg","type":"image\/jpeg"}],"author":"Heike Albrecht","twitter_card":"summary_large_image","twitter_creator":"@phonak","twitter_site":"@phonak","twitter_misc":{"Verfasst von":"Heike Albrecht","Gesch\u00e4tzte Lesezeit":"3\u00a0Minuten"},"schema":{"@context":"https:\/\/schema.org","@graph":[{"@type":"Article","@id":"https:\/\/audiologyblog.phonakpro.com\/de\/musik-in-meinen-ohren\/#article","isPartOf":{"@id":"https:\/\/audiologyblog.phonakpro.com\/de\/musik-in-meinen-ohren\/"},"author":{"name":"Heike Albrecht","@id":"https:\/\/audiologyblog.phonakpro.com\/#\/schema\/person\/4abfc2ae5eb76d960680bcc0437b18db"},"headline":"Musik in meinen Ohren","datePublished":"2021-03-15T09:00:19+00:00","dateModified":"2021-10-05T07:20:26+00:00","mainEntityOfPage":{"@id":"https:\/\/audiologyblog.phonakpro.com\/de\/musik-in-meinen-ohren\/"},"wordCount":638,"commentCount":0,"publisher":{"@id":"https:\/\/audiologyblog.phonakpro.com\/#organization"},"image":{"@id":"https:\/\/audiologyblog.phonakpro.com\/de\/musik-in-meinen-ohren\/#primaryimage"},"thumbnailUrl":"https:\/\/audiologyblog.phonakpro.com\/wp-content\/uploads\/2021\/03\/Geschwistertennis163-scaled.jpg","articleSection":["Aus der Praxis"],"inLanguage":"de","potentialAction":[{"@type":"CommentAction","name":"Comment","target":["https:\/\/audiologyblog.phonakpro.com\/de\/musik-in-meinen-ohren\/#respond"]}]},{"@type":"WebPage","@id":"https:\/\/audiologyblog.phonakpro.com\/de\/musik-in-meinen-ohren\/","url":"https:\/\/audiologyblog.phonakpro.com\/de\/musik-in-meinen-ohren\/","name":"Musik in meinen Ohren | Audiology Blog","isPartOf":{"@id":"https:\/\/audiologyblog.phonakpro.com\/#website"},"primaryImageOfPage":{"@id":"https:\/\/audiologyblog.phonakpro.com\/de\/musik-in-meinen-ohren\/#primaryimage"},"image":{"@id":"https:\/\/audiologyblog.phonakpro.com\/de\/musik-in-meinen-ohren\/#primaryimage"},"thumbnailUrl":"https:\/\/audiologyblog.phonakpro.com\/wp-content\/uploads\/2021\/03\/Geschwistertennis163-scaled.jpg","datePublished":"2021-03-15T09:00:19+00:00","dateModified":"2021-10-05T07:20:26+00:00","breadcrumb":{"@id":"https:\/\/audiologyblog.phonakpro.com\/de\/musik-in-meinen-ohren\/#breadcrumb"},"inLanguage":"de","potentialAction":[{"@type":"ReadAction","target":["https:\/\/audiologyblog.phonakpro.com\/de\/musik-in-meinen-ohren\/"]}]},{"@type":"ImageObject","inLanguage":"de","@id":"https:\/\/audiologyblog.phonakpro.com\/de\/musik-in-meinen-ohren\/#primaryimage","url":"https:\/\/audiologyblog.phonakpro.com\/wp-content\/uploads\/2021\/03\/Geschwistertennis163-scaled.jpg","contentUrl":"https:\/\/audiologyblog.phonakpro.com\/wp-content\/uploads\/2021\/03\/Geschwistertennis163-scaled.jpg","width":2560,"height":1707},{"@type":"BreadcrumbList","@id":"https:\/\/audiologyblog.phonakpro.com\/de\/musik-in-meinen-ohren\/#breadcrumb","itemListElement":[{"@type":"ListItem","position":1,"name":"Home","item":"https:\/\/audiologyblog.phonakpro.com\/de\/"},{"@type":"ListItem","position":2,"name":"Musik in meinen Ohren"}]},{"@type":"WebSite","@id":"https:\/\/audiologyblog.phonakpro.com\/#website","url":"https:\/\/audiologyblog.phonakpro.com\/","name":"Phonak Audiology Blog - Phonak Pro - life is on","description":"1The Phonak Audiology Blog presents audiological topics, research and hearing technology updates from experts at Phonak and across the hearing industry.","publisher":{"@id":"https:\/\/audiologyblog.phonakpro.com\/#organization"},"potentialAction":[{"@type":"SearchAction","target":{"@type":"EntryPoint","urlTemplate":"https:\/\/audiologyblog.phonakpro.com\/?s={search_term_string}"},"query-input":{"@type":"PropertyValueSpecification","valueRequired":true,"valueName":"search_term_string"}}],"inLanguage":"de"},{"@type":"Organization","@id":"https:\/\/audiologyblog.phonakpro.com\/#organization","name":"Phonak Audiology Blog - Phonak Pro - life is on","url":"https:\/\/audiologyblog.phonakpro.com\/","logo":{"@type":"ImageObject","inLanguage":"de","@id":"https:\/\/audiologyblog.phonakpro.com\/#\/schema\/logo\/image\/","url":"https:\/\/audiologyblog.phonakpro.com\/wp-content\/uploads\/2016\/09\/Logo_Phonak_life_is_on_pos_RGB_300dpi.jpg","contentUrl":"https:\/\/audiologyblog.phonakpro.com\/wp-content\/uploads\/2016\/09\/Logo_Phonak_life_is_on_pos_RGB_300dpi.jpg","width":1630,"height":863,"caption":"Phonak Audiology Blog - Phonak Pro - life is on"},"image":{"@id":"https:\/\/audiologyblog.phonakpro.com\/#\/schema\/logo\/image\/"},"sameAs":["https:\/\/www.facebook.com\/phonak","https:\/\/x.com\/phonak","https:\/\/www.instagram.com\/phonak","https:\/\/www.linkedin.com\/company\/phonak","https:\/\/www.youtube.com\/c\/phonak"]},{"@type":"Person","@id":"https:\/\/audiologyblog.phonakpro.com\/#\/schema\/person\/4abfc2ae5eb76d960680bcc0437b18db","name":"Heike Albrecht","description":"Heike Albrecht, von Geburt an geh\u00f6rlos, ist eine professionelle Tennisspielerin mit zahlreichen Erfolgen im H\u00f6renden Tennis und Geh\u00f6rlosen Tennis. Sie ist u.a. Olympiasiegerin und Weltmeisterin im Geh\u00f6rlosensport. Sie erhielt drei Mal das Silberne Lorbeerblatt, die h\u00f6chste Auszeichnung f\u00fcr sportliche Leistungen der Bundesrepublik Deutschland. Sie hat in M\u00fcnchen an der LMU H\u00f6rgesch\u00e4digten P\u00e4dagogik und Psychologie studiert. Nach dem Studium arbeitete sie jahrelang im Vertrieb einer Online Schrift und Geb\u00e4rdensprachdolmetsch Firma. Zurzeit wohnt sie in M\u00fcnchen und arbeitet in der tenniscoMpany, einer der gr\u00f6\u00dften Tennisschulen Deutschlands. Heike ist seit fr\u00fchster Kindheit Phonak H\u00f6rger\u00e4te Tr\u00e4gerin und hat die stetige Entwicklung der Phonak H\u00f6rhilfen ihr ganzes Leben miterlebt und stark davon profitiert.","url":"https:\/\/audiologyblog.phonakpro.com\/de\/author\/heikealbrecht\/"}]}},"_links":{"self":[{"href":"https:\/\/audiologyblog.phonakpro.com\/de\/wp-json\/wp\/v2\/posts\/432572","targetHints":{"allow":["GET"]}}],"collection":[{"href":"https:\/\/audiologyblog.phonakpro.com\/de\/wp-json\/wp\/v2\/posts"}],"about":[{"href":"https:\/\/audiologyblog.phonakpro.com\/de\/wp-json\/wp\/v2\/types\/post"}],"author":[{"embeddable":true,"href":"https:\/\/audiologyblog.phonakpro.com\/de\/wp-json\/wp\/v2\/users\/155"}],"replies":[{"embeddable":true,"href":"https:\/\/audiologyblog.phonakpro.com\/de\/wp-json\/wp\/v2\/comments?post=432572"}],"version-history":[{"count":16,"href":"https:\/\/audiologyblog.phonakpro.com\/de\/wp-json\/wp\/v2\/posts\/432572\/revisions"}],"predecessor-version":[{"id":505896,"href":"https:\/\/audiologyblog.phonakpro.com\/de\/wp-json\/wp\/v2\/posts\/432572\/revisions\/505896"}],"wp:featuredmedia":[{"embeddable":true,"href":"https:\/\/audiologyblog.phonakpro.com\/de\/wp-json\/wp\/v2\/media\/434775"}],"wp:attachment":[{"href":"https:\/\/audiologyblog.phonakpro.com\/de\/wp-json\/wp\/v2\/media?parent=432572"}],"wp:term":[{"taxonomy":"category","embeddable":true,"href":"https:\/\/audiologyblog.phonakpro.com\/de\/wp-json\/wp\/v2\/categories?post=432572"},{"taxonomy":"post_tag","embeddable":true,"href":"https:\/\/audiologyblog.phonakpro.com\/de\/wp-json\/wp\/v2\/tags?post=432572"}],"curies":[{"name":"wp","href":"https:\/\/api.w.org\/{rel}","templated":true}]}}