{"id":3909,"date":"2018-03-08T17:32:36","date_gmt":"2018-03-08T16:32:36","guid":{"rendered":"https:\/\/audiologyblog.phonakpro.com\/?p=3909"},"modified":"2018-04-03T10:33:31","modified_gmt":"2018-04-03T08:33:31","slug":"unser-besuch-in-warrington","status":"publish","type":"post","link":"https:\/\/audiologyblog.phonakpro.com\/de\/unser-besuch-in-warrington\/","title":{"rendered":"Unser Besuch in Warrington"},"content":{"rendered":"<p>Bevor in Deutschland die Belongplattform Einzug in die Virto B Ger\u00e4te nahm, besuchten wir gemeinsam mit dem Vertrieb, unser Werk in Warrington. Warrington liegt f\u00fcr Fans des Fu\u00dfballs ganz optimal, zwischen Manchester und Liverpool. So machten wir uns also aus jeder Ecke Deutschlands auf, um uns alle gemeinsam am Flughafen in Manchester zu treffen, um von dort mit dem Bus nach Warrington zu fahren. Im Werk angekommen wurden wir von Chris in Empfang genommen, der uns durch das gesamte Werk f\u00fchrte.<\/p>\n<figure id=\"attachment_3918\" aria-describedby=\"caption-attachment-3918\" style=\"width: 748px\" class=\"wp-caption aligncenter\"><img loading=\"lazy\" decoding=\"async\" class=\"wp-image-3918\" src=\"https:\/\/audiologyblog.phonakpro.com\/wp-content\/uploads\/2018\/02\/Warrington_3.jpg\" alt=\"\" width=\"748\" height=\"441\" srcset=\"https:\/\/audiologyblog.phonakpro.com\/wp-content\/uploads\/2018\/02\/Warrington_3.jpg 748w, https:\/\/audiologyblog.phonakpro.com\/wp-content\/uploads\/2018\/02\/Warrington_3-582x343.jpg 582w, https:\/\/audiologyblog.phonakpro.com\/wp-content\/uploads\/2018\/02\/Warrington_3-310x183.jpg 310w\" sizes=\"auto, (max-width: 748px) 100vw, 748px\" \/><figcaption id=\"caption-attachment-3918\" class=\"wp-caption-text\">Warrington Produktion<\/figcaption><\/figure>\n<p>Die erste Station, die die eingescannte Abformung nimmt, ist das RSM. Dies ist eine Software in der die digitalen Scandaten angezeigt werden und am PC in die digitale Welt \u00fcbergef\u00fchrt werden. An dieser Stelle wird das Ger\u00e4t virtuell gebaut und f\u00fcr den weiteren digitalen Umlaufprozess weiter vorbereitet. Allein diese Station hat mich schon sehr beeindruckt! In welcher Geschwindigkeit und mit welcher Pr\u00e4zision die Maus oder das Pad bedient werden.<\/p>\n<figure id=\"attachment_3931\" aria-describedby=\"caption-attachment-3931\" style=\"width: 748px\" class=\"wp-caption aligncenter\"><img loading=\"lazy\" decoding=\"async\" class=\"wp-image-3931\" src=\"https:\/\/audiologyblog.phonakpro.com\/wp-content\/uploads\/2018\/02\/Warringtom_6-590x331.jpg\" alt=\"\" width=\"748\" height=\"420\" \/><figcaption id=\"caption-attachment-3931\" class=\"wp-caption-text\">computergest\u00fctzte Modellierung\u00a0mit\u00a0RSM\u00a0Software<\/figcaption><\/figure>\n<p>Im n\u00e4chsten Schritt findet die Schalenfertigung statt. Sonova war das erste Unternehmen, das die 3D Printtechnologie f\u00fcr sich erm\u00f6glicht hat. Die modellierten Daten werden an den Printer \u00fcbermittelt und die Schale wird gefertigt.<\/p>\n<figure id=\"attachment_3928\" aria-describedby=\"caption-attachment-3928\" style=\"width: 748px\" class=\"wp-caption aligncenter\"><img loading=\"lazy\" decoding=\"async\" class=\"wp-image-3928\" src=\"https:\/\/audiologyblog.phonakpro.com\/wp-content\/uploads\/2018\/02\/Schalenfertigung-1190x805.jpg\" alt=\"\" width=\"748\" height=\"436\" \/><figcaption id=\"caption-attachment-3928\" class=\"wp-caption-text\">Schalenfertigung durch 3D Printtechnologie<\/figcaption><\/figure>\n<p>Anschlie\u00dfend wird die digital konstruierte Schale mit der Technik zusammengef\u00fchrt, die Faceplate aufgesetzt, per Hand \u00fcberarbeitet und lackiert.\u00a0In der Qualit\u00e4tsabteilung wird das fertige Ger\u00e4t sowohl technisch, als auch optisch \u00fcberpr\u00fcft. Es gehen nur Ger\u00e4te, die alle erforderlichen Auflagen erf\u00fcllen, in den Versand.\u00a0Die extreme Gr\u00f6\u00dfe der Fertigung hat mich doch \u00fcberrascht! In dieser Dimension hatte ich mir das nicht vorgestellt. Hier sitzen ca. 300 Mitarbeiter, jeder hat seine feste Aufgabe und so l\u00e4uft die Fertigung Hand in Hand bis zum fertigen Produkt.<\/p>\n<figure id=\"attachment_3933\" aria-describedby=\"caption-attachment-3933\" style=\"width: 748px\" class=\"wp-caption aligncenter\"><img loading=\"lazy\" decoding=\"async\" class=\"wp-image-3933\" src=\"https:\/\/audiologyblog.phonakpro.com\/wp-content\/uploads\/2018\/02\/Handfertigung-590x395.jpg\" alt=\"\" width=\"748\" height=\"500\" \/><figcaption id=\"caption-attachment-3933\" class=\"wp-caption-text\">Montage in Handarbeit<\/figcaption><\/figure>\n<p>Bei jedem Produktionsschritt muss das H\u00f6rger\u00e4t spezielle Pr\u00fcfkriterien erf\u00fcllen. Da\u00a0Qualit\u00e4t gro\u00dfgeschrieben wird, wird das H\u00f6rger\u00e4t auch am Ende der Produktionskette, bevor es verpackt wird,\u00a0&#8222;unter die Lupe&#8220; genommen, um einen einwandfreien Zustand gew\u00e4hrleisten zu k\u00f6nnen. Das hat mich \u00fcberzeugt und auch ein bisschen stolz gemacht.<\/p>\n<p>&nbsp;<\/p>\n<p>Ein lohnenswerter Einblick in die Schaffung unserer Ger\u00e4te!<\/p>\n","protected":false},"excerpt":{"rendered":"<p>Von der eingescannten Abformung zum ma\u00dfgefertigten Hightech-Produkt<\/p>\n","protected":false},"author":70,"featured_media":4028,"comment_status":"open","ping_status":"open","sticky":false,"template":"","format":"standard","meta":{"footnotes":""},"categories":[12],"tags":[],"class_list":["post-3909","post","type-post","status-publish","format-standard","has-post-thumbnail","hentry","category-aus-der-praxis"],"acf":[],"yoast_head":"<!-- This site is optimized with the Yoast SEO plugin v25.9 - https:\/\/yoast.com\/wordpress\/plugins\/seo\/ -->\n<title>Unser Besuch in Warrington | Audiology Blog<\/title>\n<meta name=\"robots\" content=\"index, follow, max-snippet:-1, max-image-preview:large, max-video-preview:-1\" \/>\n<link rel=\"canonical\" href=\"https:\/\/audiologyblog.phonakpro.com\/de\/unser-besuch-in-warrington\/\" \/>\n<meta property=\"og:locale\" content=\"de_DE\" \/>\n<meta property=\"og:type\" content=\"article\" \/>\n<meta property=\"og:title\" content=\"Unser Besuch in Warrington | Audiology Blog\" \/>\n<meta property=\"og:description\" content=\"Von der eingescannten Abformung zum ma\u00dfgefertigten Hightech-Produkt\" \/>\n<meta property=\"og:url\" content=\"https:\/\/audiologyblog.phonakpro.com\/de\/unser-besuch-in-warrington\/\" \/>\n<meta property=\"og:site_name\" content=\"Phonak Audiology Blog - Phonak Pro - life is on\" \/>\n<meta property=\"article:publisher\" content=\"https:\/\/www.facebook.com\/phonak\" \/>\n<meta property=\"article:published_time\" content=\"2018-03-08T16:32:36+00:00\" \/>\n<meta property=\"article:modified_time\" content=\"2018-04-03T08:33:31+00:00\" \/>\n<meta property=\"og:image\" content=\"https:\/\/audiologyblog.phonakpro.com\/wp-content\/uploads\/2018\/03\/Warrington_Gebaude_2_neu-1.jpg\" \/>\n\t<meta property=\"og:image:width\" content=\"2400\" \/>\n\t<meta property=\"og:image:height\" content=\"1235\" \/>\n\t<meta property=\"og:image:type\" content=\"image\/jpeg\" \/>\n<meta name=\"author\" content=\"Kathrin Longerich\" \/>\n<meta name=\"twitter:card\" content=\"summary_large_image\" \/>\n<meta name=\"twitter:creator\" content=\"@phonak\" \/>\n<meta name=\"twitter:site\" content=\"@phonak\" \/>\n<meta name=\"twitter:label1\" content=\"Verfasst von\" \/>\n\t<meta name=\"twitter:data1\" content=\"Kathrin Longerich\" \/>\n\t<meta name=\"twitter:label2\" content=\"Gesch\u00e4tzte Lesezeit\" \/>\n\t<meta name=\"twitter:data2\" content=\"2\u00a0Minuten\" \/>\n<script type=\"application\/ld+json\" class=\"yoast-schema-graph\">{\"@context\":\"https:\/\/schema.org\",\"@graph\":[{\"@type\":\"Article\",\"@id\":\"https:\/\/audiologyblog.phonakpro.com\/de\/unser-besuch-in-warrington\/#article\",\"isPartOf\":{\"@id\":\"https:\/\/audiologyblog.phonakpro.com\/de\/unser-besuch-in-warrington\/\"},\"author\":{\"name\":\"Kathrin Longerich\",\"@id\":\"https:\/\/audiologyblog.phonakpro.com\/#\/schema\/person\/8cd7048c5dd6d7061d6eebd0a0b1123d\"},\"headline\":\"Unser Besuch in Warrington\",\"datePublished\":\"2018-03-08T16:32:36+00:00\",\"dateModified\":\"2018-04-03T08:33:31+00:00\",\"mainEntityOfPage\":{\"@id\":\"https:\/\/audiologyblog.phonakpro.com\/de\/unser-besuch-in-warrington\/\"},\"wordCount\":398,\"commentCount\":0,\"publisher\":{\"@id\":\"https:\/\/audiologyblog.phonakpro.com\/#organization\"},\"image\":{\"@id\":\"https:\/\/audiologyblog.phonakpro.com\/de\/unser-besuch-in-warrington\/#primaryimage\"},\"thumbnailUrl\":\"https:\/\/audiologyblog.phonakpro.com\/wp-content\/uploads\/2018\/03\/Warrington_Gebaude_2_neu-1.jpg\",\"articleSection\":[\"Aus der Praxis\"],\"inLanguage\":\"de\",\"potentialAction\":[{\"@type\":\"CommentAction\",\"name\":\"Comment\",\"target\":[\"https:\/\/audiologyblog.phonakpro.com\/de\/unser-besuch-in-warrington\/#respond\"]}]},{\"@type\":\"WebPage\",\"@id\":\"https:\/\/audiologyblog.phonakpro.com\/de\/unser-besuch-in-warrington\/\",\"url\":\"https:\/\/audiologyblog.phonakpro.com\/de\/unser-besuch-in-warrington\/\",\"name\":\"Unser Besuch in Warrington | Audiology Blog\",\"isPartOf\":{\"@id\":\"https:\/\/audiologyblog.phonakpro.com\/#website\"},\"primaryImageOfPage\":{\"@id\":\"https:\/\/audiologyblog.phonakpro.com\/de\/unser-besuch-in-warrington\/#primaryimage\"},\"image\":{\"@id\":\"https:\/\/audiologyblog.phonakpro.com\/de\/unser-besuch-in-warrington\/#primaryimage\"},\"thumbnailUrl\":\"https:\/\/audiologyblog.phonakpro.com\/wp-content\/uploads\/2018\/03\/Warrington_Gebaude_2_neu-1.jpg\",\"datePublished\":\"2018-03-08T16:32:36+00:00\",\"dateModified\":\"2018-04-03T08:33:31+00:00\",\"breadcrumb\":{\"@id\":\"https:\/\/audiologyblog.phonakpro.com\/de\/unser-besuch-in-warrington\/#breadcrumb\"},\"inLanguage\":\"de\",\"potentialAction\":[{\"@type\":\"ReadAction\",\"target\":[\"https:\/\/audiologyblog.phonakpro.com\/de\/unser-besuch-in-warrington\/\"]}]},{\"@type\":\"ImageObject\",\"inLanguage\":\"de\",\"@id\":\"https:\/\/audiologyblog.phonakpro.com\/de\/unser-besuch-in-warrington\/#primaryimage\",\"url\":\"https:\/\/audiologyblog.phonakpro.com\/wp-content\/uploads\/2018\/03\/Warrington_Gebaude_2_neu-1.jpg\",\"contentUrl\":\"https:\/\/audiologyblog.phonakpro.com\/wp-content\/uploads\/2018\/03\/Warrington_Gebaude_2_neu-1.jpg\",\"width\":2400,\"height\":1235,\"caption\":\"Architects: Building Management Services BMS Main Contractor: Marshall Construction \u00a9 David Millington Photography Ltd\"},{\"@type\":\"BreadcrumbList\",\"@id\":\"https:\/\/audiologyblog.phonakpro.com\/de\/unser-besuch-in-warrington\/#breadcrumb\",\"itemListElement\":[{\"@type\":\"ListItem\",\"position\":1,\"name\":\"Home\",\"item\":\"https:\/\/audiologyblog.phonakpro.com\/de\/\"},{\"@type\":\"ListItem\",\"position\":2,\"name\":\"Unser Besuch in Warrington\"}]},{\"@type\":\"WebSite\",\"@id\":\"https:\/\/audiologyblog.phonakpro.com\/#website\",\"url\":\"https:\/\/audiologyblog.phonakpro.com\/\",\"name\":\"Phonak Audiology Blog - Phonak Pro - life is on\",\"description\":\"1The Phonak Audiology Blog presents audiological topics, research and hearing technology updates from experts at Phonak and across the hearing industry.\",\"publisher\":{\"@id\":\"https:\/\/audiologyblog.phonakpro.com\/#organization\"},\"potentialAction\":[{\"@type\":\"SearchAction\",\"target\":{\"@type\":\"EntryPoint\",\"urlTemplate\":\"https:\/\/audiologyblog.phonakpro.com\/?s={search_term_string}\"},\"query-input\":{\"@type\":\"PropertyValueSpecification\",\"valueRequired\":true,\"valueName\":\"search_term_string\"}}],\"inLanguage\":\"de\"},{\"@type\":\"Organization\",\"@id\":\"https:\/\/audiologyblog.phonakpro.com\/#organization\",\"name\":\"Phonak Audiology Blog - Phonak Pro - life is on\",\"url\":\"https:\/\/audiologyblog.phonakpro.com\/\",\"logo\":{\"@type\":\"ImageObject\",\"inLanguage\":\"de\",\"@id\":\"https:\/\/audiologyblog.phonakpro.com\/#\/schema\/logo\/image\/\",\"url\":\"https:\/\/audiologyblog.phonakpro.com\/wp-content\/uploads\/2016\/09\/Logo_Phonak_life_is_on_pos_RGB_300dpi.jpg\",\"contentUrl\":\"https:\/\/audiologyblog.phonakpro.com\/wp-content\/uploads\/2016\/09\/Logo_Phonak_life_is_on_pos_RGB_300dpi.jpg\",\"width\":1630,\"height\":863,\"caption\":\"Phonak Audiology Blog - Phonak Pro - life is on\"},\"image\":{\"@id\":\"https:\/\/audiologyblog.phonakpro.com\/#\/schema\/logo\/image\/\"},\"sameAs\":[\"https:\/\/www.facebook.com\/phonak\",\"https:\/\/x.com\/phonak\",\"https:\/\/www.instagram.com\/phonak\",\"https:\/\/www.linkedin.com\/company\/phonak\",\"https:\/\/www.youtube.com\/c\/phonak\"]},{\"@type\":\"Person\",\"@id\":\"https:\/\/audiologyblog.phonakpro.com\/#\/schema\/person\/8cd7048c5dd6d7061d6eebd0a0b1123d\",\"name\":\"Kathrin Longerich\",\"description\":\"Kathrin Longerich arbeitet seit 2017 bei Sonova Deutschland. Die gelernte H\u00f6rakustikerin und Meisterin fasziniert sich nicht nur privat f\u00fcr das Reisen, auch beruflich reist die Vertriebsaudiologin tagt\u00e4glich durch Deutschland und bringt neue H\u00f6rger\u00e4te-Innovationen an den Akustiker.\",\"url\":\"https:\/\/audiologyblog.phonakpro.com\/de\/author\/kathrin-longerich\/\"}]}<\/script>\n<!-- \/ Yoast SEO plugin. -->","yoast_head_json":{"title":"Unser Besuch in Warrington | Audiology Blog","robots":{"index":"index","follow":"follow","max-snippet":"max-snippet:-1","max-image-preview":"max-image-preview:large","max-video-preview":"max-video-preview:-1"},"canonical":"https:\/\/audiologyblog.phonakpro.com\/de\/unser-besuch-in-warrington\/","og_locale":"de_DE","og_type":"article","og_title":"Unser Besuch in Warrington | Audiology Blog","og_description":"Von der eingescannten Abformung zum ma\u00dfgefertigten Hightech-Produkt","og_url":"https:\/\/audiologyblog.phonakpro.com\/de\/unser-besuch-in-warrington\/","og_site_name":"Phonak Audiology Blog - Phonak Pro - life is on","article_publisher":"https:\/\/www.facebook.com\/phonak","article_published_time":"2018-03-08T16:32:36+00:00","article_modified_time":"2018-04-03T08:33:31+00:00","og_image":[{"width":2400,"height":1235,"url":"https:\/\/audiologyblog.phonakpro.com\/wp-content\/uploads\/2018\/03\/Warrington_Gebaude_2_neu-1.jpg","type":"image\/jpeg"}],"author":"Kathrin Longerich","twitter_card":"summary_large_image","twitter_creator":"@phonak","twitter_site":"@phonak","twitter_misc":{"Verfasst von":"Kathrin Longerich","Gesch\u00e4tzte Lesezeit":"2\u00a0Minuten"},"schema":{"@context":"https:\/\/schema.org","@graph":[{"@type":"Article","@id":"https:\/\/audiologyblog.phonakpro.com\/de\/unser-besuch-in-warrington\/#article","isPartOf":{"@id":"https:\/\/audiologyblog.phonakpro.com\/de\/unser-besuch-in-warrington\/"},"author":{"name":"Kathrin Longerich","@id":"https:\/\/audiologyblog.phonakpro.com\/#\/schema\/person\/8cd7048c5dd6d7061d6eebd0a0b1123d"},"headline":"Unser Besuch in Warrington","datePublished":"2018-03-08T16:32:36+00:00","dateModified":"2018-04-03T08:33:31+00:00","mainEntityOfPage":{"@id":"https:\/\/audiologyblog.phonakpro.com\/de\/unser-besuch-in-warrington\/"},"wordCount":398,"commentCount":0,"publisher":{"@id":"https:\/\/audiologyblog.phonakpro.com\/#organization"},"image":{"@id":"https:\/\/audiologyblog.phonakpro.com\/de\/unser-besuch-in-warrington\/#primaryimage"},"thumbnailUrl":"https:\/\/audiologyblog.phonakpro.com\/wp-content\/uploads\/2018\/03\/Warrington_Gebaude_2_neu-1.jpg","articleSection":["Aus der Praxis"],"inLanguage":"de","potentialAction":[{"@type":"CommentAction","name":"Comment","target":["https:\/\/audiologyblog.phonakpro.com\/de\/unser-besuch-in-warrington\/#respond"]}]},{"@type":"WebPage","@id":"https:\/\/audiologyblog.phonakpro.com\/de\/unser-besuch-in-warrington\/","url":"https:\/\/audiologyblog.phonakpro.com\/de\/unser-besuch-in-warrington\/","name":"Unser Besuch in Warrington | Audiology Blog","isPartOf":{"@id":"https:\/\/audiologyblog.phonakpro.com\/#website"},"primaryImageOfPage":{"@id":"https:\/\/audiologyblog.phonakpro.com\/de\/unser-besuch-in-warrington\/#primaryimage"},"image":{"@id":"https:\/\/audiologyblog.phonakpro.com\/de\/unser-besuch-in-warrington\/#primaryimage"},"thumbnailUrl":"https:\/\/audiologyblog.phonakpro.com\/wp-content\/uploads\/2018\/03\/Warrington_Gebaude_2_neu-1.jpg","datePublished":"2018-03-08T16:32:36+00:00","dateModified":"2018-04-03T08:33:31+00:00","breadcrumb":{"@id":"https:\/\/audiologyblog.phonakpro.com\/de\/unser-besuch-in-warrington\/#breadcrumb"},"inLanguage":"de","potentialAction":[{"@type":"ReadAction","target":["https:\/\/audiologyblog.phonakpro.com\/de\/unser-besuch-in-warrington\/"]}]},{"@type":"ImageObject","inLanguage":"de","@id":"https:\/\/audiologyblog.phonakpro.com\/de\/unser-besuch-in-warrington\/#primaryimage","url":"https:\/\/audiologyblog.phonakpro.com\/wp-content\/uploads\/2018\/03\/Warrington_Gebaude_2_neu-1.jpg","contentUrl":"https:\/\/audiologyblog.phonakpro.com\/wp-content\/uploads\/2018\/03\/Warrington_Gebaude_2_neu-1.jpg","width":2400,"height":1235,"caption":"Architects: Building Management Services BMS Main Contractor: Marshall Construction \u00a9 David Millington Photography Ltd"},{"@type":"BreadcrumbList","@id":"https:\/\/audiologyblog.phonakpro.com\/de\/unser-besuch-in-warrington\/#breadcrumb","itemListElement":[{"@type":"ListItem","position":1,"name":"Home","item":"https:\/\/audiologyblog.phonakpro.com\/de\/"},{"@type":"ListItem","position":2,"name":"Unser Besuch in Warrington"}]},{"@type":"WebSite","@id":"https:\/\/audiologyblog.phonakpro.com\/#website","url":"https:\/\/audiologyblog.phonakpro.com\/","name":"Phonak Audiology Blog - Phonak Pro - life is on","description":"1The Phonak Audiology Blog presents audiological topics, research and hearing technology updates from experts at Phonak and across the hearing industry.","publisher":{"@id":"https:\/\/audiologyblog.phonakpro.com\/#organization"},"potentialAction":[{"@type":"SearchAction","target":{"@type":"EntryPoint","urlTemplate":"https:\/\/audiologyblog.phonakpro.com\/?s={search_term_string}"},"query-input":{"@type":"PropertyValueSpecification","valueRequired":true,"valueName":"search_term_string"}}],"inLanguage":"de"},{"@type":"Organization","@id":"https:\/\/audiologyblog.phonakpro.com\/#organization","name":"Phonak Audiology Blog - Phonak Pro - life is on","url":"https:\/\/audiologyblog.phonakpro.com\/","logo":{"@type":"ImageObject","inLanguage":"de","@id":"https:\/\/audiologyblog.phonakpro.com\/#\/schema\/logo\/image\/","url":"https:\/\/audiologyblog.phonakpro.com\/wp-content\/uploads\/2016\/09\/Logo_Phonak_life_is_on_pos_RGB_300dpi.jpg","contentUrl":"https:\/\/audiologyblog.phonakpro.com\/wp-content\/uploads\/2016\/09\/Logo_Phonak_life_is_on_pos_RGB_300dpi.jpg","width":1630,"height":863,"caption":"Phonak Audiology Blog - Phonak Pro - life is on"},"image":{"@id":"https:\/\/audiologyblog.phonakpro.com\/#\/schema\/logo\/image\/"},"sameAs":["https:\/\/www.facebook.com\/phonak","https:\/\/x.com\/phonak","https:\/\/www.instagram.com\/phonak","https:\/\/www.linkedin.com\/company\/phonak","https:\/\/www.youtube.com\/c\/phonak"]},{"@type":"Person","@id":"https:\/\/audiologyblog.phonakpro.com\/#\/schema\/person\/8cd7048c5dd6d7061d6eebd0a0b1123d","name":"Kathrin Longerich","description":"Kathrin Longerich arbeitet seit 2017 bei Sonova Deutschland. Die gelernte H\u00f6rakustikerin und Meisterin fasziniert sich nicht nur privat f\u00fcr das Reisen, auch beruflich reist die Vertriebsaudiologin tagt\u00e4glich durch Deutschland und bringt neue H\u00f6rger\u00e4te-Innovationen an den Akustiker.","url":"https:\/\/audiologyblog.phonakpro.com\/de\/author\/kathrin-longerich\/"}]}},"_links":{"self":[{"href":"https:\/\/audiologyblog.phonakpro.com\/de\/wp-json\/wp\/v2\/posts\/3909","targetHints":{"allow":["GET"]}}],"collection":[{"href":"https:\/\/audiologyblog.phonakpro.com\/de\/wp-json\/wp\/v2\/posts"}],"about":[{"href":"https:\/\/audiologyblog.phonakpro.com\/de\/wp-json\/wp\/v2\/types\/post"}],"author":[{"embeddable":true,"href":"https:\/\/audiologyblog.phonakpro.com\/de\/wp-json\/wp\/v2\/users\/70"}],"replies":[{"embeddable":true,"href":"https:\/\/audiologyblog.phonakpro.com\/de\/wp-json\/wp\/v2\/comments?post=3909"}],"version-history":[{"count":28,"href":"https:\/\/audiologyblog.phonakpro.com\/de\/wp-json\/wp\/v2\/posts\/3909\/revisions"}],"predecessor-version":[{"id":4133,"href":"https:\/\/audiologyblog.phonakpro.com\/de\/wp-json\/wp\/v2\/posts\/3909\/revisions\/4133"}],"wp:featuredmedia":[{"embeddable":true,"href":"https:\/\/audiologyblog.phonakpro.com\/de\/wp-json\/wp\/v2\/media\/4028"}],"wp:attachment":[{"href":"https:\/\/audiologyblog.phonakpro.com\/de\/wp-json\/wp\/v2\/media?parent=3909"}],"wp:term":[{"taxonomy":"category","embeddable":true,"href":"https:\/\/audiologyblog.phonakpro.com\/de\/wp-json\/wp\/v2\/categories?post=3909"},{"taxonomy":"post_tag","embeddable":true,"href":"https:\/\/audiologyblog.phonakpro.com\/de\/wp-json\/wp\/v2\/tags?post=3909"}],"curies":[{"name":"wp","href":"https:\/\/api.w.org\/{rel}","templated":true}]}}