{"id":3516,"date":"2018-01-26T14:51:22","date_gmt":"2018-01-26T13:51:22","guid":{"rendered":"https:\/\/audiologyblog.phonakpro.com\/?p=3516"},"modified":"2017-12-13T12:10:28","modified_gmt":"2017-12-13T11:10:28","slug":"koennen-wir-die-versorgungsraten-steigern","status":"publish","type":"post","link":"https:\/\/audiologyblog.phonakpro.com\/de\/koennen-wir-die-versorgungsraten-steigern\/","title":{"rendered":"K\u00f6nnen wir die Versorgungsraten steigern?"},"content":{"rendered":"<p>Ich habe letzte Woche einen interessanten Artikel in der Rubrik <em>Neueste Trends<\/em> in der Zeitschrift <em>Hearing<\/em> zum Thema \u201e<a href=\"http:\/\/tia.sagepub.com\/content\/20\/2331216516673833.full.pdf+html\">Sozialer Kontext und die Entscheidung f\u00fcr ein H\u00f6rger\u00e4t&#8220;<\/a> gelesen. In dem Beitrag f\u00fchrten die Autoren eine explorative retrospektive Studie durch, in der sie den Einfluss des Lebenspartners im Rehabilitationsprozess untersuchten. Sie fanden heraus, dass die Entscheidung f\u00fcr ein H\u00f6rger\u00e4t direkt mit der Anwesenheit des Partners bei Beratungsterminen zusammen h\u00e4ngt. Zum Beispiel fanden die Autoren heraus, dass sich Kunden mit leichter H\u00f6rminderung mit 96 % h\u00f6herer Wahrscheinlichkeit f\u00fcr H\u00f6rger\u00e4te entschieden, wenn sie mit ihren Lebenspartnern zu Terminen kamen.<\/p>\n<p>Als Audiologin bei Phonak war ich begeistert zu sehen, wie diese neuen Erkenntnisse unseren Family-Centered Care-Ansatz st\u00fctzen und uns darin best\u00e4tigen, die Einbindung von Familienmitgliedern in die Beratung zu f\u00f6rdern. Wenn wir einen kurzen Blick auf die aktuellen Trends in die H\u00f6rger\u00e4teversorgung werfen, wird unter Fachleuten zunehmend erw\u00e4hnt, wie wichtig es ist, einen familienzentrierten Ansatz zu nutzen \u2013 um die Kundenerfahrung positiv zu beeinflussen und die negativen Auswirkungen des H\u00f6rverlusts auch auf die Familie erfolgreich zu reduzieren.<a href=\"https:\/\/www.ncbi.nlm.nih.gov\/pubmed\/26649683\"><sup>1<\/sup><\/a> Dar\u00fcber hinaus ist der Einfluss eines Ehegatten oder Verwandten einer der zwei wichtigsten Gr\u00fcnde f\u00fcr den Kauf eines H\u00f6rger\u00e4ts, was den Wert eines familienzentrierten Ansatzes zus\u00e4tzlich best\u00e4tigt.<a href=\"http:\/\/www.betterhearing.org\/sites\/default\/files\/hearingpedia-resources\/M8_factors_impacting_hearing_aid_purchase_intent_0.pdf\"><sup>2<\/sup><\/a> Was ich jedoch etwas beunruhigend finde ist, dass zwar die Bedeutung der familienzentrierten Versorgung erkannt wird, aber viele Familien heute noch nicht die M\u00f6glichkeit haben, sich aktiv am Rehabilitationsprozess zu beteiligen.<a href=\"http:\/\/www.tandfonline.com\/doi\/full\/10.3109\/14992027.2014.948218\"><sup>3<\/sup><\/a><\/p>\n<p>Eine M\u00f6glichkeit, wie Phonak die Einbindung von Familienmitgliedern w\u00e4hrend des Rehabilitationsprozesses f\u00f6rdert, ist ein von uns entwickeltes Beratungstools namens Benefit Demonstrator. Das in <a href=\"https:\/\/www.phonakpro.com\/us\/en\/resources\/fitting-and-tests\/target-fitting-software\/features-target.html\">Phonak Target<\/a> verf\u00fcgbare Tool basiert auf den Erkenntnissen zu Family-Centered Care und zielt darauf ab, sowohl den Kunden als auch seinen Partner zu motivieren und so das Beratungsgespr\u00e4ch zu erleichtern. Es bietet dem Kunden und seinem Partner eine einfache M\u00f6glichkeit, verschiedene H\u00f6rsituationen \u00fcber Standardkopfh\u00f6rer nachzuerleben und direkt zu vergleichen. Dazu werden H\u00f6rger\u00e4te-Aufnahmen von zwei H\u00f6rsituationen (Telefonanruf und Restaurant) abgespielt, die dem H\u00f6rverlustprofil des Kunden entsprechen, um die Vorteile von H\u00f6rger\u00e4ten, die Unterschiede zwischen monauraler gegen\u00fcber binauraler Anpassung und die Unterschiede zwischen den Technologiestufen aufzuzeigen und erlebbar zu machen.<img loading=\"lazy\" decoding=\"async\" class=\"wp-image-848 alignleft\" src=\"https:\/\/audiologyblog.phonakpro.com\/wp-content\/uploads\/2016\/11\/Targe-demonstrator2-1.png\" alt=\"\" width=\"541\" height=\"304\" srcset=\"https:\/\/audiologyblog.phonakpro.com\/wp-content\/uploads\/2016\/11\/Targe-demonstrator2-1.png 681w, https:\/\/audiologyblog.phonakpro.com\/wp-content\/uploads\/2016\/11\/Targe-demonstrator2-1-582x327.png 582w, https:\/\/audiologyblog.phonakpro.com\/wp-content\/uploads\/2016\/11\/Targe-demonstrator2-1-310x174.png 310w, https:\/\/audiologyblog.phonakpro.com\/wp-content\/uploads\/2016\/11\/Targe-demonstrator2-1-400x225.png 400w\" sizes=\"auto, (max-width: 541px) 100vw, 541px\" \/><\/p>\n<p>Was ich beim Lesen des Artikels in <em>Hearing<\/em> wirklich fesselnd fand ist, dass wir ein Werkzeug haben, das speziell darauf ausgerichtet ist, einen Kunden und seinen Partner in den Rehabilitationsprozess einzubinden und immer mehr Best\u00e4tigung daf\u00fcr erfahren, welchen Wert ein familienzentrierter Ansatz hat. Ich habe das Gef\u00fchl, dass wir uns an der Schwelle befinden, die Entscheidung f\u00fcr H\u00f6rger\u00e4te endlich direkt beeinflussen zu k\u00f6nnen. Wir haben jetzt objektive Beweise &#8211; etwas, mit dem unsere Branche seit Jahren zu k\u00e4mpfen hat.<\/p>\n<p>&nbsp;<\/p>\n<p><span style=\"font-size: 8pt;\">Quellen:<\/span><\/p>\n<ol>\n<li><span style=\"font-size: 8pt;\"><a href=\"https:\/\/www.ncbi.nlm.nih.gov\/pubmed\/26649683\">Meyer C, Scarinci N, Ryan B, Hickson (2015) Am J Audiol. (2015) Dec 1;24(4):536-48<\/a><\/span><\/li>\n<li><span style=\"font-size: 8pt;\"><a href=\"http:\/\/www.betterhearing.org\/sites\/default\/files\/hearingpedia-resources\/M8_factors_impacting_hearing_aid_purchase_intent_0.pdf\">MarkeTrak VIII: The Key Influencing Factors in Hearing Aid Purchase Intent; March 1, 2012<\/a><\/span><\/li>\n<li><span style=\"font-size: 8pt;\"><a href=\"http:\/\/www.tandfonline.com\/doi\/full\/10.3109\/14992027.2014.948218\">Ekberg, K Meyer, C; Scarini, N et al (2015) International Journal of Audiology. Feb 54 (2): 70-76<\/a><\/span><\/li>\n<\/ol>\n","protected":false},"excerpt":{"rendered":"<p>Die Bedeutung von Familienmitgliedern bei der H\u00f6rger\u00e4te-Entscheidung<\/p>\n","protected":false},"author":25,"featured_media":2754,"comment_status":"open","ping_status":"open","sticky":false,"template":"","format":"standard","meta":{"footnotes":""},"categories":[12,14],"tags":[],"class_list":["post-3516","post","type-post","status-publish","format-standard","has-post-thumbnail","hentry","category-aus-der-praxis","category-family-centered-care-de"],"acf":[],"yoast_head":"<!-- This site is optimized with the Yoast SEO plugin v25.9 - https:\/\/yoast.com\/wordpress\/plugins\/seo\/ -->\n<title>K\u00f6nnen wir die Versorgungsraten steigern? | Audiology Blog<\/title>\n<meta name=\"robots\" content=\"index, follow, max-snippet:-1, max-image-preview:large, max-video-preview:-1\" \/>\n<link rel=\"canonical\" href=\"https:\/\/audiologyblog.phonakpro.com\/de\/koennen-wir-die-versorgungsraten-steigern\/\" \/>\n<meta property=\"og:locale\" content=\"de_DE\" \/>\n<meta property=\"og:type\" content=\"article\" \/>\n<meta property=\"og:title\" content=\"K\u00f6nnen wir die Versorgungsraten steigern? | Audiology Blog\" \/>\n<meta property=\"og:description\" content=\"Die Bedeutung von Familienmitgliedern bei der H\u00f6rger\u00e4te-Entscheidung\" \/>\n<meta property=\"og:url\" content=\"https:\/\/audiologyblog.phonakpro.com\/de\/koennen-wir-die-versorgungsraten-steigern\/\" \/>\n<meta property=\"og:site_name\" content=\"Phonak Audiology Blog - Phonak Pro - life is on\" \/>\n<meta property=\"article:publisher\" content=\"https:\/\/www.facebook.com\/phonak\" \/>\n<meta property=\"article:published_time\" content=\"2018-01-26T13:51:22+00:00\" \/>\n<meta property=\"og:image\" content=\"https:\/\/audiologyblog.phonakpro.com\/wp-content\/uploads\/2016\/11\/computer-and-tools.jpg\" \/>\n\t<meta property=\"og:image:width\" content=\"2048\" \/>\n\t<meta property=\"og:image:height\" content=\"1367\" \/>\n\t<meta property=\"og:image:type\" content=\"image\/jpeg\" \/>\n<meta name=\"author\" content=\"Solange Anderson\" \/>\n<meta name=\"twitter:card\" content=\"summary_large_image\" \/>\n<meta name=\"twitter:creator\" content=\"@phonak\" \/>\n<meta name=\"twitter:site\" content=\"@phonak\" \/>\n<meta name=\"twitter:label1\" content=\"Verfasst von\" \/>\n\t<meta name=\"twitter:data1\" content=\"Solange Anderson\" \/>\n\t<meta name=\"twitter:label2\" content=\"Gesch\u00e4tzte Lesezeit\" \/>\n\t<meta name=\"twitter:data2\" content=\"3\u00a0Minuten\" \/>\n<script type=\"application\/ld+json\" class=\"yoast-schema-graph\">{\"@context\":\"https:\/\/schema.org\",\"@graph\":[{\"@type\":\"Article\",\"@id\":\"https:\/\/audiologyblog.phonakpro.com\/de\/koennen-wir-die-versorgungsraten-steigern\/#article\",\"isPartOf\":{\"@id\":\"https:\/\/audiologyblog.phonakpro.com\/de\/koennen-wir-die-versorgungsraten-steigern\/\"},\"author\":{\"name\":\"Solange Anderson\",\"@id\":\"https:\/\/audiologyblog.phonakpro.com\/#\/schema\/person\/ec7c93d9ad5136f5a0261872412a32d0\"},\"headline\":\"K\u00f6nnen wir die Versorgungsraten steigern?\",\"datePublished\":\"2018-01-26T13:51:22+00:00\",\"mainEntityOfPage\":{\"@id\":\"https:\/\/audiologyblog.phonakpro.com\/de\/koennen-wir-die-versorgungsraten-steigern\/\"},\"wordCount\":514,\"commentCount\":0,\"publisher\":{\"@id\":\"https:\/\/audiologyblog.phonakpro.com\/#organization\"},\"image\":{\"@id\":\"https:\/\/audiologyblog.phonakpro.com\/de\/koennen-wir-die-versorgungsraten-steigern\/#primaryimage\"},\"thumbnailUrl\":\"https:\/\/audiologyblog.phonakpro.com\/wp-content\/uploads\/2016\/11\/computer-and-tools.jpg\",\"articleSection\":[\"Aus der Praxis\",\"Family-Centered Care\"],\"inLanguage\":\"de\",\"potentialAction\":[{\"@type\":\"CommentAction\",\"name\":\"Comment\",\"target\":[\"https:\/\/audiologyblog.phonakpro.com\/de\/koennen-wir-die-versorgungsraten-steigern\/#respond\"]}]},{\"@type\":\"WebPage\",\"@id\":\"https:\/\/audiologyblog.phonakpro.com\/de\/koennen-wir-die-versorgungsraten-steigern\/\",\"url\":\"https:\/\/audiologyblog.phonakpro.com\/de\/koennen-wir-die-versorgungsraten-steigern\/\",\"name\":\"K\u00f6nnen wir die Versorgungsraten steigern? | Audiology Blog\",\"isPartOf\":{\"@id\":\"https:\/\/audiologyblog.phonakpro.com\/#website\"},\"primaryImageOfPage\":{\"@id\":\"https:\/\/audiologyblog.phonakpro.com\/de\/koennen-wir-die-versorgungsraten-steigern\/#primaryimage\"},\"image\":{\"@id\":\"https:\/\/audiologyblog.phonakpro.com\/de\/koennen-wir-die-versorgungsraten-steigern\/#primaryimage\"},\"thumbnailUrl\":\"https:\/\/audiologyblog.phonakpro.com\/wp-content\/uploads\/2016\/11\/computer-and-tools.jpg\",\"datePublished\":\"2018-01-26T13:51:22+00:00\",\"breadcrumb\":{\"@id\":\"https:\/\/audiologyblog.phonakpro.com\/de\/koennen-wir-die-versorgungsraten-steigern\/#breadcrumb\"},\"inLanguage\":\"de\",\"potentialAction\":[{\"@type\":\"ReadAction\",\"target\":[\"https:\/\/audiologyblog.phonakpro.com\/de\/koennen-wir-die-versorgungsraten-steigern\/\"]}]},{\"@type\":\"ImageObject\",\"inLanguage\":\"de\",\"@id\":\"https:\/\/audiologyblog.phonakpro.com\/de\/koennen-wir-die-versorgungsraten-steigern\/#primaryimage\",\"url\":\"https:\/\/audiologyblog.phonakpro.com\/wp-content\/uploads\/2016\/11\/computer-and-tools.jpg\",\"contentUrl\":\"https:\/\/audiologyblog.phonakpro.com\/wp-content\/uploads\/2016\/11\/computer-and-tools.jpg\",\"width\":2048,\"height\":1367,\"caption\":\"Can we increase hearing aid adoption?\"},{\"@type\":\"BreadcrumbList\",\"@id\":\"https:\/\/audiologyblog.phonakpro.com\/de\/koennen-wir-die-versorgungsraten-steigern\/#breadcrumb\",\"itemListElement\":[{\"@type\":\"ListItem\",\"position\":1,\"name\":\"Home\",\"item\":\"https:\/\/audiologyblog.phonakpro.com\/de\/\"},{\"@type\":\"ListItem\",\"position\":2,\"name\":\"K\u00f6nnen wir die Versorgungsraten steigern?\"}]},{\"@type\":\"WebSite\",\"@id\":\"https:\/\/audiologyblog.phonakpro.com\/#website\",\"url\":\"https:\/\/audiologyblog.phonakpro.com\/\",\"name\":\"Phonak Audiology Blog - Phonak Pro - life is on\",\"description\":\"1The Phonak Audiology Blog presents audiological topics, research and hearing technology updates from experts at Phonak and across the hearing industry.\",\"publisher\":{\"@id\":\"https:\/\/audiologyblog.phonakpro.com\/#organization\"},\"potentialAction\":[{\"@type\":\"SearchAction\",\"target\":{\"@type\":\"EntryPoint\",\"urlTemplate\":\"https:\/\/audiologyblog.phonakpro.com\/?s={search_term_string}\"},\"query-input\":{\"@type\":\"PropertyValueSpecification\",\"valueRequired\":true,\"valueName\":\"search_term_string\"}}],\"inLanguage\":\"de\"},{\"@type\":\"Organization\",\"@id\":\"https:\/\/audiologyblog.phonakpro.com\/#organization\",\"name\":\"Phonak Audiology Blog - Phonak Pro - life is on\",\"url\":\"https:\/\/audiologyblog.phonakpro.com\/\",\"logo\":{\"@type\":\"ImageObject\",\"inLanguage\":\"de\",\"@id\":\"https:\/\/audiologyblog.phonakpro.com\/#\/schema\/logo\/image\/\",\"url\":\"https:\/\/audiologyblog.phonakpro.com\/wp-content\/uploads\/2016\/09\/Logo_Phonak_life_is_on_pos_RGB_300dpi.jpg\",\"contentUrl\":\"https:\/\/audiologyblog.phonakpro.com\/wp-content\/uploads\/2016\/09\/Logo_Phonak_life_is_on_pos_RGB_300dpi.jpg\",\"width\":1630,\"height\":863,\"caption\":\"Phonak Audiology Blog - Phonak Pro - life is on\"},\"image\":{\"@id\":\"https:\/\/audiologyblog.phonakpro.com\/#\/schema\/logo\/image\/\"},\"sameAs\":[\"https:\/\/www.facebook.com\/phonak\",\"https:\/\/x.com\/phonak\",\"https:\/\/www.instagram.com\/phonak\",\"https:\/\/www.linkedin.com\/company\/phonak\",\"https:\/\/www.youtube.com\/c\/phonak\"]},{\"@type\":\"Person\",\"@id\":\"https:\/\/audiologyblog.phonakpro.com\/#\/schema\/person\/ec7c93d9ad5136f5a0261872412a32d0\",\"name\":\"Solange Anderson\",\"description\":\"Solange is the former Global Audiology Manager for Software Solutions at Phonak HQ. She started at Phonak in 2007 responsible for training and audiology. She has a Masters in audiology from Southern CT State University and worked in various clinical settings prior to joining Phonak.\",\"url\":\"https:\/\/audiologyblog.phonakpro.com\/de\/author\/solange-anderson\/\"}]}<\/script>\n<!-- \/ Yoast SEO plugin. -->","yoast_head_json":{"title":"K\u00f6nnen wir die Versorgungsraten steigern? | Audiology Blog","robots":{"index":"index","follow":"follow","max-snippet":"max-snippet:-1","max-image-preview":"max-image-preview:large","max-video-preview":"max-video-preview:-1"},"canonical":"https:\/\/audiologyblog.phonakpro.com\/de\/koennen-wir-die-versorgungsraten-steigern\/","og_locale":"de_DE","og_type":"article","og_title":"K\u00f6nnen wir die Versorgungsraten steigern? | Audiology Blog","og_description":"Die Bedeutung von Familienmitgliedern bei der H\u00f6rger\u00e4te-Entscheidung","og_url":"https:\/\/audiologyblog.phonakpro.com\/de\/koennen-wir-die-versorgungsraten-steigern\/","og_site_name":"Phonak Audiology Blog - Phonak Pro - life is on","article_publisher":"https:\/\/www.facebook.com\/phonak","article_published_time":"2018-01-26T13:51:22+00:00","og_image":[{"width":2048,"height":1367,"url":"https:\/\/audiologyblog.phonakpro.com\/wp-content\/uploads\/2016\/11\/computer-and-tools.jpg","type":"image\/jpeg"}],"author":"Solange Anderson","twitter_card":"summary_large_image","twitter_creator":"@phonak","twitter_site":"@phonak","twitter_misc":{"Verfasst von":"Solange Anderson","Gesch\u00e4tzte Lesezeit":"3\u00a0Minuten"},"schema":{"@context":"https:\/\/schema.org","@graph":[{"@type":"Article","@id":"https:\/\/audiologyblog.phonakpro.com\/de\/koennen-wir-die-versorgungsraten-steigern\/#article","isPartOf":{"@id":"https:\/\/audiologyblog.phonakpro.com\/de\/koennen-wir-die-versorgungsraten-steigern\/"},"author":{"name":"Solange Anderson","@id":"https:\/\/audiologyblog.phonakpro.com\/#\/schema\/person\/ec7c93d9ad5136f5a0261872412a32d0"},"headline":"K\u00f6nnen wir die Versorgungsraten steigern?","datePublished":"2018-01-26T13:51:22+00:00","mainEntityOfPage":{"@id":"https:\/\/audiologyblog.phonakpro.com\/de\/koennen-wir-die-versorgungsraten-steigern\/"},"wordCount":514,"commentCount":0,"publisher":{"@id":"https:\/\/audiologyblog.phonakpro.com\/#organization"},"image":{"@id":"https:\/\/audiologyblog.phonakpro.com\/de\/koennen-wir-die-versorgungsraten-steigern\/#primaryimage"},"thumbnailUrl":"https:\/\/audiologyblog.phonakpro.com\/wp-content\/uploads\/2016\/11\/computer-and-tools.jpg","articleSection":["Aus der Praxis","Family-Centered Care"],"inLanguage":"de","potentialAction":[{"@type":"CommentAction","name":"Comment","target":["https:\/\/audiologyblog.phonakpro.com\/de\/koennen-wir-die-versorgungsraten-steigern\/#respond"]}]},{"@type":"WebPage","@id":"https:\/\/audiologyblog.phonakpro.com\/de\/koennen-wir-die-versorgungsraten-steigern\/","url":"https:\/\/audiologyblog.phonakpro.com\/de\/koennen-wir-die-versorgungsraten-steigern\/","name":"K\u00f6nnen wir die Versorgungsraten steigern? | Audiology Blog","isPartOf":{"@id":"https:\/\/audiologyblog.phonakpro.com\/#website"},"primaryImageOfPage":{"@id":"https:\/\/audiologyblog.phonakpro.com\/de\/koennen-wir-die-versorgungsraten-steigern\/#primaryimage"},"image":{"@id":"https:\/\/audiologyblog.phonakpro.com\/de\/koennen-wir-die-versorgungsraten-steigern\/#primaryimage"},"thumbnailUrl":"https:\/\/audiologyblog.phonakpro.com\/wp-content\/uploads\/2016\/11\/computer-and-tools.jpg","datePublished":"2018-01-26T13:51:22+00:00","breadcrumb":{"@id":"https:\/\/audiologyblog.phonakpro.com\/de\/koennen-wir-die-versorgungsraten-steigern\/#breadcrumb"},"inLanguage":"de","potentialAction":[{"@type":"ReadAction","target":["https:\/\/audiologyblog.phonakpro.com\/de\/koennen-wir-die-versorgungsraten-steigern\/"]}]},{"@type":"ImageObject","inLanguage":"de","@id":"https:\/\/audiologyblog.phonakpro.com\/de\/koennen-wir-die-versorgungsraten-steigern\/#primaryimage","url":"https:\/\/audiologyblog.phonakpro.com\/wp-content\/uploads\/2016\/11\/computer-and-tools.jpg","contentUrl":"https:\/\/audiologyblog.phonakpro.com\/wp-content\/uploads\/2016\/11\/computer-and-tools.jpg","width":2048,"height":1367,"caption":"Can we increase hearing aid adoption?"},{"@type":"BreadcrumbList","@id":"https:\/\/audiologyblog.phonakpro.com\/de\/koennen-wir-die-versorgungsraten-steigern\/#breadcrumb","itemListElement":[{"@type":"ListItem","position":1,"name":"Home","item":"https:\/\/audiologyblog.phonakpro.com\/de\/"},{"@type":"ListItem","position":2,"name":"K\u00f6nnen wir die Versorgungsraten steigern?"}]},{"@type":"WebSite","@id":"https:\/\/audiologyblog.phonakpro.com\/#website","url":"https:\/\/audiologyblog.phonakpro.com\/","name":"Phonak Audiology Blog - Phonak Pro - life is on","description":"1The Phonak Audiology Blog presents audiological topics, research and hearing technology updates from experts at Phonak and across the hearing industry.","publisher":{"@id":"https:\/\/audiologyblog.phonakpro.com\/#organization"},"potentialAction":[{"@type":"SearchAction","target":{"@type":"EntryPoint","urlTemplate":"https:\/\/audiologyblog.phonakpro.com\/?s={search_term_string}"},"query-input":{"@type":"PropertyValueSpecification","valueRequired":true,"valueName":"search_term_string"}}],"inLanguage":"de"},{"@type":"Organization","@id":"https:\/\/audiologyblog.phonakpro.com\/#organization","name":"Phonak Audiology Blog - Phonak Pro - life is on","url":"https:\/\/audiologyblog.phonakpro.com\/","logo":{"@type":"ImageObject","inLanguage":"de","@id":"https:\/\/audiologyblog.phonakpro.com\/#\/schema\/logo\/image\/","url":"https:\/\/audiologyblog.phonakpro.com\/wp-content\/uploads\/2016\/09\/Logo_Phonak_life_is_on_pos_RGB_300dpi.jpg","contentUrl":"https:\/\/audiologyblog.phonakpro.com\/wp-content\/uploads\/2016\/09\/Logo_Phonak_life_is_on_pos_RGB_300dpi.jpg","width":1630,"height":863,"caption":"Phonak Audiology Blog - Phonak Pro - life is on"},"image":{"@id":"https:\/\/audiologyblog.phonakpro.com\/#\/schema\/logo\/image\/"},"sameAs":["https:\/\/www.facebook.com\/phonak","https:\/\/x.com\/phonak","https:\/\/www.instagram.com\/phonak","https:\/\/www.linkedin.com\/company\/phonak","https:\/\/www.youtube.com\/c\/phonak"]},{"@type":"Person","@id":"https:\/\/audiologyblog.phonakpro.com\/#\/schema\/person\/ec7c93d9ad5136f5a0261872412a32d0","name":"Solange Anderson","description":"Solange is the former Global Audiology Manager for Software Solutions at Phonak HQ. She started at Phonak in 2007 responsible for training and audiology. She has a Masters in audiology from Southern CT State University and worked in various clinical settings prior to joining Phonak.","url":"https:\/\/audiologyblog.phonakpro.com\/de\/author\/solange-anderson\/"}]}},"_links":{"self":[{"href":"https:\/\/audiologyblog.phonakpro.com\/de\/wp-json\/wp\/v2\/posts\/3516","targetHints":{"allow":["GET"]}}],"collection":[{"href":"https:\/\/audiologyblog.phonakpro.com\/de\/wp-json\/wp\/v2\/posts"}],"about":[{"href":"https:\/\/audiologyblog.phonakpro.com\/de\/wp-json\/wp\/v2\/types\/post"}],"author":[{"embeddable":true,"href":"https:\/\/audiologyblog.phonakpro.com\/de\/wp-json\/wp\/v2\/users\/25"}],"replies":[{"embeddable":true,"href":"https:\/\/audiologyblog.phonakpro.com\/de\/wp-json\/wp\/v2\/comments?post=3516"}],"version-history":[{"count":4,"href":"https:\/\/audiologyblog.phonakpro.com\/de\/wp-json\/wp\/v2\/posts\/3516\/revisions"}],"predecessor-version":[{"id":3521,"href":"https:\/\/audiologyblog.phonakpro.com\/de\/wp-json\/wp\/v2\/posts\/3516\/revisions\/3521"}],"wp:featuredmedia":[{"embeddable":true,"href":"https:\/\/audiologyblog.phonakpro.com\/de\/wp-json\/wp\/v2\/media\/2754"}],"wp:attachment":[{"href":"https:\/\/audiologyblog.phonakpro.com\/de\/wp-json\/wp\/v2\/media?parent=3516"}],"wp:term":[{"taxonomy":"category","embeddable":true,"href":"https:\/\/audiologyblog.phonakpro.com\/de\/wp-json\/wp\/v2\/categories?post=3516"},{"taxonomy":"post_tag","embeddable":true,"href":"https:\/\/audiologyblog.phonakpro.com\/de\/wp-json\/wp\/v2\/tags?post=3516"}],"curies":[{"name":"wp","href":"https:\/\/api.w.org\/{rel}","templated":true}]}}