{"id":3148,"date":"2017-11-16T08:30:36","date_gmt":"2017-11-16T07:30:36","guid":{"rendered":"https:\/\/audiologyblog.phonakpro.com\/?p=3148"},"modified":"2017-10-18T14:00:55","modified_gmt":"2017-10-18T12:00:55","slug":"warum-roger","status":"publish","type":"post","link":"https:\/\/audiologyblog.phonakpro.com\/de\/warum-roger\/","title":{"rendered":"Warum \u201eRoger\u201c?"},"content":{"rendered":"<p>Am 9. Februar 2012, einem Donnerstag, sa\u00df ich in einem kleinen Restaurant an einem See in der franz\u00f6sischen Schweiz mit zwei Herren an einem Tisch, auf dem sehr starker Kaffee, frische Croissants und eine Di\u00e4t-Cola mit Eis standen. Ich redete vier Stunden ohne Pause. Die beiden M\u00e4nner h\u00f6rten zu und machten sich Notizen. Viele Notizen. Sie schienen klug zu sein. Sehr klug sogar.<\/p>\n<p>Unsere Entwicklungsabteilung hatte Jahre lang an der Entwicklung einer von Grund auf neuen Wireless-Technologie f\u00fcr H\u00f6rger\u00e4tetr\u00e4ger gearbeitet. Eine ganz gro\u00dfe Sache, die FM ersetzen sollte, den bis dahin globalen Standard in diesem Bereich. Die neue Technologie war digital und basierte auf einem Chip, der mit 2,4 GHz arbeitete und neue Leistungsstufen und einfache Bedienung bot. Wir hatten Millionen in diese Technologie investiert. Was ich jetzt noch brauchte, war ein gutes Marketingkonzept.<\/p>\n<p>Ich hatte schon einen Namen gefunden: \u201eDM\u201c, die Abk\u00fcrzung f\u00fcr \u201eDigitale Modulation\u201c. Denn auch mit dieser Technologie wurden Audiosignale moduliert, wenn auch digital und nicht mehr analog. Ich fand DM als Namen gut. Zwischen FM und DM gab es nur einen Buchstaben Unterschied und so k\u00f6nnten wir, so wie ich mir das gedacht hatte, Produkte mit beiden Technologien anbieten und den \u00dcbergang zum neuen Standard erleichtern, vor allem f\u00fcr Schulen. DM erschien mir eine logische und sichere Wahl. Aber ich lag falsch. Ziemlich falsch.<\/p>\n<p>Ich erkl\u00e4rte also die Technik und erwartete von den beiden Marketingexperten ein richtig gutes Werbekonzept daf\u00fcr. Das hei\u00dft, dass sie mir eine Geschichte um das Produkt und seine visuelle Darstellung in Videos und Animationen entwarfen. Ich verzichtete darauf, ihnen eine Dokumentation \u00fcber DM zu pr\u00e4sentieren, ein viel zu gro\u00dfes Dokument, das von viel zu vielen Personen \u00fcberarbeitet worden war und erz\u00e4hlte ihnen einfach alles, was ich \u00fcber DM wusste. \u00dcber die technischen Details, die Anekdoten, die neuen Produkte, die wir herausbringen w\u00fcrden, die Forschungsdaten, die wir anhand von Prototypen gesammelt hatten, unsere Ziele. Die Beiden h\u00f6rten zu. Sie waren Skandinavier. Habe ich schon erw\u00e4hnt, dass sie sehr intelligent aussahen?<\/p>\n<p>Nach meinem langen Monolog stellten sie als Erstes die folgende Frage: \u201eM\u00fcssen wir es DM nennen?\u201c<\/p>\n<p>Bumm \u2013 das sa\u00df. Sie fanden den Namen DM nicht gut \u2013 damit hatte ich nat\u00fcrlich \u00fcberhaupt nicht gerechnet. Ich z\u00f6gerte kurz. Nat\u00fcrlich mussten wir es nicht DM nennen. Ich freue mich immer \u00fcber Ideen, die besser als meine eigenen sind. Also reagierte ich bescheiden: \u201eNein, es muss nicht DM hei\u00dfen.\u201c Das war meinerseits ziemlich smart. Doch hatte ich auch keine Ahnung, ob die klugen Herren ihr Geld auch wert waren&#8230;<\/p>\n<p>Manchmal erkennt man sofort, ob eine Idee gut ist. Wenn sie wirklich gut ist, ist keine weitere Erkl\u00e4rung oder \u00dcberpr\u00fcfung n\u00f6tig. An jenem Nachmittag arbeiteten die beiden M\u00e4nner hart. Und am n\u00e4chsten Morgen h\u00f6rten wir uns gemeinsam mit einigen Kollegen aus der Marketingabteilung an, was sie sich Kluges ausgedacht hatten.<\/p>\n<p>Sie schlugen vor, die neue Technologie \u201eRoger\u201c zu nennen, was so viel hei\u00dft wie\u00a0<em>\u201eNachricht empfangen und verstanden\u201c.<\/em><\/p>\n<p>Genau darum geht es ja dabei. Roger steht f\u00fcr <em>\u201eNachricht erhalten und verstanden\u201c <\/em>in mehr als 15 Sprachen. Ich schaute mich um\u2026. viele zufriedene Gesichter. Alle waren mit dem Vorschlag einverstanden. Wir haben gar nicht weiter diskutiert. Die Idee war perfekt.<\/p>\n<p>So kam also Roger auf die Welt. Nicht Roger Federer, nicht Roger Moore und auch nicht Roger Rabbit. Sondern Roger von Phonak. Seither sind f\u00fcnf Jahre vergangen. Roger ist inzwischen eine gut etablierte Wireless-Technologie mit eigenem Logo \u2013 wohlauf und quicklebendig.<\/p>\n<p>Mehr Informationen zu Roger finden Sie unter:\u00a0<a href=\"https:\/\/www.phonakpro.com\/com\/en\/products\/wireless-accessories\/roger-pen\/overview-roger-pen.html\" target=\"_blank\" rel=\"noopener\">www.phonakpro.de<\/a>.<\/p>\n","protected":false},"excerpt":{"rendered":"<p>Wie eine gute Idee durch eine noch bessere ersetzt wurde. Die Geschichte hinter dem Namen unserer Wireless-Mikrofone.<\/p>\n","protected":false},"author":43,"featured_media":2859,"comment_status":"open","ping_status":"open","sticky":false,"template":"","format":"standard","meta":{"footnotes":""},"categories":[16],"tags":[],"class_list":["post-3148","post","type-post","status-publish","format-standard","has-post-thumbnail","hentry","category-technologie"],"acf":[],"yoast_head":"<!-- This site is optimized with the Yoast SEO plugin v25.9 - https:\/\/yoast.com\/wordpress\/plugins\/seo\/ -->\n<title>Warum \u201eRoger\u201c? | Audiology Blog<\/title>\n<meta name=\"robots\" content=\"index, follow, max-snippet:-1, max-image-preview:large, max-video-preview:-1\" \/>\n<link rel=\"canonical\" href=\"https:\/\/audiologyblog.phonakpro.com\/de\/warum-roger\/\" \/>\n<meta property=\"og:locale\" content=\"de_DE\" \/>\n<meta property=\"og:type\" content=\"article\" \/>\n<meta property=\"og:title\" content=\"Warum \u201eRoger\u201c? | Audiology Blog\" \/>\n<meta property=\"og:description\" content=\"Wie eine gute Idee durch eine noch bessere ersetzt wurde. Die Geschichte hinter dem Namen unserer Wireless-Mikrofone.\" \/>\n<meta property=\"og:url\" content=\"https:\/\/audiologyblog.phonakpro.com\/de\/warum-roger\/\" \/>\n<meta property=\"og:site_name\" content=\"Phonak Audiology Blog - Phonak Pro - life is on\" \/>\n<meta property=\"article:publisher\" content=\"https:\/\/www.facebook.com\/phonak\" \/>\n<meta property=\"article:published_time\" content=\"2017-11-16T07:30:36+00:00\" \/>\n<meta property=\"og:image\" content=\"https:\/\/audiologyblog.phonakpro.com\/wp-content\/uploads\/2017\/06\/coffee-meeting.jpg\" \/>\n\t<meta property=\"og:image:width\" content=\"2048\" \/>\n\t<meta property=\"og:image:height\" content=\"1323\" \/>\n\t<meta property=\"og:image:type\" content=\"image\/jpeg\" \/>\n<meta name=\"author\" content=\"Hans M\u00fclder\" \/>\n<meta name=\"twitter:card\" content=\"summary_large_image\" \/>\n<meta name=\"twitter:creator\" content=\"@phonak\" \/>\n<meta name=\"twitter:site\" content=\"@phonak\" \/>\n<meta name=\"twitter:label1\" content=\"Verfasst von\" \/>\n\t<meta name=\"twitter:data1\" content=\"Hans M\u00fclder\" \/>\n\t<meta name=\"twitter:label2\" content=\"Gesch\u00e4tzte Lesezeit\" \/>\n\t<meta name=\"twitter:data2\" content=\"3\u00a0Minuten\" \/>\n<script type=\"application\/ld+json\" class=\"yoast-schema-graph\">{\"@context\":\"https:\/\/schema.org\",\"@graph\":[{\"@type\":\"Article\",\"@id\":\"https:\/\/audiologyblog.phonakpro.com\/de\/warum-roger\/#article\",\"isPartOf\":{\"@id\":\"https:\/\/audiologyblog.phonakpro.com\/de\/warum-roger\/\"},\"author\":{\"name\":\"Hans M\u00fclder\",\"@id\":\"https:\/\/audiologyblog.phonakpro.com\/#\/schema\/person\/a7a8911ffe3168b5adefec8d6c58723b\"},\"headline\":\"Warum \u201eRoger\u201c?\",\"datePublished\":\"2017-11-16T07:30:36+00:00\",\"mainEntityOfPage\":{\"@id\":\"https:\/\/audiologyblog.phonakpro.com\/de\/warum-roger\/\"},\"wordCount\":605,\"commentCount\":0,\"publisher\":{\"@id\":\"https:\/\/audiologyblog.phonakpro.com\/#organization\"},\"image\":{\"@id\":\"https:\/\/audiologyblog.phonakpro.com\/de\/warum-roger\/#primaryimage\"},\"thumbnailUrl\":\"https:\/\/audiologyblog.phonakpro.com\/wp-content\/uploads\/2017\/06\/coffee-meeting.jpg\",\"articleSection\":[\"Technologie\"],\"inLanguage\":\"de\",\"potentialAction\":[{\"@type\":\"CommentAction\",\"name\":\"Comment\",\"target\":[\"https:\/\/audiologyblog.phonakpro.com\/de\/warum-roger\/#respond\"]}]},{\"@type\":\"WebPage\",\"@id\":\"https:\/\/audiologyblog.phonakpro.com\/de\/warum-roger\/\",\"url\":\"https:\/\/audiologyblog.phonakpro.com\/de\/warum-roger\/\",\"name\":\"Warum \u201eRoger\u201c? | Audiology Blog\",\"isPartOf\":{\"@id\":\"https:\/\/audiologyblog.phonakpro.com\/#website\"},\"primaryImageOfPage\":{\"@id\":\"https:\/\/audiologyblog.phonakpro.com\/de\/warum-roger\/#primaryimage\"},\"image\":{\"@id\":\"https:\/\/audiologyblog.phonakpro.com\/de\/warum-roger\/#primaryimage\"},\"thumbnailUrl\":\"https:\/\/audiologyblog.phonakpro.com\/wp-content\/uploads\/2017\/06\/coffee-meeting.jpg\",\"datePublished\":\"2017-11-16T07:30:36+00:00\",\"breadcrumb\":{\"@id\":\"https:\/\/audiologyblog.phonakpro.com\/de\/warum-roger\/#breadcrumb\"},\"inLanguage\":\"de\",\"potentialAction\":[{\"@type\":\"ReadAction\",\"target\":[\"https:\/\/audiologyblog.phonakpro.com\/de\/warum-roger\/\"]}]},{\"@type\":\"ImageObject\",\"inLanguage\":\"de\",\"@id\":\"https:\/\/audiologyblog.phonakpro.com\/de\/warum-roger\/#primaryimage\",\"url\":\"https:\/\/audiologyblog.phonakpro.com\/wp-content\/uploads\/2017\/06\/coffee-meeting.jpg\",\"contentUrl\":\"https:\/\/audiologyblog.phonakpro.com\/wp-content\/uploads\/2017\/06\/coffee-meeting.jpg\",\"width\":2048,\"height\":1323,\"caption\":\"Cafe Coffee Leisure Meeting Project Sharing Concept\"},{\"@type\":\"BreadcrumbList\",\"@id\":\"https:\/\/audiologyblog.phonakpro.com\/de\/warum-roger\/#breadcrumb\",\"itemListElement\":[{\"@type\":\"ListItem\",\"position\":1,\"name\":\"Home\",\"item\":\"https:\/\/audiologyblog.phonakpro.com\/de\/\"},{\"@type\":\"ListItem\",\"position\":2,\"name\":\"Warum \u201eRoger\u201c?\"}]},{\"@type\":\"WebSite\",\"@id\":\"https:\/\/audiologyblog.phonakpro.com\/#website\",\"url\":\"https:\/\/audiologyblog.phonakpro.com\/\",\"name\":\"Phonak Audiology Blog - Phonak Pro - life is on\",\"description\":\"1The Phonak Audiology Blog presents audiological topics, research and hearing technology updates from experts at Phonak and across the hearing industry.\",\"publisher\":{\"@id\":\"https:\/\/audiologyblog.phonakpro.com\/#organization\"},\"potentialAction\":[{\"@type\":\"SearchAction\",\"target\":{\"@type\":\"EntryPoint\",\"urlTemplate\":\"https:\/\/audiologyblog.phonakpro.com\/?s={search_term_string}\"},\"query-input\":{\"@type\":\"PropertyValueSpecification\",\"valueRequired\":true,\"valueName\":\"search_term_string\"}}],\"inLanguage\":\"de\"},{\"@type\":\"Organization\",\"@id\":\"https:\/\/audiologyblog.phonakpro.com\/#organization\",\"name\":\"Phonak Audiology Blog - Phonak Pro - life is on\",\"url\":\"https:\/\/audiologyblog.phonakpro.com\/\",\"logo\":{\"@type\":\"ImageObject\",\"inLanguage\":\"de\",\"@id\":\"https:\/\/audiologyblog.phonakpro.com\/#\/schema\/logo\/image\/\",\"url\":\"https:\/\/audiologyblog.phonakpro.com\/wp-content\/uploads\/2016\/09\/Logo_Phonak_life_is_on_pos_RGB_300dpi.jpg\",\"contentUrl\":\"https:\/\/audiologyblog.phonakpro.com\/wp-content\/uploads\/2016\/09\/Logo_Phonak_life_is_on_pos_RGB_300dpi.jpg\",\"width\":1630,\"height\":863,\"caption\":\"Phonak Audiology Blog - Phonak Pro - life is on\"},\"image\":{\"@id\":\"https:\/\/audiologyblog.phonakpro.com\/#\/schema\/logo\/image\/\"},\"sameAs\":[\"https:\/\/www.facebook.com\/phonak\",\"https:\/\/x.com\/phonak\",\"https:\/\/www.instagram.com\/phonak\",\"https:\/\/www.linkedin.com\/company\/phonak\",\"https:\/\/www.youtube.com\/c\/phonak\"]},{\"@type\":\"Person\",\"@id\":\"https:\/\/audiologyblog.phonakpro.com\/#\/schema\/person\/a7a8911ffe3168b5adefec8d6c58723b\",\"name\":\"Hans M\u00fclder\",\"description\":\"Drs. Hans E. M\u00fclder studied nuclear physics &amp; medical physics\/audiology in The Netherlands. He practiced audiology, was a teacher, politician, researcher and joined Phonak in 1999. He was Director Marketing at Phonak Communications until April 2018 and he joined Advanced Bionics\u2019 Headquarters in May 2018 as Director Strategic Marketing and stayed in this role until his retirement early 2021. He has several patents in wireless microphones, hearing protection and soundfield.\",\"url\":\"https:\/\/audiologyblog.phonakpro.com\/de\/author\/hans-mulder\/\"}]}<\/script>\n<!-- \/ Yoast SEO plugin. -->","yoast_head_json":{"title":"Warum \u201eRoger\u201c? | Audiology Blog","robots":{"index":"index","follow":"follow","max-snippet":"max-snippet:-1","max-image-preview":"max-image-preview:large","max-video-preview":"max-video-preview:-1"},"canonical":"https:\/\/audiologyblog.phonakpro.com\/de\/warum-roger\/","og_locale":"de_DE","og_type":"article","og_title":"Warum \u201eRoger\u201c? | Audiology Blog","og_description":"Wie eine gute Idee durch eine noch bessere ersetzt wurde. Die Geschichte hinter dem Namen unserer Wireless-Mikrofone.","og_url":"https:\/\/audiologyblog.phonakpro.com\/de\/warum-roger\/","og_site_name":"Phonak Audiology Blog - Phonak Pro - life is on","article_publisher":"https:\/\/www.facebook.com\/phonak","article_published_time":"2017-11-16T07:30:36+00:00","og_image":[{"width":2048,"height":1323,"url":"https:\/\/audiologyblog.phonakpro.com\/wp-content\/uploads\/2017\/06\/coffee-meeting.jpg","type":"image\/jpeg"}],"author":"Hans M\u00fclder","twitter_card":"summary_large_image","twitter_creator":"@phonak","twitter_site":"@phonak","twitter_misc":{"Verfasst von":"Hans M\u00fclder","Gesch\u00e4tzte Lesezeit":"3\u00a0Minuten"},"schema":{"@context":"https:\/\/schema.org","@graph":[{"@type":"Article","@id":"https:\/\/audiologyblog.phonakpro.com\/de\/warum-roger\/#article","isPartOf":{"@id":"https:\/\/audiologyblog.phonakpro.com\/de\/warum-roger\/"},"author":{"name":"Hans M\u00fclder","@id":"https:\/\/audiologyblog.phonakpro.com\/#\/schema\/person\/a7a8911ffe3168b5adefec8d6c58723b"},"headline":"Warum \u201eRoger\u201c?","datePublished":"2017-11-16T07:30:36+00:00","mainEntityOfPage":{"@id":"https:\/\/audiologyblog.phonakpro.com\/de\/warum-roger\/"},"wordCount":605,"commentCount":0,"publisher":{"@id":"https:\/\/audiologyblog.phonakpro.com\/#organization"},"image":{"@id":"https:\/\/audiologyblog.phonakpro.com\/de\/warum-roger\/#primaryimage"},"thumbnailUrl":"https:\/\/audiologyblog.phonakpro.com\/wp-content\/uploads\/2017\/06\/coffee-meeting.jpg","articleSection":["Technologie"],"inLanguage":"de","potentialAction":[{"@type":"CommentAction","name":"Comment","target":["https:\/\/audiologyblog.phonakpro.com\/de\/warum-roger\/#respond"]}]},{"@type":"WebPage","@id":"https:\/\/audiologyblog.phonakpro.com\/de\/warum-roger\/","url":"https:\/\/audiologyblog.phonakpro.com\/de\/warum-roger\/","name":"Warum \u201eRoger\u201c? | Audiology Blog","isPartOf":{"@id":"https:\/\/audiologyblog.phonakpro.com\/#website"},"primaryImageOfPage":{"@id":"https:\/\/audiologyblog.phonakpro.com\/de\/warum-roger\/#primaryimage"},"image":{"@id":"https:\/\/audiologyblog.phonakpro.com\/de\/warum-roger\/#primaryimage"},"thumbnailUrl":"https:\/\/audiologyblog.phonakpro.com\/wp-content\/uploads\/2017\/06\/coffee-meeting.jpg","datePublished":"2017-11-16T07:30:36+00:00","breadcrumb":{"@id":"https:\/\/audiologyblog.phonakpro.com\/de\/warum-roger\/#breadcrumb"},"inLanguage":"de","potentialAction":[{"@type":"ReadAction","target":["https:\/\/audiologyblog.phonakpro.com\/de\/warum-roger\/"]}]},{"@type":"ImageObject","inLanguage":"de","@id":"https:\/\/audiologyblog.phonakpro.com\/de\/warum-roger\/#primaryimage","url":"https:\/\/audiologyblog.phonakpro.com\/wp-content\/uploads\/2017\/06\/coffee-meeting.jpg","contentUrl":"https:\/\/audiologyblog.phonakpro.com\/wp-content\/uploads\/2017\/06\/coffee-meeting.jpg","width":2048,"height":1323,"caption":"Cafe Coffee Leisure Meeting Project Sharing Concept"},{"@type":"BreadcrumbList","@id":"https:\/\/audiologyblog.phonakpro.com\/de\/warum-roger\/#breadcrumb","itemListElement":[{"@type":"ListItem","position":1,"name":"Home","item":"https:\/\/audiologyblog.phonakpro.com\/de\/"},{"@type":"ListItem","position":2,"name":"Warum \u201eRoger\u201c?"}]},{"@type":"WebSite","@id":"https:\/\/audiologyblog.phonakpro.com\/#website","url":"https:\/\/audiologyblog.phonakpro.com\/","name":"Phonak Audiology Blog - Phonak Pro - life is on","description":"1The Phonak Audiology Blog presents audiological topics, research and hearing technology updates from experts at Phonak and across the hearing industry.","publisher":{"@id":"https:\/\/audiologyblog.phonakpro.com\/#organization"},"potentialAction":[{"@type":"SearchAction","target":{"@type":"EntryPoint","urlTemplate":"https:\/\/audiologyblog.phonakpro.com\/?s={search_term_string}"},"query-input":{"@type":"PropertyValueSpecification","valueRequired":true,"valueName":"search_term_string"}}],"inLanguage":"de"},{"@type":"Organization","@id":"https:\/\/audiologyblog.phonakpro.com\/#organization","name":"Phonak Audiology Blog - Phonak Pro - life is on","url":"https:\/\/audiologyblog.phonakpro.com\/","logo":{"@type":"ImageObject","inLanguage":"de","@id":"https:\/\/audiologyblog.phonakpro.com\/#\/schema\/logo\/image\/","url":"https:\/\/audiologyblog.phonakpro.com\/wp-content\/uploads\/2016\/09\/Logo_Phonak_life_is_on_pos_RGB_300dpi.jpg","contentUrl":"https:\/\/audiologyblog.phonakpro.com\/wp-content\/uploads\/2016\/09\/Logo_Phonak_life_is_on_pos_RGB_300dpi.jpg","width":1630,"height":863,"caption":"Phonak Audiology Blog - Phonak Pro - life is on"},"image":{"@id":"https:\/\/audiologyblog.phonakpro.com\/#\/schema\/logo\/image\/"},"sameAs":["https:\/\/www.facebook.com\/phonak","https:\/\/x.com\/phonak","https:\/\/www.instagram.com\/phonak","https:\/\/www.linkedin.com\/company\/phonak","https:\/\/www.youtube.com\/c\/phonak"]},{"@type":"Person","@id":"https:\/\/audiologyblog.phonakpro.com\/#\/schema\/person\/a7a8911ffe3168b5adefec8d6c58723b","name":"Hans M\u00fclder","description":"Drs. Hans E. M\u00fclder studied nuclear physics &amp; medical physics\/audiology in The Netherlands. He practiced audiology, was a teacher, politician, researcher and joined Phonak in 1999. He was Director Marketing at Phonak Communications until April 2018 and he joined Advanced Bionics\u2019 Headquarters in May 2018 as Director Strategic Marketing and stayed in this role until his retirement early 2021. He has several patents in wireless microphones, hearing protection and soundfield.","url":"https:\/\/audiologyblog.phonakpro.com\/de\/author\/hans-mulder\/"}]}},"_links":{"self":[{"href":"https:\/\/audiologyblog.phonakpro.com\/de\/wp-json\/wp\/v2\/posts\/3148","targetHints":{"allow":["GET"]}}],"collection":[{"href":"https:\/\/audiologyblog.phonakpro.com\/de\/wp-json\/wp\/v2\/posts"}],"about":[{"href":"https:\/\/audiologyblog.phonakpro.com\/de\/wp-json\/wp\/v2\/types\/post"}],"author":[{"embeddable":true,"href":"https:\/\/audiologyblog.phonakpro.com\/de\/wp-json\/wp\/v2\/users\/43"}],"replies":[{"embeddable":true,"href":"https:\/\/audiologyblog.phonakpro.com\/de\/wp-json\/wp\/v2\/comments?post=3148"}],"version-history":[{"count":1,"href":"https:\/\/audiologyblog.phonakpro.com\/de\/wp-json\/wp\/v2\/posts\/3148\/revisions"}],"predecessor-version":[{"id":3149,"href":"https:\/\/audiologyblog.phonakpro.com\/de\/wp-json\/wp\/v2\/posts\/3148\/revisions\/3149"}],"wp:featuredmedia":[{"embeddable":true,"href":"https:\/\/audiologyblog.phonakpro.com\/de\/wp-json\/wp\/v2\/media\/2859"}],"wp:attachment":[{"href":"https:\/\/audiologyblog.phonakpro.com\/de\/wp-json\/wp\/v2\/media?parent=3148"}],"wp:term":[{"taxonomy":"category","embeddable":true,"href":"https:\/\/audiologyblog.phonakpro.com\/de\/wp-json\/wp\/v2\/categories?post=3148"},{"taxonomy":"post_tag","embeddable":true,"href":"https:\/\/audiologyblog.phonakpro.com\/de\/wp-json\/wp\/v2\/tags?post=3148"}],"curies":[{"name":"wp","href":"https:\/\/api.w.org\/{rel}","templated":true}]}}