{"id":3045,"date":"2017-10-12T12:00:58","date_gmt":"2017-10-12T10:00:58","guid":{"rendered":"https:\/\/audiologyblog.phonakpro.com\/?p=3045"},"modified":"2017-10-18T11:56:30","modified_gmt":"2017-10-18T09:56:30","slug":"neue-wege-in-der-paedakustik","status":"publish","type":"post","link":"https:\/\/audiologyblog.phonakpro.com\/de\/neue-wege-in-der-paedakustik\/","title":{"rendered":"Neue Wege in der P\u00e4dakustik"},"content":{"rendered":"<p>Ich hatte k\u00fcrzlich die Ehre, der 5. Europ\u00e4ischen P\u00e4dakustik Konferenz von Phonak beizuwohnen, die in Berlin stattfand. Die Vorsitzenden der Konferenz, Andrea Bohnert (Chair) von der Universit\u00e4tsmedizin Mainz und Kevin Munro (Co-chair) von der University of Manchester, hatten ein interessantes und vielseitiges Programm zusammengestellt.<\/p>\n<p>Die Beteiligung war sehr hoch. Fast 500 H\u00f6rakustiker aus der ganzen Welt waren der Einladung in die deutsche Hauptstadt gefolgt, um an den Vortr\u00e4gen und Diskussionen \u00fcber die neuesten Entwicklungen in der P\u00e4dakustik teilzunehmen.<\/p>\n<h2>Einige der Highlights der Konferenz:<\/h2>\n<ul>\n<li>Marlene Bagatto, Adjunct Research Professor an der University of Western Ontario (Kanada), erl\u00e4uterte die Leitprinzipien der Kinderversorgung. Sie hob hervor, dass die H\u00f6rger\u00e4teanpassung bei Kindern mit der Erfassung der audiometrischen Daten anf\u00e4ngt und mit der Evaluation der H\u00f6rger\u00e4teleistung endet. Zur \u00dcberwachung der Ergebnisse sei es zudem unerl\u00e4sslich, Standards und Protokolle zu verwenden und die Erbringung von Dienstleistungen und deren Ergebnisse systematisch zu vergleichen.<\/li>\n<li>Anne Marie Tharpe und Dr. Erin Picou von der Vanderbilt University (USA) sprachen \u00fcber aktuelle Perspektiven im Umgang mit leichten und einseitigen H\u00f6rverlusten bei Kindern. Dr. Tharpe berichtete, dass Kinder mit dauerhaftem leichten und einseitigen H\u00f6rverlust mehrheitlich Schwierigkeiten in der Schule haben. Dr. Picou pr\u00e4sentierte Erkenntnisse, die nahe legen, dass die H\u00f6ranstrengung f\u00fcr diese Kinder durch den Einsatz von kabellosen-Mikrofonsystemen im Klassenzimmer reduziert werden kann. In diesem Video ist eine Zusammenfassung ihres Vortrags zu sehen.<\/li>\n<\/ul>\n<p style=\"text-align: center;\"><iframe loading=\"lazy\" src=\"https:\/\/www.youtube.com\/embed\/5RXe3cY1Ypg\" width=\"560\" height=\"315\" frameborder=\"0\" allowfullscreen=\"allowfullscreen\" data-mce-fragment=\"1\"><\/iframe><\/p>\n<ul>\n<li>Barbara Bogner von der P\u00e4dagogischen Hochschule Heidelberg (Deutschland) hielt einen Vortrag dar\u00fcber, wie Kinder mit H\u00f6rminderung in Inklusionsschulen h\u00f6ren. Ihren Erkenntnissen aus objektiven und subjektiven Messungen der H\u00f6rqualit\u00e4t zufolge, verstehen Sch\u00fcler mit H\u00f6rminderung Sprache im Unterricht besser, wenn sie kabellose Mikrofonsysteme verwenden.<\/li>\n<\/ul>\n<ul>\n<li>John Fitzgerald, Consultant Clinical Scientist in Audiology (GB) berichtete von der Entwicklung einer BERA-Peer-Review in Gro\u00dfbritannien. Eine Peer Review ist der Prozess, bei dem die Arbeit eines Wissenschaftlers durch externe Experten \u00fcberpr\u00fcft wird. Peer Reviews gelten als unerl\u00e4sslich f\u00fcr die Qualit\u00e4tssicherung und Weiterentwicklung hochwertiger Dienstleistungen. John Fitzgerald empfahl, daf\u00fcr ein anonymes externes System zu verwenden.<\/li>\n<\/ul>\n<p>Insgesamt bot die Konferenz viele Erkenntnisse f\u00fcr Verbesserungen in der Kinderversorgung.\u00a0Klicken Sie hier f\u00fcr weitere Informationen zu den einzelnen\u00a0<a href=\"http:\/\/bit.ly\/2cVIuf4\" target=\"_blank\" rel=\"noopener\">Pr\u00e4sentationen<\/a> der Konferenz.<\/p>\n","protected":false},"excerpt":{"rendered":"<p>H\u00f6rakustiker aus der ganzen Welt diskutierten \u00fcber aktuelle Entwicklungen und neue Wege in der P\u00e4dakustik.<\/p>\n","protected":false},"author":9,"featured_media":2720,"comment_status":"open","ping_status":"open","sticky":false,"template":"","format":"standard","meta":{"footnotes":""},"categories":[15],"tags":[],"class_list":["post-3045","post","type-post","status-publish","format-standard","has-post-thumbnail","hentry","category-padakustik"],"acf":[],"yoast_head":"<!-- This site is optimized with the Yoast SEO plugin v25.9 - https:\/\/yoast.com\/wordpress\/plugins\/seo\/ -->\n<title>Neue Wege in der P\u00e4dakustik | Audiology Blog<\/title>\n<meta name=\"robots\" content=\"index, follow, max-snippet:-1, max-image-preview:large, max-video-preview:-1\" \/>\n<link rel=\"canonical\" href=\"https:\/\/audiologyblog.phonakpro.com\/de\/neue-wege-in-der-paedakustik\/\" \/>\n<meta property=\"og:locale\" content=\"de_DE\" \/>\n<meta property=\"og:type\" content=\"article\" \/>\n<meta property=\"og:title\" content=\"Neue Wege in der P\u00e4dakustik | Audiology Blog\" \/>\n<meta property=\"og:description\" content=\"H\u00f6rakustiker aus der ganzen Welt diskutierten \u00fcber aktuelle Entwicklungen und neue Wege in der P\u00e4dakustik.\" \/>\n<meta property=\"og:url\" content=\"https:\/\/audiologyblog.phonakpro.com\/de\/neue-wege-in-der-paedakustik\/\" \/>\n<meta property=\"og:site_name\" content=\"Phonak Audiology Blog - Phonak Pro - life is on\" \/>\n<meta property=\"article:publisher\" content=\"https:\/\/www.facebook.com\/phonak\" \/>\n<meta property=\"article:published_time\" content=\"2017-10-12T10:00:58+00:00\" \/>\n<meta property=\"article:modified_time\" content=\"2017-10-18T09:56:30+00:00\" \/>\n<meta property=\"og:image\" content=\"https:\/\/audiologyblog.phonakpro.com\/wp-content\/uploads\/2016\/10\/Conference-1.jpg\" \/>\n\t<meta property=\"og:image:width\" content=\"2048\" \/>\n\t<meta property=\"og:image:height\" content=\"1366\" \/>\n\t<meta property=\"og:image:type\" content=\"image\/jpeg\" \/>\n<meta name=\"author\" content=\"Stacey Rich\" \/>\n<meta name=\"twitter:card\" content=\"summary_large_image\" \/>\n<meta name=\"twitter:creator\" content=\"@phonak\" \/>\n<meta name=\"twitter:site\" content=\"@phonak\" \/>\n<meta name=\"twitter:label1\" content=\"Verfasst von\" \/>\n\t<meta name=\"twitter:data1\" content=\"Stacey Rich\" \/>\n\t<meta name=\"twitter:label2\" content=\"Gesch\u00e4tzte Lesezeit\" \/>\n\t<meta name=\"twitter:data2\" content=\"2\u00a0Minuten\" \/>\n<script type=\"application\/ld+json\" class=\"yoast-schema-graph\">{\"@context\":\"https:\/\/schema.org\",\"@graph\":[{\"@type\":\"Article\",\"@id\":\"https:\/\/audiologyblog.phonakpro.com\/de\/neue-wege-in-der-paedakustik\/#article\",\"isPartOf\":{\"@id\":\"https:\/\/audiologyblog.phonakpro.com\/de\/neue-wege-in-der-paedakustik\/\"},\"author\":{\"name\":\"Stacey Rich\",\"@id\":\"https:\/\/audiologyblog.phonakpro.com\/#\/schema\/person\/b50d33bb559cfc28aa5a0dca88bac3c1\"},\"headline\":\"Neue Wege in der P\u00e4dakustik\",\"datePublished\":\"2017-10-12T10:00:58+00:00\",\"dateModified\":\"2017-10-18T09:56:30+00:00\",\"mainEntityOfPage\":{\"@id\":\"https:\/\/audiologyblog.phonakpro.com\/de\/neue-wege-in-der-paedakustik\/\"},\"wordCount\":381,\"commentCount\":0,\"publisher\":{\"@id\":\"https:\/\/audiologyblog.phonakpro.com\/#organization\"},\"image\":{\"@id\":\"https:\/\/audiologyblog.phonakpro.com\/de\/neue-wege-in-der-paedakustik\/#primaryimage\"},\"thumbnailUrl\":\"https:\/\/audiologyblog.phonakpro.com\/wp-content\/uploads\/2016\/10\/Conference-1.jpg\",\"articleSection\":[\"P\u00e4dakustik\"],\"inLanguage\":\"de\",\"potentialAction\":[{\"@type\":\"CommentAction\",\"name\":\"Comment\",\"target\":[\"https:\/\/audiologyblog.phonakpro.com\/de\/neue-wege-in-der-paedakustik\/#respond\"]}]},{\"@type\":\"WebPage\",\"@id\":\"https:\/\/audiologyblog.phonakpro.com\/de\/neue-wege-in-der-paedakustik\/\",\"url\":\"https:\/\/audiologyblog.phonakpro.com\/de\/neue-wege-in-der-paedakustik\/\",\"name\":\"Neue Wege in der P\u00e4dakustik | Audiology Blog\",\"isPartOf\":{\"@id\":\"https:\/\/audiologyblog.phonakpro.com\/#website\"},\"primaryImageOfPage\":{\"@id\":\"https:\/\/audiologyblog.phonakpro.com\/de\/neue-wege-in-der-paedakustik\/#primaryimage\"},\"image\":{\"@id\":\"https:\/\/audiologyblog.phonakpro.com\/de\/neue-wege-in-der-paedakustik\/#primaryimage\"},\"thumbnailUrl\":\"https:\/\/audiologyblog.phonakpro.com\/wp-content\/uploads\/2016\/10\/Conference-1.jpg\",\"datePublished\":\"2017-10-12T10:00:58+00:00\",\"dateModified\":\"2017-10-18T09:56:30+00:00\",\"breadcrumb\":{\"@id\":\"https:\/\/audiologyblog.phonakpro.com\/de\/neue-wege-in-der-paedakustik\/#breadcrumb\"},\"inLanguage\":\"de\",\"potentialAction\":[{\"@type\":\"ReadAction\",\"target\":[\"https:\/\/audiologyblog.phonakpro.com\/de\/neue-wege-in-der-paedakustik\/\"]}]},{\"@type\":\"ImageObject\",\"inLanguage\":\"de\",\"@id\":\"https:\/\/audiologyblog.phonakpro.com\/de\/neue-wege-in-der-paedakustik\/#primaryimage\",\"url\":\"https:\/\/audiologyblog.phonakpro.com\/wp-content\/uploads\/2016\/10\/Conference-1.jpg\",\"contentUrl\":\"https:\/\/audiologyblog.phonakpro.com\/wp-content\/uploads\/2016\/10\/Conference-1.jpg\",\"width\":2048,\"height\":1366,\"caption\":\"Speaker Giving a Talk at Business Meeting. Audience in the conference hall. Business and Entrepreneurship.\"},{\"@type\":\"BreadcrumbList\",\"@id\":\"https:\/\/audiologyblog.phonakpro.com\/de\/neue-wege-in-der-paedakustik\/#breadcrumb\",\"itemListElement\":[{\"@type\":\"ListItem\",\"position\":1,\"name\":\"Home\",\"item\":\"https:\/\/audiologyblog.phonakpro.com\/de\/\"},{\"@type\":\"ListItem\",\"position\":2,\"name\":\"Neue Wege in der P\u00e4dakustik\"}]},{\"@type\":\"WebSite\",\"@id\":\"https:\/\/audiologyblog.phonakpro.com\/#website\",\"url\":\"https:\/\/audiologyblog.phonakpro.com\/\",\"name\":\"Phonak Audiology Blog - Phonak Pro - life is on\",\"description\":\"1The Phonak Audiology Blog presents audiological topics, research and hearing technology updates from experts at Phonak and across the hearing industry.\",\"publisher\":{\"@id\":\"https:\/\/audiologyblog.phonakpro.com\/#organization\"},\"potentialAction\":[{\"@type\":\"SearchAction\",\"target\":{\"@type\":\"EntryPoint\",\"urlTemplate\":\"https:\/\/audiologyblog.phonakpro.com\/?s={search_term_string}\"},\"query-input\":{\"@type\":\"PropertyValueSpecification\",\"valueRequired\":true,\"valueName\":\"search_term_string\"}}],\"inLanguage\":\"de\"},{\"@type\":\"Organization\",\"@id\":\"https:\/\/audiologyblog.phonakpro.com\/#organization\",\"name\":\"Phonak Audiology Blog - Phonak Pro - life is on\",\"url\":\"https:\/\/audiologyblog.phonakpro.com\/\",\"logo\":{\"@type\":\"ImageObject\",\"inLanguage\":\"de\",\"@id\":\"https:\/\/audiologyblog.phonakpro.com\/#\/schema\/logo\/image\/\",\"url\":\"https:\/\/audiologyblog.phonakpro.com\/wp-content\/uploads\/2016\/09\/Logo_Phonak_life_is_on_pos_RGB_300dpi.jpg\",\"contentUrl\":\"https:\/\/audiologyblog.phonakpro.com\/wp-content\/uploads\/2016\/09\/Logo_Phonak_life_is_on_pos_RGB_300dpi.jpg\",\"width\":1630,\"height\":863,\"caption\":\"Phonak Audiology Blog - Phonak Pro - life is on\"},\"image\":{\"@id\":\"https:\/\/audiologyblog.phonakpro.com\/#\/schema\/logo\/image\/\"},\"sameAs\":[\"https:\/\/www.facebook.com\/phonak\",\"https:\/\/x.com\/phonak\",\"https:\/\/www.instagram.com\/phonak\",\"https:\/\/www.linkedin.com\/company\/phonak\",\"https:\/\/www.youtube.com\/c\/phonak\"]},{\"@type\":\"Person\",\"@id\":\"https:\/\/audiologyblog.phonakpro.com\/#\/schema\/person\/b50d33bb559cfc28aa5a0dca88bac3c1\",\"name\":\"Stacey Rich\",\"description\":\"For the last 12 years Stacey has held various audiology and training roles with a special interest in pediatrics. She currently leads the Audiology Leadership and Training team at Phonak HQ based in Switzerland and lives in North Carolina. Before becoming an audiologist, she worked as an American Sign Language interpreter. Stacey completed her Master of Clinical Audiology degree in 2003 and worked as a pediatric clinician fitting children with hearing aids and remote microphone systems in Australia until joining Phonak US in late 2008.\",\"url\":\"https:\/\/audiologyblog.phonakpro.com\/de\/author\/stacey-rich\/\"}]}<\/script>\n<!-- \/ Yoast SEO plugin. -->","yoast_head_json":{"title":"Neue Wege in der P\u00e4dakustik | Audiology Blog","robots":{"index":"index","follow":"follow","max-snippet":"max-snippet:-1","max-image-preview":"max-image-preview:large","max-video-preview":"max-video-preview:-1"},"canonical":"https:\/\/audiologyblog.phonakpro.com\/de\/neue-wege-in-der-paedakustik\/","og_locale":"de_DE","og_type":"article","og_title":"Neue Wege in der P\u00e4dakustik | Audiology Blog","og_description":"H\u00f6rakustiker aus der ganzen Welt diskutierten \u00fcber aktuelle Entwicklungen und neue Wege in der P\u00e4dakustik.","og_url":"https:\/\/audiologyblog.phonakpro.com\/de\/neue-wege-in-der-paedakustik\/","og_site_name":"Phonak Audiology Blog - Phonak Pro - life is on","article_publisher":"https:\/\/www.facebook.com\/phonak","article_published_time":"2017-10-12T10:00:58+00:00","article_modified_time":"2017-10-18T09:56:30+00:00","og_image":[{"width":2048,"height":1366,"url":"https:\/\/audiologyblog.phonakpro.com\/wp-content\/uploads\/2016\/10\/Conference-1.jpg","type":"image\/jpeg"}],"author":"Stacey Rich","twitter_card":"summary_large_image","twitter_creator":"@phonak","twitter_site":"@phonak","twitter_misc":{"Verfasst von":"Stacey Rich","Gesch\u00e4tzte Lesezeit":"2\u00a0Minuten"},"schema":{"@context":"https:\/\/schema.org","@graph":[{"@type":"Article","@id":"https:\/\/audiologyblog.phonakpro.com\/de\/neue-wege-in-der-paedakustik\/#article","isPartOf":{"@id":"https:\/\/audiologyblog.phonakpro.com\/de\/neue-wege-in-der-paedakustik\/"},"author":{"name":"Stacey Rich","@id":"https:\/\/audiologyblog.phonakpro.com\/#\/schema\/person\/b50d33bb559cfc28aa5a0dca88bac3c1"},"headline":"Neue Wege in der P\u00e4dakustik","datePublished":"2017-10-12T10:00:58+00:00","dateModified":"2017-10-18T09:56:30+00:00","mainEntityOfPage":{"@id":"https:\/\/audiologyblog.phonakpro.com\/de\/neue-wege-in-der-paedakustik\/"},"wordCount":381,"commentCount":0,"publisher":{"@id":"https:\/\/audiologyblog.phonakpro.com\/#organization"},"image":{"@id":"https:\/\/audiologyblog.phonakpro.com\/de\/neue-wege-in-der-paedakustik\/#primaryimage"},"thumbnailUrl":"https:\/\/audiologyblog.phonakpro.com\/wp-content\/uploads\/2016\/10\/Conference-1.jpg","articleSection":["P\u00e4dakustik"],"inLanguage":"de","potentialAction":[{"@type":"CommentAction","name":"Comment","target":["https:\/\/audiologyblog.phonakpro.com\/de\/neue-wege-in-der-paedakustik\/#respond"]}]},{"@type":"WebPage","@id":"https:\/\/audiologyblog.phonakpro.com\/de\/neue-wege-in-der-paedakustik\/","url":"https:\/\/audiologyblog.phonakpro.com\/de\/neue-wege-in-der-paedakustik\/","name":"Neue Wege in der P\u00e4dakustik | Audiology Blog","isPartOf":{"@id":"https:\/\/audiologyblog.phonakpro.com\/#website"},"primaryImageOfPage":{"@id":"https:\/\/audiologyblog.phonakpro.com\/de\/neue-wege-in-der-paedakustik\/#primaryimage"},"image":{"@id":"https:\/\/audiologyblog.phonakpro.com\/de\/neue-wege-in-der-paedakustik\/#primaryimage"},"thumbnailUrl":"https:\/\/audiologyblog.phonakpro.com\/wp-content\/uploads\/2016\/10\/Conference-1.jpg","datePublished":"2017-10-12T10:00:58+00:00","dateModified":"2017-10-18T09:56:30+00:00","breadcrumb":{"@id":"https:\/\/audiologyblog.phonakpro.com\/de\/neue-wege-in-der-paedakustik\/#breadcrumb"},"inLanguage":"de","potentialAction":[{"@type":"ReadAction","target":["https:\/\/audiologyblog.phonakpro.com\/de\/neue-wege-in-der-paedakustik\/"]}]},{"@type":"ImageObject","inLanguage":"de","@id":"https:\/\/audiologyblog.phonakpro.com\/de\/neue-wege-in-der-paedakustik\/#primaryimage","url":"https:\/\/audiologyblog.phonakpro.com\/wp-content\/uploads\/2016\/10\/Conference-1.jpg","contentUrl":"https:\/\/audiologyblog.phonakpro.com\/wp-content\/uploads\/2016\/10\/Conference-1.jpg","width":2048,"height":1366,"caption":"Speaker Giving a Talk at Business Meeting. Audience in the conference hall. Business and Entrepreneurship."},{"@type":"BreadcrumbList","@id":"https:\/\/audiologyblog.phonakpro.com\/de\/neue-wege-in-der-paedakustik\/#breadcrumb","itemListElement":[{"@type":"ListItem","position":1,"name":"Home","item":"https:\/\/audiologyblog.phonakpro.com\/de\/"},{"@type":"ListItem","position":2,"name":"Neue Wege in der P\u00e4dakustik"}]},{"@type":"WebSite","@id":"https:\/\/audiologyblog.phonakpro.com\/#website","url":"https:\/\/audiologyblog.phonakpro.com\/","name":"Phonak Audiology Blog - Phonak Pro - life is on","description":"1The Phonak Audiology Blog presents audiological topics, research and hearing technology updates from experts at Phonak and across the hearing industry.","publisher":{"@id":"https:\/\/audiologyblog.phonakpro.com\/#organization"},"potentialAction":[{"@type":"SearchAction","target":{"@type":"EntryPoint","urlTemplate":"https:\/\/audiologyblog.phonakpro.com\/?s={search_term_string}"},"query-input":{"@type":"PropertyValueSpecification","valueRequired":true,"valueName":"search_term_string"}}],"inLanguage":"de"},{"@type":"Organization","@id":"https:\/\/audiologyblog.phonakpro.com\/#organization","name":"Phonak Audiology Blog - Phonak Pro - life is on","url":"https:\/\/audiologyblog.phonakpro.com\/","logo":{"@type":"ImageObject","inLanguage":"de","@id":"https:\/\/audiologyblog.phonakpro.com\/#\/schema\/logo\/image\/","url":"https:\/\/audiologyblog.phonakpro.com\/wp-content\/uploads\/2016\/09\/Logo_Phonak_life_is_on_pos_RGB_300dpi.jpg","contentUrl":"https:\/\/audiologyblog.phonakpro.com\/wp-content\/uploads\/2016\/09\/Logo_Phonak_life_is_on_pos_RGB_300dpi.jpg","width":1630,"height":863,"caption":"Phonak Audiology Blog - Phonak Pro - life is on"},"image":{"@id":"https:\/\/audiologyblog.phonakpro.com\/#\/schema\/logo\/image\/"},"sameAs":["https:\/\/www.facebook.com\/phonak","https:\/\/x.com\/phonak","https:\/\/www.instagram.com\/phonak","https:\/\/www.linkedin.com\/company\/phonak","https:\/\/www.youtube.com\/c\/phonak"]},{"@type":"Person","@id":"https:\/\/audiologyblog.phonakpro.com\/#\/schema\/person\/b50d33bb559cfc28aa5a0dca88bac3c1","name":"Stacey Rich","description":"For the last 12 years Stacey has held various audiology and training roles with a special interest in pediatrics. She currently leads the Audiology Leadership and Training team at Phonak HQ based in Switzerland and lives in North Carolina. Before becoming an audiologist, she worked as an American Sign Language interpreter. Stacey completed her Master of Clinical Audiology degree in 2003 and worked as a pediatric clinician fitting children with hearing aids and remote microphone systems in Australia until joining Phonak US in late 2008.","url":"https:\/\/audiologyblog.phonakpro.com\/de\/author\/stacey-rich\/"}]}},"_links":{"self":[{"href":"https:\/\/audiologyblog.phonakpro.com\/de\/wp-json\/wp\/v2\/posts\/3045","targetHints":{"allow":["GET"]}}],"collection":[{"href":"https:\/\/audiologyblog.phonakpro.com\/de\/wp-json\/wp\/v2\/posts"}],"about":[{"href":"https:\/\/audiologyblog.phonakpro.com\/de\/wp-json\/wp\/v2\/types\/post"}],"author":[{"embeddable":true,"href":"https:\/\/audiologyblog.phonakpro.com\/de\/wp-json\/wp\/v2\/users\/9"}],"replies":[{"embeddable":true,"href":"https:\/\/audiologyblog.phonakpro.com\/de\/wp-json\/wp\/v2\/comments?post=3045"}],"version-history":[{"count":4,"href":"https:\/\/audiologyblog.phonakpro.com\/de\/wp-json\/wp\/v2\/posts\/3045\/revisions"}],"predecessor-version":[{"id":3140,"href":"https:\/\/audiologyblog.phonakpro.com\/de\/wp-json\/wp\/v2\/posts\/3045\/revisions\/3140"}],"wp:featuredmedia":[{"embeddable":true,"href":"https:\/\/audiologyblog.phonakpro.com\/de\/wp-json\/wp\/v2\/media\/2720"}],"wp:attachment":[{"href":"https:\/\/audiologyblog.phonakpro.com\/de\/wp-json\/wp\/v2\/media?parent=3045"}],"wp:term":[{"taxonomy":"category","embeddable":true,"href":"https:\/\/audiologyblog.phonakpro.com\/de\/wp-json\/wp\/v2\/categories?post=3045"},{"taxonomy":"post_tag","embeddable":true,"href":"https:\/\/audiologyblog.phonakpro.com\/de\/wp-json\/wp\/v2\/tags?post=3045"}],"curies":[{"name":"wp","href":"https:\/\/api.w.org\/{rel}","templated":true}]}}