{"id":3039,"date":"2017-09-18T14:33:45","date_gmt":"2017-09-18T12:33:45","guid":{"rendered":"https:\/\/audiologyblog.phonakpro.com\/?p=3039"},"modified":"2017-10-12T10:24:15","modified_gmt":"2017-10-12T08:24:15","slug":"erfolgstraining-die-zunehmende-nachfrage-nach-menschlichen-faehigkeiten","status":"publish","type":"post","link":"https:\/\/audiologyblog.phonakpro.com\/de\/erfolgstraining-die-zunehmende-nachfrage-nach-menschlichen-faehigkeiten\/","title":{"rendered":"Erfolgstraining: Die zunehmende Nachfrage nach menschlichen F\u00e4higkeiten"},"content":{"rendered":"<p>Vor zwei Wochen nahmen Mitarbeiter der Phonak Abteilung &#8218;Learning and Development&#8216; am ersten <a href=\"http:\/\/www.oebmidsummit.com\/\">OEB\u00a0MidSummit<\/a>\u00a0teil, das in der isl\u00e4ndischen Hauptstadt Reykjiavik stattfand.<\/p>\n<p>In den zwei Tagen dieser internationalen Konferenz wurden Keynote-Reden, Tool-Pr\u00e4sentationen und Praxisworkshops zum Thema digitales Lernen in Aus- und Weiterbildung angeboten. Die Experten stellten einen Trend zur verst\u00e4rkten Nutzung von k\u00fcnstlicher Intelligenz in der Ausbildung und in der Wirtschaft fest, betonten aber gleichzeitig, dass Roboter weder jetzt noch in absehbarer Zukunft die menschlichen Eigenschaften und F\u00e4higkeiten ersetzen werden. Es herrschte sogar ein klarer Konsens dar\u00fcber, dass dringend die Kompetenzen gef\u00f6rdert werden m\u00fcssen, die einen (menschlichen) Experten so einzigartig und notwendig machen, wie z.B. Kommunikationsf\u00e4higkeit, Empathie und strategische Analyse- und Diagnosef\u00e4higkeit. Auf einem Markt, der sich durch schnelle technologische Ver\u00e4nderungen und Weiterentwicklungen auszeichnet, k\u00f6nnen Unternehmen ihre Ums\u00e4tze durch einschl\u00e4giges Training ihrer Mitarbeiter steigern.<\/p>\n<p>In diesem Kontext haben wir eine interaktive Session \u00fcber das bevorstehende Family-Centered Care Training von Phonak angeboten. Im Workshop <a href=\"http:\/\/www.oebmidsummit.com\/programme\/2017-june-9\/49\">\u201eOvercoming lack of topic popularity, time and resources\u201c<\/a> wurde die Frage angegangen, wie in einem Gesch\u00e4ft, das Family-Centered Care anwendet, Kompetenzen wie Empathie und richtige Verhandlungs- und Gespr\u00e4chsf\u00fchrung entwickelt werden k\u00f6nnen. Es wird davon ausgegangen, dass der Erfolg eines H\u00f6rakustikers in Zukunft wesentlich davon abh\u00e4ngen wird, ob er in der Lage ist, diese menschlichen F\u00e4higkeiten zu nutzen.<\/p>\n<p>Im bevorstehenden Training von Phonak erfahren H\u00f6rakustiker, was der Family-Centered Care Ansatz ist und wie er in einem H\u00f6rakustik-Fachgesch\u00e4ft implementiert werden kann. Die H\u00f6rakustiker erhalten auch die Gelegenheit, ihre F\u00e4higkeiten mithilfe einer Reihe von interaktiven und praktischen \u00dcbungen weiterzuentwickeln.<\/p>\n<p>Weitere Informationen dazu folgen, auch \u00fcber diese Plattform. Sie d\u00fcrfen gespannt sein.<\/p>\n<p>Bis dahin finden Sie Informationen zu Family-Centered Care <a href=\"https:\/\/www.phonakpro.com\/com\/en\/resources\/counseling-tools\/family-centered-care\/fcc-adults\/family-centered-care-overview.html\">hier<\/a>.<\/p>\n","protected":false},"excerpt":{"rendered":"<p>Auf dem OEB MidSummit wurde die Dringlichkeit betont, den einzigartigen menschlichen F\u00e4higkeiten bei der Berufsausbildung mehr Rechnung zu tragen. In unserem Family-Centered Care Training werden die wichtigsten menschlichen F\u00e4higkeiten, wie z.B. Empathie, gezielt vermittelt.<\/p>\n","protected":false},"author":46,"featured_media":2865,"comment_status":"open","ping_status":"open","sticky":false,"template":"","format":"standard","meta":{"footnotes":""},"categories":[16,14],"tags":[],"class_list":["post-3039","post","type-post","status-publish","format-standard","has-post-thumbnail","hentry","category-technologie","category-family-centered-care-de"],"acf":[],"yoast_head":"<!-- This site is optimized with the Yoast SEO plugin v25.9 - https:\/\/yoast.com\/wordpress\/plugins\/seo\/ -->\n<title>Erfolgstraining: Die zunehmende Nachfrage nach menschlichen F\u00e4higkeiten | Audiology Blog<\/title>\n<meta name=\"robots\" content=\"index, follow, max-snippet:-1, max-image-preview:large, max-video-preview:-1\" \/>\n<link rel=\"canonical\" href=\"https:\/\/audiologyblog.phonakpro.com\/de\/erfolgstraining-die-zunehmende-nachfrage-nach-menschlichen-faehigkeiten\/\" \/>\n<meta property=\"og:locale\" content=\"de_DE\" \/>\n<meta property=\"og:type\" content=\"article\" \/>\n<meta property=\"og:title\" content=\"Erfolgstraining: Die zunehmende Nachfrage nach menschlichen F\u00e4higkeiten | Audiology Blog\" \/>\n<meta property=\"og:description\" content=\"Auf dem OEB MidSummit wurde die Dringlichkeit betont, den einzigartigen menschlichen F\u00e4higkeiten bei der Berufsausbildung mehr Rechnung zu tragen. In unserem Family-Centered Care Training werden die wichtigsten menschlichen F\u00e4higkeiten, wie z.B. Empathie, gezielt vermittelt.\" \/>\n<meta property=\"og:url\" content=\"https:\/\/audiologyblog.phonakpro.com\/de\/erfolgstraining-die-zunehmende-nachfrage-nach-menschlichen-faehigkeiten\/\" \/>\n<meta property=\"og:site_name\" content=\"Phonak Audiology Blog - Phonak Pro - life is on\" \/>\n<meta property=\"article:publisher\" content=\"https:\/\/www.facebook.com\/phonak\" \/>\n<meta property=\"article:published_time\" content=\"2017-09-18T12:33:45+00:00\" \/>\n<meta property=\"article:modified_time\" content=\"2017-10-12T08:24:15+00:00\" \/>\n<meta property=\"og:image\" content=\"https:\/\/audiologyblog.phonakpro.com\/wp-content\/uploads\/2017\/06\/artificial-intelligence-2228610.jpg\" \/>\n\t<meta property=\"og:image:width\" content=\"2048\" \/>\n\t<meta property=\"og:image:height\" content=\"1281\" \/>\n\t<meta property=\"og:image:type\" content=\"image\/jpeg\" \/>\n<meta name=\"author\" content=\"Paola Rattu\" \/>\n<meta name=\"twitter:card\" content=\"summary_large_image\" \/>\n<meta name=\"twitter:creator\" content=\"@phonak\" \/>\n<meta name=\"twitter:site\" content=\"@phonak\" \/>\n<meta name=\"twitter:label1\" content=\"Verfasst von\" \/>\n\t<meta name=\"twitter:data1\" content=\"Paola Rattu\" \/>\n\t<meta name=\"twitter:label2\" content=\"Gesch\u00e4tzte Lesezeit\" \/>\n\t<meta name=\"twitter:data2\" content=\"1\u00a0Minute\" \/>\n<script type=\"application\/ld+json\" class=\"yoast-schema-graph\">{\"@context\":\"https:\/\/schema.org\",\"@graph\":[{\"@type\":\"Article\",\"@id\":\"https:\/\/audiologyblog.phonakpro.com\/de\/erfolgstraining-die-zunehmende-nachfrage-nach-menschlichen-faehigkeiten\/#article\",\"isPartOf\":{\"@id\":\"https:\/\/audiologyblog.phonakpro.com\/de\/erfolgstraining-die-zunehmende-nachfrage-nach-menschlichen-faehigkeiten\/\"},\"author\":{\"name\":\"Paola Rattu\",\"@id\":\"https:\/\/audiologyblog.phonakpro.com\/#\/schema\/person\/d38776decc803dbaa54f491eaf212358\"},\"headline\":\"Erfolgstraining: Die zunehmende Nachfrage nach menschlichen F\u00e4higkeiten\",\"datePublished\":\"2017-09-18T12:33:45+00:00\",\"dateModified\":\"2017-10-12T08:24:15+00:00\",\"mainEntityOfPage\":{\"@id\":\"https:\/\/audiologyblog.phonakpro.com\/de\/erfolgstraining-die-zunehmende-nachfrage-nach-menschlichen-faehigkeiten\/\"},\"wordCount\":307,\"commentCount\":0,\"publisher\":{\"@id\":\"https:\/\/audiologyblog.phonakpro.com\/#organization\"},\"image\":{\"@id\":\"https:\/\/audiologyblog.phonakpro.com\/de\/erfolgstraining-die-zunehmende-nachfrage-nach-menschlichen-faehigkeiten\/#primaryimage\"},\"thumbnailUrl\":\"https:\/\/audiologyblog.phonakpro.com\/wp-content\/uploads\/2017\/06\/artificial-intelligence-2228610.jpg\",\"articleSection\":[\"Technologie\",\"Family-Centered Care\"],\"inLanguage\":\"de\",\"potentialAction\":[{\"@type\":\"CommentAction\",\"name\":\"Comment\",\"target\":[\"https:\/\/audiologyblog.phonakpro.com\/de\/erfolgstraining-die-zunehmende-nachfrage-nach-menschlichen-faehigkeiten\/#respond\"]}]},{\"@type\":\"WebPage\",\"@id\":\"https:\/\/audiologyblog.phonakpro.com\/de\/erfolgstraining-die-zunehmende-nachfrage-nach-menschlichen-faehigkeiten\/\",\"url\":\"https:\/\/audiologyblog.phonakpro.com\/de\/erfolgstraining-die-zunehmende-nachfrage-nach-menschlichen-faehigkeiten\/\",\"name\":\"Erfolgstraining: Die zunehmende Nachfrage nach menschlichen F\u00e4higkeiten | Audiology Blog\",\"isPartOf\":{\"@id\":\"https:\/\/audiologyblog.phonakpro.com\/#website\"},\"primaryImageOfPage\":{\"@id\":\"https:\/\/audiologyblog.phonakpro.com\/de\/erfolgstraining-die-zunehmende-nachfrage-nach-menschlichen-faehigkeiten\/#primaryimage\"},\"image\":{\"@id\":\"https:\/\/audiologyblog.phonakpro.com\/de\/erfolgstraining-die-zunehmende-nachfrage-nach-menschlichen-faehigkeiten\/#primaryimage\"},\"thumbnailUrl\":\"https:\/\/audiologyblog.phonakpro.com\/wp-content\/uploads\/2017\/06\/artificial-intelligence-2228610.jpg\",\"datePublished\":\"2017-09-18T12:33:45+00:00\",\"dateModified\":\"2017-10-12T08:24:15+00:00\",\"breadcrumb\":{\"@id\":\"https:\/\/audiologyblog.phonakpro.com\/de\/erfolgstraining-die-zunehmende-nachfrage-nach-menschlichen-faehigkeiten\/#breadcrumb\"},\"inLanguage\":\"de\",\"potentialAction\":[{\"@type\":\"ReadAction\",\"target\":[\"https:\/\/audiologyblog.phonakpro.com\/de\/erfolgstraining-die-zunehmende-nachfrage-nach-menschlichen-faehigkeiten\/\"]}]},{\"@type\":\"ImageObject\",\"inLanguage\":\"de\",\"@id\":\"https:\/\/audiologyblog.phonakpro.com\/de\/erfolgstraining-die-zunehmende-nachfrage-nach-menschlichen-faehigkeiten\/#primaryimage\",\"url\":\"https:\/\/audiologyblog.phonakpro.com\/wp-content\/uploads\/2017\/06\/artificial-intelligence-2228610.jpg\",\"contentUrl\":\"https:\/\/audiologyblog.phonakpro.com\/wp-content\/uploads\/2017\/06\/artificial-intelligence-2228610.jpg\",\"width\":2048,\"height\":1281},{\"@type\":\"BreadcrumbList\",\"@id\":\"https:\/\/audiologyblog.phonakpro.com\/de\/erfolgstraining-die-zunehmende-nachfrage-nach-menschlichen-faehigkeiten\/#breadcrumb\",\"itemListElement\":[{\"@type\":\"ListItem\",\"position\":1,\"name\":\"Home\",\"item\":\"https:\/\/audiologyblog.phonakpro.com\/de\/\"},{\"@type\":\"ListItem\",\"position\":2,\"name\":\"Erfolgstraining: Die zunehmende Nachfrage nach menschlichen F\u00e4higkeiten\"}]},{\"@type\":\"WebSite\",\"@id\":\"https:\/\/audiologyblog.phonakpro.com\/#website\",\"url\":\"https:\/\/audiologyblog.phonakpro.com\/\",\"name\":\"Phonak Audiology Blog - Phonak Pro - life is on\",\"description\":\"1The Phonak Audiology Blog presents audiological topics, research and hearing technology updates from experts at Phonak and across the hearing industry.\",\"publisher\":{\"@id\":\"https:\/\/audiologyblog.phonakpro.com\/#organization\"},\"potentialAction\":[{\"@type\":\"SearchAction\",\"target\":{\"@type\":\"EntryPoint\",\"urlTemplate\":\"https:\/\/audiologyblog.phonakpro.com\/?s={search_term_string}\"},\"query-input\":{\"@type\":\"PropertyValueSpecification\",\"valueRequired\":true,\"valueName\":\"search_term_string\"}}],\"inLanguage\":\"de\"},{\"@type\":\"Organization\",\"@id\":\"https:\/\/audiologyblog.phonakpro.com\/#organization\",\"name\":\"Phonak Audiology Blog - Phonak Pro - life is on\",\"url\":\"https:\/\/audiologyblog.phonakpro.com\/\",\"logo\":{\"@type\":\"ImageObject\",\"inLanguage\":\"de\",\"@id\":\"https:\/\/audiologyblog.phonakpro.com\/#\/schema\/logo\/image\/\",\"url\":\"https:\/\/audiologyblog.phonakpro.com\/wp-content\/uploads\/2016\/09\/Logo_Phonak_life_is_on_pos_RGB_300dpi.jpg\",\"contentUrl\":\"https:\/\/audiologyblog.phonakpro.com\/wp-content\/uploads\/2016\/09\/Logo_Phonak_life_is_on_pos_RGB_300dpi.jpg\",\"width\":1630,\"height\":863,\"caption\":\"Phonak Audiology Blog - Phonak Pro - life is on\"},\"image\":{\"@id\":\"https:\/\/audiologyblog.phonakpro.com\/#\/schema\/logo\/image\/\"},\"sameAs\":[\"https:\/\/www.facebook.com\/phonak\",\"https:\/\/x.com\/phonak\",\"https:\/\/www.instagram.com\/phonak\",\"https:\/\/www.linkedin.com\/company\/phonak\",\"https:\/\/www.youtube.com\/c\/phonak\"]},{\"@type\":\"Person\",\"@id\":\"https:\/\/audiologyblog.phonakpro.com\/#\/schema\/person\/d38776decc803dbaa54f491eaf212358\",\"name\":\"Paola Rattu\",\"description\":\"Paola Rattu, PhD, has a wide educational background in social sciences, geography and instructional design. After working in academia, she joined Phonak in 2016 as instructional designer inside the Learning and Development team. In her current role, she supports the creation of trainings and manages Phonak Learning.\",\"url\":\"https:\/\/audiologyblog.phonakpro.com\/de\/author\/paola-rattu\/\"}]}<\/script>\n<!-- \/ Yoast SEO plugin. -->","yoast_head_json":{"title":"Erfolgstraining: Die zunehmende Nachfrage nach menschlichen F\u00e4higkeiten | Audiology Blog","robots":{"index":"index","follow":"follow","max-snippet":"max-snippet:-1","max-image-preview":"max-image-preview:large","max-video-preview":"max-video-preview:-1"},"canonical":"https:\/\/audiologyblog.phonakpro.com\/de\/erfolgstraining-die-zunehmende-nachfrage-nach-menschlichen-faehigkeiten\/","og_locale":"de_DE","og_type":"article","og_title":"Erfolgstraining: Die zunehmende Nachfrage nach menschlichen F\u00e4higkeiten | Audiology Blog","og_description":"Auf dem OEB MidSummit wurde die Dringlichkeit betont, den einzigartigen menschlichen F\u00e4higkeiten bei der Berufsausbildung mehr Rechnung zu tragen. In unserem Family-Centered Care Training werden die wichtigsten menschlichen F\u00e4higkeiten, wie z.B. Empathie, gezielt vermittelt.","og_url":"https:\/\/audiologyblog.phonakpro.com\/de\/erfolgstraining-die-zunehmende-nachfrage-nach-menschlichen-faehigkeiten\/","og_site_name":"Phonak Audiology Blog - Phonak Pro - life is on","article_publisher":"https:\/\/www.facebook.com\/phonak","article_published_time":"2017-09-18T12:33:45+00:00","article_modified_time":"2017-10-12T08:24:15+00:00","og_image":[{"width":2048,"height":1281,"url":"https:\/\/audiologyblog.phonakpro.com\/wp-content\/uploads\/2017\/06\/artificial-intelligence-2228610.jpg","type":"image\/jpeg"}],"author":"Paola Rattu","twitter_card":"summary_large_image","twitter_creator":"@phonak","twitter_site":"@phonak","twitter_misc":{"Verfasst von":"Paola Rattu","Gesch\u00e4tzte Lesezeit":"1\u00a0Minute"},"schema":{"@context":"https:\/\/schema.org","@graph":[{"@type":"Article","@id":"https:\/\/audiologyblog.phonakpro.com\/de\/erfolgstraining-die-zunehmende-nachfrage-nach-menschlichen-faehigkeiten\/#article","isPartOf":{"@id":"https:\/\/audiologyblog.phonakpro.com\/de\/erfolgstraining-die-zunehmende-nachfrage-nach-menschlichen-faehigkeiten\/"},"author":{"name":"Paola Rattu","@id":"https:\/\/audiologyblog.phonakpro.com\/#\/schema\/person\/d38776decc803dbaa54f491eaf212358"},"headline":"Erfolgstraining: Die zunehmende Nachfrage nach menschlichen F\u00e4higkeiten","datePublished":"2017-09-18T12:33:45+00:00","dateModified":"2017-10-12T08:24:15+00:00","mainEntityOfPage":{"@id":"https:\/\/audiologyblog.phonakpro.com\/de\/erfolgstraining-die-zunehmende-nachfrage-nach-menschlichen-faehigkeiten\/"},"wordCount":307,"commentCount":0,"publisher":{"@id":"https:\/\/audiologyblog.phonakpro.com\/#organization"},"image":{"@id":"https:\/\/audiologyblog.phonakpro.com\/de\/erfolgstraining-die-zunehmende-nachfrage-nach-menschlichen-faehigkeiten\/#primaryimage"},"thumbnailUrl":"https:\/\/audiologyblog.phonakpro.com\/wp-content\/uploads\/2017\/06\/artificial-intelligence-2228610.jpg","articleSection":["Technologie","Family-Centered Care"],"inLanguage":"de","potentialAction":[{"@type":"CommentAction","name":"Comment","target":["https:\/\/audiologyblog.phonakpro.com\/de\/erfolgstraining-die-zunehmende-nachfrage-nach-menschlichen-faehigkeiten\/#respond"]}]},{"@type":"WebPage","@id":"https:\/\/audiologyblog.phonakpro.com\/de\/erfolgstraining-die-zunehmende-nachfrage-nach-menschlichen-faehigkeiten\/","url":"https:\/\/audiologyblog.phonakpro.com\/de\/erfolgstraining-die-zunehmende-nachfrage-nach-menschlichen-faehigkeiten\/","name":"Erfolgstraining: Die zunehmende Nachfrage nach menschlichen F\u00e4higkeiten | Audiology Blog","isPartOf":{"@id":"https:\/\/audiologyblog.phonakpro.com\/#website"},"primaryImageOfPage":{"@id":"https:\/\/audiologyblog.phonakpro.com\/de\/erfolgstraining-die-zunehmende-nachfrage-nach-menschlichen-faehigkeiten\/#primaryimage"},"image":{"@id":"https:\/\/audiologyblog.phonakpro.com\/de\/erfolgstraining-die-zunehmende-nachfrage-nach-menschlichen-faehigkeiten\/#primaryimage"},"thumbnailUrl":"https:\/\/audiologyblog.phonakpro.com\/wp-content\/uploads\/2017\/06\/artificial-intelligence-2228610.jpg","datePublished":"2017-09-18T12:33:45+00:00","dateModified":"2017-10-12T08:24:15+00:00","breadcrumb":{"@id":"https:\/\/audiologyblog.phonakpro.com\/de\/erfolgstraining-die-zunehmende-nachfrage-nach-menschlichen-faehigkeiten\/#breadcrumb"},"inLanguage":"de","potentialAction":[{"@type":"ReadAction","target":["https:\/\/audiologyblog.phonakpro.com\/de\/erfolgstraining-die-zunehmende-nachfrage-nach-menschlichen-faehigkeiten\/"]}]},{"@type":"ImageObject","inLanguage":"de","@id":"https:\/\/audiologyblog.phonakpro.com\/de\/erfolgstraining-die-zunehmende-nachfrage-nach-menschlichen-faehigkeiten\/#primaryimage","url":"https:\/\/audiologyblog.phonakpro.com\/wp-content\/uploads\/2017\/06\/artificial-intelligence-2228610.jpg","contentUrl":"https:\/\/audiologyblog.phonakpro.com\/wp-content\/uploads\/2017\/06\/artificial-intelligence-2228610.jpg","width":2048,"height":1281},{"@type":"BreadcrumbList","@id":"https:\/\/audiologyblog.phonakpro.com\/de\/erfolgstraining-die-zunehmende-nachfrage-nach-menschlichen-faehigkeiten\/#breadcrumb","itemListElement":[{"@type":"ListItem","position":1,"name":"Home","item":"https:\/\/audiologyblog.phonakpro.com\/de\/"},{"@type":"ListItem","position":2,"name":"Erfolgstraining: Die zunehmende Nachfrage nach menschlichen F\u00e4higkeiten"}]},{"@type":"WebSite","@id":"https:\/\/audiologyblog.phonakpro.com\/#website","url":"https:\/\/audiologyblog.phonakpro.com\/","name":"Phonak Audiology Blog - Phonak Pro - life is on","description":"1The Phonak Audiology Blog presents audiological topics, research and hearing technology updates from experts at Phonak and across the hearing industry.","publisher":{"@id":"https:\/\/audiologyblog.phonakpro.com\/#organization"},"potentialAction":[{"@type":"SearchAction","target":{"@type":"EntryPoint","urlTemplate":"https:\/\/audiologyblog.phonakpro.com\/?s={search_term_string}"},"query-input":{"@type":"PropertyValueSpecification","valueRequired":true,"valueName":"search_term_string"}}],"inLanguage":"de"},{"@type":"Organization","@id":"https:\/\/audiologyblog.phonakpro.com\/#organization","name":"Phonak Audiology Blog - Phonak Pro - life is on","url":"https:\/\/audiologyblog.phonakpro.com\/","logo":{"@type":"ImageObject","inLanguage":"de","@id":"https:\/\/audiologyblog.phonakpro.com\/#\/schema\/logo\/image\/","url":"https:\/\/audiologyblog.phonakpro.com\/wp-content\/uploads\/2016\/09\/Logo_Phonak_life_is_on_pos_RGB_300dpi.jpg","contentUrl":"https:\/\/audiologyblog.phonakpro.com\/wp-content\/uploads\/2016\/09\/Logo_Phonak_life_is_on_pos_RGB_300dpi.jpg","width":1630,"height":863,"caption":"Phonak Audiology Blog - Phonak Pro - life is on"},"image":{"@id":"https:\/\/audiologyblog.phonakpro.com\/#\/schema\/logo\/image\/"},"sameAs":["https:\/\/www.facebook.com\/phonak","https:\/\/x.com\/phonak","https:\/\/www.instagram.com\/phonak","https:\/\/www.linkedin.com\/company\/phonak","https:\/\/www.youtube.com\/c\/phonak"]},{"@type":"Person","@id":"https:\/\/audiologyblog.phonakpro.com\/#\/schema\/person\/d38776decc803dbaa54f491eaf212358","name":"Paola Rattu","description":"Paola Rattu, PhD, has a wide educational background in social sciences, geography and instructional design. After working in academia, she joined Phonak in 2016 as instructional designer inside the Learning and Development team. In her current role, she supports the creation of trainings and manages Phonak Learning.","url":"https:\/\/audiologyblog.phonakpro.com\/de\/author\/paola-rattu\/"}]}},"_links":{"self":[{"href":"https:\/\/audiologyblog.phonakpro.com\/de\/wp-json\/wp\/v2\/posts\/3039","targetHints":{"allow":["GET"]}}],"collection":[{"href":"https:\/\/audiologyblog.phonakpro.com\/de\/wp-json\/wp\/v2\/posts"}],"about":[{"href":"https:\/\/audiologyblog.phonakpro.com\/de\/wp-json\/wp\/v2\/types\/post"}],"author":[{"embeddable":true,"href":"https:\/\/audiologyblog.phonakpro.com\/de\/wp-json\/wp\/v2\/users\/46"}],"replies":[{"embeddable":true,"href":"https:\/\/audiologyblog.phonakpro.com\/de\/wp-json\/wp\/v2\/comments?post=3039"}],"version-history":[{"count":2,"href":"https:\/\/audiologyblog.phonakpro.com\/de\/wp-json\/wp\/v2\/posts\/3039\/revisions"}],"predecessor-version":[{"id":3108,"href":"https:\/\/audiologyblog.phonakpro.com\/de\/wp-json\/wp\/v2\/posts\/3039\/revisions\/3108"}],"wp:featuredmedia":[{"embeddable":true,"href":"https:\/\/audiologyblog.phonakpro.com\/de\/wp-json\/wp\/v2\/media\/2865"}],"wp:attachment":[{"href":"https:\/\/audiologyblog.phonakpro.com\/de\/wp-json\/wp\/v2\/media?parent=3039"}],"wp:term":[{"taxonomy":"category","embeddable":true,"href":"https:\/\/audiologyblog.phonakpro.com\/de\/wp-json\/wp\/v2\/categories?post=3039"},{"taxonomy":"post_tag","embeddable":true,"href":"https:\/\/audiologyblog.phonakpro.com\/de\/wp-json\/wp\/v2\/tags?post=3039"}],"curies":[{"name":"wp","href":"https:\/\/api.w.org\/{rel}","templated":true}]}}