{"id":3035,"date":"2017-10-06T10:02:22","date_gmt":"2017-10-06T08:02:22","guid":{"rendered":"https:\/\/audiologyblog.phonakpro.com\/?p=3035"},"modified":"2017-10-18T11:58:01","modified_gmt":"2017-10-18T09:58:01","slug":"richtmikrofone-gehen-wir-in-die-richtige-richtung","status":"publish","type":"post","link":"https:\/\/audiologyblog.phonakpro.com\/de\/richtmikrofone-gehen-wir-in-die-richtige-richtung\/","title":{"rendered":"Richtmikrofone: Gehen wir in die richtige Richtung?"},"content":{"rendered":"<h2><strong>Was wir bisher \u00fcber Richtmikrofone wissen<\/strong><\/h2>\n<p>F\u00fcr Menschen mit H\u00f6rverlust stellt das Verstehen von Sprache in einer komplexen H\u00f6rumgebung (Restaurant, gesellschaftliche Veranstaltung, Auto etc.) eine der gr\u00f6\u00dften Herausforderungen dar. Richtmikrofone erm\u00f6glichen eine signifikant bessere Sprachverst\u00e4ndlichkeit bei Hintergrundger\u00e4uschen.<\/p>\n<p>Als H\u00f6rakustiker wissen wir, dass Richtmikrofone von vorn kommende Signale fokussieren, w\u00e4hrend sie von hinten kommende Signale d\u00e4mpfen. Richtmikrofone k\u00f6nnen im Wesentlichen auf zwei Arten in H\u00f6rger\u00e4ten eingesetzt werden: Entweder in Form von zwei Mikrofonen in einem H\u00f6rger\u00e4t (z.B. <a href=\"https:\/\/www.phonakpro.com\/com\/en\/products\/hearing-aids\/audeo-b\/features-audeo-b.html\">Phonak UltraZoom<\/a>) oder in einem Netzwerk aus zwei H\u00f6rger\u00e4ten und vier Mikrofonen, um einen engeren Fokus zu bilden (z.B. <a href=\"https:\/\/www.phonakpro.com\/com\/en\/products\/hearing-aids\/audeo-b\/features-audeo-b.html\">Phonak StereoZoom<\/a>). Die meisten Richtmikrofonsysteme bieten im Schnitt eine Verbesserung des Signal-Rausch-Abstandes (Signal-to-noise-ratio; SNR) um vier bis f\u00fcnf dB, Systeme mit noch engerem Fokus eine noch st\u00e4rkere D\u00e4mpfung.<\/p>\n<p>Heute sind Richtmikrofone neben Wireless-Mikrofonen, wie FM- und Roger-Systemen, der Standard zur Verbesserung der Sprachverst\u00e4ndlichkeit im St\u00f6rger\u00e4usch. Gleichzeitig weisen Richtmikrofone jedoch auch ihre ganz eigenen Schwierigkeiten auf.<\/p>\n<h2><strong>Was wir bisher noch nicht ausreichend ber\u00fccksichtigt haben<\/strong><\/h2>\n<p>Von der Mikrofonpositionierung, oder anders gesagt, vom Neigungswinkel eines H\u00f6rger\u00e4temikrofons h\u00e4ngt es wesentlich ab, ob der SNR verbessert werden kann. Daher ist dies ein Aspekt, den Hersteller bei der H\u00f6rger\u00e4teentwicklung ber\u00fccksichtigen. Der Neigungswinkel eines Mikrofons ist aber auch davon abh\u00e4ngig, in welchem Winkel das H\u00f6rger\u00e4t am individuellen Ohr platziert wird, wie in Abbildung 1 zu sehen ist.<\/p>\n<figure id=\"attachment_2118\" aria-describedby=\"caption-attachment-2118\" style=\"width: 568px\" class=\"wp-caption aligncenter\"><img loading=\"lazy\" decoding=\"async\" class=\"wp-image-2841\" src=\"https:\/\/audiologyblog.phonakpro.com\/wp-content\/uploads\/2017\/05\/Distribution_LauraFels-1135x1024.jpg\" alt=\"\" width=\"568\" height=\"512\" srcset=\"https:\/\/audiologyblog.phonakpro.com\/wp-content\/uploads\/2017\/05\/Distribution_LauraFels-1135x1024.jpg 1135w, https:\/\/audiologyblog.phonakpro.com\/wp-content\/uploads\/2017\/05\/Distribution_LauraFels-582x525.jpg 582w, https:\/\/audiologyblog.phonakpro.com\/wp-content\/uploads\/2017\/05\/Distribution_LauraFels-310x280.jpg 310w, https:\/\/audiologyblog.phonakpro.com\/wp-content\/uploads\/2017\/05\/Distribution_LauraFels.jpg 1314w\" sizes=\"auto, (max-width: 568px) 100vw, 568px\" \/><figcaption id=\"caption-attachment-2118\" class=\"wp-caption-text\">Figure 1. Distribution of tilt angle for BTE and RIC hearing aid styles.<\/figcaption><\/figure>\n<p><strong>\u00a0 <\/strong><\/p>\n<h2><strong>Warum ist das wichtig?<\/strong><\/h2>\n<p>Ist ein H\u00f6rger\u00e4t nicht richtig angepasst, kann das die Richtwirkung der Mikrofone beeinflussen. <em>Wie kommt das?<\/em> Eine \u00c4nderung des Neigungswinkels wirkt sich direkt auf den Direktivit\u00e4tsindex (DI) aus, einer direktionalen Kenngr\u00f6\u00dfe, die angibt, wie gut der Beamformer den Schall d\u00e4mpft, der aus Nichtzielrichtungen kommt. Der DI-Wert korreliert mit dem Signal-Rausch-Abstand (SNR) in diffusem St\u00f6rschall (z.B. im Restaurant), sodass sich eine \u00c4nderung des Neigungswinkels auf die Sprachverst\u00e4ndlichkeit im diffusen St\u00f6rschall auswirken kann.<\/p>\n<p><em>Welche Faktoren wirken sich auf den Neigungswinkel aus?<\/em> Die Kopfposition des H\u00f6rger\u00e4tetr\u00e4gers muss ber\u00fccksichtigt werden. M\u00f6glicherweise passen die Mikrofone nicht optimal zu den Ohren des H\u00f6rger\u00e4tetr\u00e4gers. Zum Beispiel, weil der Kunde ein von der Norm abweichendes Au\u00dfenohr hat, aufgrund einer Kollagenst\u00f6rung oder eines syndromischen H\u00f6rverlusts, verursacht durch das Down-Syndrom oder das Treacher-Collins-Syndrom oder aufgrund einer Erkrankung, die die Haltung beeintr\u00e4chtigt. Zudem kann auch die falsche L\u00e4nge des Schallschlauchs bzw. des externen H\u00f6rers zu einer falschen Mikrofonposition f\u00fchren.<\/p>\n<h2><strong>Was k\u00f6nnen wir tun?<\/strong><\/h2>\n<p><em>Wie k\u00f6nnen wir den Neigungswinkel \u00e4ndern?<\/em> Um eine optimale Mikrofonposition sicherzustellen, sollten stets die Messwerkzeuge und die Messregeln des jeweiligen Herstellers angewandt werden. In Abbildung 2 ist die richtige H\u00f6rerl\u00e4nge in Bezug auf die horizontale Ebene dargestellt.<\/p>\n<p>&nbsp;<\/p>\n<figure id=\"attachment_2119\" aria-describedby=\"caption-attachment-2119\" style=\"width: 595px\" class=\"wp-caption aligncenter\"><img loading=\"lazy\" decoding=\"async\" class=\"wp-image-2842\" src=\"https:\/\/audiologyblog.phonakpro.com\/wp-content\/uploads\/2017\/05\/all3ears-1190x670.jpg\" alt=\"\" width=\"595\" height=\"335\" srcset=\"https:\/\/audiologyblog.phonakpro.com\/wp-content\/uploads\/2017\/05\/all3ears-1190x670.jpg 1190w, https:\/\/audiologyblog.phonakpro.com\/wp-content\/uploads\/2017\/05\/all3ears-582x328.jpg 582w, https:\/\/audiologyblog.phonakpro.com\/wp-content\/uploads\/2017\/05\/all3ears-1536x865.jpg 1536w, https:\/\/audiologyblog.phonakpro.com\/wp-content\/uploads\/2017\/05\/all3ears-310x175.jpg 310w, https:\/\/audiologyblog.phonakpro.com\/wp-content\/uploads\/2017\/05\/all3ears-400x225.jpg 400w, https:\/\/audiologyblog.phonakpro.com\/wp-content\/uploads\/2017\/05\/all3ears.jpg 2048w\" sizes=\"auto, (max-width: 595px) 100vw, 595px\" \/><figcaption id=\"caption-attachment-2119\" class=\"wp-caption-text\"><em>Abbildung 2. Unterschiede bei der Mikrofonorientierung in einem Ohr, das einen H\u00f6rer der Gr\u00f6\u00dfe 1 ben\u00f6tigt. Links: H\u00f6rer ist zu kurz (Gr\u00f6\u00dfe 0); Mitte: Richtige H\u00f6rerl\u00e4nge (Gr\u00f6\u00dfe 1); Rechts: H\u00f6rer ist zu lang (Gr\u00f6\u00dfe 2); Linie: Horizontalebene<\/em><\/figcaption><\/figure>\n<p><em>Was ist, wenn der Kunde eine Zwischenl\u00e4nge ben\u00f6tigt?\u00a0<\/em>Manchmal kann es sein, dass der Kunde eine Zwischenl\u00e4nge ben\u00f6tigt, weil die kleinere Gr\u00f6\u00dfe zu klein ist und Beschwerden verursacht und der gr\u00f6\u00dfere H\u00f6rer zu lang ist, sodass es Probleme mit dem Halt geben kann. In diesem Fall kann ein ma\u00dfgefertigtes Ohrpassst\u00fcck mit \u00a0integriertem H\u00f6rer (z.B. Phonak cShell) die richtige L\u00f6sung sein. Ein integrierter H\u00f6rer erm\u00f6glicht eine optimale Platzierung im Geh\u00f6rgang, da sich die Form des H\u00f6rers, anders als bei einem Dome, an die Form des individuellen Geh\u00f6rgangs anpasst.<\/p>\n<p><em>Was ist noch zu empfehlen? <\/em>Kl\u00e4ren Sie Ihre Kunden und deren Familien und Angeh\u00f6rigen dar\u00fcber auf, wie sie am besten von der Richtmikrofontechnologie profitieren k\u00f6nnen. Zeigen Sie ihnen, in welcher Position der Patient am besten h\u00f6rt (z.B. St\u00f6rschall hinter dem Kunden und Nutzsignal direkt vor ihm).<\/p>\n<p>Vergessen Sie nicht, dass wir als H\u00f6rakustiker unseren Kunden das bestm\u00f6gliche H\u00f6ren bieten m\u00f6chten. Zu diesem Zweck m\u00fcssen wir \u00fcber aktuelle technologische Entwicklungen und Anpassungsmethoden informiert sein und unsere Kunden bef\u00e4higen, sich selbst helfen zu k\u00f6nnen.<\/p>\n","protected":false},"excerpt":{"rendered":"<p>Wie sich die Mikrofonausrichtung auf die Sprachverst\u00e4ndlichkeit im St\u00f6rschall auswirken kann<\/p>\n","protected":false},"author":40,"featured_media":2846,"comment_status":"closed","ping_status":"closed","sticky":false,"template":"","format":"standard","meta":{"footnotes":""},"categories":[12],"tags":[],"class_list":["post-3035","post","type-post","status-publish","format-standard","has-post-thumbnail","hentry","category-aus-der-praxis"],"acf":[],"yoast_head":"<!-- This site is optimized with the Yoast SEO plugin v25.9 - https:\/\/yoast.com\/wordpress\/plugins\/seo\/ -->\n<title>Richtmikrofone: Gehen wir in die richtige Richtung? | Audiology Blog<\/title>\n<meta name=\"robots\" content=\"index, follow, max-snippet:-1, max-image-preview:large, max-video-preview:-1\" \/>\n<link rel=\"canonical\" href=\"https:\/\/audiologyblog.phonakpro.com\/de\/richtmikrofone-gehen-wir-in-die-richtige-richtung\/\" \/>\n<meta property=\"og:locale\" content=\"de_DE\" \/>\n<meta property=\"og:type\" content=\"article\" \/>\n<meta property=\"og:title\" content=\"Richtmikrofone: Gehen wir in die richtige Richtung? | Audiology Blog\" \/>\n<meta property=\"og:description\" content=\"Wie sich die Mikrofonausrichtung auf die Sprachverst\u00e4ndlichkeit im St\u00f6rschall auswirken kann\" \/>\n<meta property=\"og:url\" content=\"https:\/\/audiologyblog.phonakpro.com\/de\/richtmikrofone-gehen-wir-in-die-richtige-richtung\/\" \/>\n<meta property=\"og:site_name\" content=\"Phonak Audiology Blog - Phonak Pro - life is on\" \/>\n<meta property=\"article:publisher\" content=\"https:\/\/www.facebook.com\/phonak\" \/>\n<meta property=\"article:published_time\" content=\"2017-10-06T08:02:22+00:00\" \/>\n<meta property=\"article:modified_time\" content=\"2017-10-18T09:58:01+00:00\" \/>\n<meta property=\"og:image\" content=\"https:\/\/audiologyblog.phonakpro.com\/wp-content\/uploads\/2017\/05\/compass.jpg\" \/>\n\t<meta property=\"og:image:width\" content=\"2048\" \/>\n\t<meta property=\"og:image:height\" content=\"1365\" \/>\n\t<meta property=\"og:image:type\" content=\"image\/jpeg\" \/>\n<meta name=\"author\" content=\"Laura Fels\" \/>\n<meta name=\"twitter:card\" content=\"summary_large_image\" \/>\n<meta name=\"twitter:creator\" content=\"@phonak\" \/>\n<meta name=\"twitter:site\" content=\"@phonak\" \/>\n<meta name=\"twitter:label1\" content=\"Verfasst von\" \/>\n\t<meta name=\"twitter:data1\" content=\"Laura Fels\" \/>\n\t<meta name=\"twitter:label2\" content=\"Gesch\u00e4tzte Lesezeit\" \/>\n\t<meta name=\"twitter:data2\" content=\"4\u00a0Minuten\" \/>\n<script type=\"application\/ld+json\" class=\"yoast-schema-graph\">{\"@context\":\"https:\/\/schema.org\",\"@graph\":[{\"@type\":\"Article\",\"@id\":\"https:\/\/audiologyblog.phonakpro.com\/de\/richtmikrofone-gehen-wir-in-die-richtige-richtung\/#article\",\"isPartOf\":{\"@id\":\"https:\/\/audiologyblog.phonakpro.com\/de\/richtmikrofone-gehen-wir-in-die-richtige-richtung\/\"},\"author\":{\"name\":\"Laura Fels\",\"@id\":\"https:\/\/audiologyblog.phonakpro.com\/#\/schema\/person\/6b9583ae31abd8fcb234c4782e535c2c\"},\"headline\":\"Richtmikrofone: Gehen wir in die richtige Richtung?\",\"datePublished\":\"2017-10-06T08:02:22+00:00\",\"dateModified\":\"2017-10-18T09:58:01+00:00\",\"mainEntityOfPage\":{\"@id\":\"https:\/\/audiologyblog.phonakpro.com\/de\/richtmikrofone-gehen-wir-in-die-richtige-richtung\/\"},\"wordCount\":745,\"publisher\":{\"@id\":\"https:\/\/audiologyblog.phonakpro.com\/#organization\"},\"image\":{\"@id\":\"https:\/\/audiologyblog.phonakpro.com\/de\/richtmikrofone-gehen-wir-in-die-richtige-richtung\/#primaryimage\"},\"thumbnailUrl\":\"https:\/\/audiologyblog.phonakpro.com\/wp-content\/uploads\/2017\/05\/compass.jpg\",\"articleSection\":[\"Aus der Praxis\"],\"inLanguage\":\"de\"},{\"@type\":\"WebPage\",\"@id\":\"https:\/\/audiologyblog.phonakpro.com\/de\/richtmikrofone-gehen-wir-in-die-richtige-richtung\/\",\"url\":\"https:\/\/audiologyblog.phonakpro.com\/de\/richtmikrofone-gehen-wir-in-die-richtige-richtung\/\",\"name\":\"Richtmikrofone: Gehen wir in die richtige Richtung? | Audiology Blog\",\"isPartOf\":{\"@id\":\"https:\/\/audiologyblog.phonakpro.com\/#website\"},\"primaryImageOfPage\":{\"@id\":\"https:\/\/audiologyblog.phonakpro.com\/de\/richtmikrofone-gehen-wir-in-die-richtige-richtung\/#primaryimage\"},\"image\":{\"@id\":\"https:\/\/audiologyblog.phonakpro.com\/de\/richtmikrofone-gehen-wir-in-die-richtige-richtung\/#primaryimage\"},\"thumbnailUrl\":\"https:\/\/audiologyblog.phonakpro.com\/wp-content\/uploads\/2017\/05\/compass.jpg\",\"datePublished\":\"2017-10-06T08:02:22+00:00\",\"dateModified\":\"2017-10-18T09:58:01+00:00\",\"breadcrumb\":{\"@id\":\"https:\/\/audiologyblog.phonakpro.com\/de\/richtmikrofone-gehen-wir-in-die-richtige-richtung\/#breadcrumb\"},\"inLanguage\":\"de\",\"potentialAction\":[{\"@type\":\"ReadAction\",\"target\":[\"https:\/\/audiologyblog.phonakpro.com\/de\/richtmikrofone-gehen-wir-in-die-richtige-richtung\/\"]}]},{\"@type\":\"ImageObject\",\"inLanguage\":\"de\",\"@id\":\"https:\/\/audiologyblog.phonakpro.com\/de\/richtmikrofone-gehen-wir-in-die-richtige-richtung\/#primaryimage\",\"url\":\"https:\/\/audiologyblog.phonakpro.com\/wp-content\/uploads\/2017\/05\/compass.jpg\",\"contentUrl\":\"https:\/\/audiologyblog.phonakpro.com\/wp-content\/uploads\/2017\/05\/compass.jpg\",\"width\":2048,\"height\":1365,\"caption\":\"Close up of silver compass on light surface. Adventure concept. 3D Rendering\"},{\"@type\":\"BreadcrumbList\",\"@id\":\"https:\/\/audiologyblog.phonakpro.com\/de\/richtmikrofone-gehen-wir-in-die-richtige-richtung\/#breadcrumb\",\"itemListElement\":[{\"@type\":\"ListItem\",\"position\":1,\"name\":\"Home\",\"item\":\"https:\/\/audiologyblog.phonakpro.com\/de\/\"},{\"@type\":\"ListItem\",\"position\":2,\"name\":\"Richtmikrofone: Gehen wir in die richtige Richtung?\"}]},{\"@type\":\"WebSite\",\"@id\":\"https:\/\/audiologyblog.phonakpro.com\/#website\",\"url\":\"https:\/\/audiologyblog.phonakpro.com\/\",\"name\":\"Phonak Audiology Blog - Phonak Pro - life is on\",\"description\":\"1The Phonak Audiology Blog presents audiological topics, research and hearing technology updates from experts at Phonak and across the hearing industry.\",\"publisher\":{\"@id\":\"https:\/\/audiologyblog.phonakpro.com\/#organization\"},\"potentialAction\":[{\"@type\":\"SearchAction\",\"target\":{\"@type\":\"EntryPoint\",\"urlTemplate\":\"https:\/\/audiologyblog.phonakpro.com\/?s={search_term_string}\"},\"query-input\":{\"@type\":\"PropertyValueSpecification\",\"valueRequired\":true,\"valueName\":\"search_term_string\"}}],\"inLanguage\":\"de\"},{\"@type\":\"Organization\",\"@id\":\"https:\/\/audiologyblog.phonakpro.com\/#organization\",\"name\":\"Phonak Audiology Blog - Phonak Pro - life is on\",\"url\":\"https:\/\/audiologyblog.phonakpro.com\/\",\"logo\":{\"@type\":\"ImageObject\",\"inLanguage\":\"de\",\"@id\":\"https:\/\/audiologyblog.phonakpro.com\/#\/schema\/logo\/image\/\",\"url\":\"https:\/\/audiologyblog.phonakpro.com\/wp-content\/uploads\/2016\/09\/Logo_Phonak_life_is_on_pos_RGB_300dpi.jpg\",\"contentUrl\":\"https:\/\/audiologyblog.phonakpro.com\/wp-content\/uploads\/2016\/09\/Logo_Phonak_life_is_on_pos_RGB_300dpi.jpg\",\"width\":1630,\"height\":863,\"caption\":\"Phonak Audiology Blog - Phonak Pro - life is on\"},\"image\":{\"@id\":\"https:\/\/audiologyblog.phonakpro.com\/#\/schema\/logo\/image\/\"},\"sameAs\":[\"https:\/\/www.facebook.com\/phonak\",\"https:\/\/x.com\/phonak\",\"https:\/\/www.instagram.com\/phonak\",\"https:\/\/www.linkedin.com\/company\/phonak\",\"https:\/\/www.youtube.com\/c\/phonak\"]},{\"@type\":\"Person\",\"@id\":\"https:\/\/audiologyblog.phonakpro.com\/#\/schema\/person\/6b9583ae31abd8fcb234c4782e535c2c\",\"name\":\"Laura Fels\",\"description\":\"Laura joined Sonova in 2016 for a one-year formal development program where she worked at Advanced Bionics, Connect Hearing, and Phonak. Prior to her present role, she worked on the Pediatric Team as the Pediatric Audiology Manager. Laura received her Doctorate of Audiology from Vanderbilt University School of Medicine.\",\"url\":\"https:\/\/audiologyblog.phonakpro.com\/de\/author\/laura-fels\/\"}]}<\/script>\n<!-- \/ Yoast SEO plugin. -->","yoast_head_json":{"title":"Richtmikrofone: Gehen wir in die richtige Richtung? | Audiology Blog","robots":{"index":"index","follow":"follow","max-snippet":"max-snippet:-1","max-image-preview":"max-image-preview:large","max-video-preview":"max-video-preview:-1"},"canonical":"https:\/\/audiologyblog.phonakpro.com\/de\/richtmikrofone-gehen-wir-in-die-richtige-richtung\/","og_locale":"de_DE","og_type":"article","og_title":"Richtmikrofone: Gehen wir in die richtige Richtung? | Audiology Blog","og_description":"Wie sich die Mikrofonausrichtung auf die Sprachverst\u00e4ndlichkeit im St\u00f6rschall auswirken kann","og_url":"https:\/\/audiologyblog.phonakpro.com\/de\/richtmikrofone-gehen-wir-in-die-richtige-richtung\/","og_site_name":"Phonak Audiology Blog - Phonak Pro - life is on","article_publisher":"https:\/\/www.facebook.com\/phonak","article_published_time":"2017-10-06T08:02:22+00:00","article_modified_time":"2017-10-18T09:58:01+00:00","og_image":[{"width":2048,"height":1365,"url":"https:\/\/audiologyblog.phonakpro.com\/wp-content\/uploads\/2017\/05\/compass.jpg","type":"image\/jpeg"}],"author":"Laura Fels","twitter_card":"summary_large_image","twitter_creator":"@phonak","twitter_site":"@phonak","twitter_misc":{"Verfasst von":"Laura Fels","Gesch\u00e4tzte Lesezeit":"4\u00a0Minuten"},"schema":{"@context":"https:\/\/schema.org","@graph":[{"@type":"Article","@id":"https:\/\/audiologyblog.phonakpro.com\/de\/richtmikrofone-gehen-wir-in-die-richtige-richtung\/#article","isPartOf":{"@id":"https:\/\/audiologyblog.phonakpro.com\/de\/richtmikrofone-gehen-wir-in-die-richtige-richtung\/"},"author":{"name":"Laura Fels","@id":"https:\/\/audiologyblog.phonakpro.com\/#\/schema\/person\/6b9583ae31abd8fcb234c4782e535c2c"},"headline":"Richtmikrofone: Gehen wir in die richtige Richtung?","datePublished":"2017-10-06T08:02:22+00:00","dateModified":"2017-10-18T09:58:01+00:00","mainEntityOfPage":{"@id":"https:\/\/audiologyblog.phonakpro.com\/de\/richtmikrofone-gehen-wir-in-die-richtige-richtung\/"},"wordCount":745,"publisher":{"@id":"https:\/\/audiologyblog.phonakpro.com\/#organization"},"image":{"@id":"https:\/\/audiologyblog.phonakpro.com\/de\/richtmikrofone-gehen-wir-in-die-richtige-richtung\/#primaryimage"},"thumbnailUrl":"https:\/\/audiologyblog.phonakpro.com\/wp-content\/uploads\/2017\/05\/compass.jpg","articleSection":["Aus der Praxis"],"inLanguage":"de"},{"@type":"WebPage","@id":"https:\/\/audiologyblog.phonakpro.com\/de\/richtmikrofone-gehen-wir-in-die-richtige-richtung\/","url":"https:\/\/audiologyblog.phonakpro.com\/de\/richtmikrofone-gehen-wir-in-die-richtige-richtung\/","name":"Richtmikrofone: Gehen wir in die richtige Richtung? | Audiology Blog","isPartOf":{"@id":"https:\/\/audiologyblog.phonakpro.com\/#website"},"primaryImageOfPage":{"@id":"https:\/\/audiologyblog.phonakpro.com\/de\/richtmikrofone-gehen-wir-in-die-richtige-richtung\/#primaryimage"},"image":{"@id":"https:\/\/audiologyblog.phonakpro.com\/de\/richtmikrofone-gehen-wir-in-die-richtige-richtung\/#primaryimage"},"thumbnailUrl":"https:\/\/audiologyblog.phonakpro.com\/wp-content\/uploads\/2017\/05\/compass.jpg","datePublished":"2017-10-06T08:02:22+00:00","dateModified":"2017-10-18T09:58:01+00:00","breadcrumb":{"@id":"https:\/\/audiologyblog.phonakpro.com\/de\/richtmikrofone-gehen-wir-in-die-richtige-richtung\/#breadcrumb"},"inLanguage":"de","potentialAction":[{"@type":"ReadAction","target":["https:\/\/audiologyblog.phonakpro.com\/de\/richtmikrofone-gehen-wir-in-die-richtige-richtung\/"]}]},{"@type":"ImageObject","inLanguage":"de","@id":"https:\/\/audiologyblog.phonakpro.com\/de\/richtmikrofone-gehen-wir-in-die-richtige-richtung\/#primaryimage","url":"https:\/\/audiologyblog.phonakpro.com\/wp-content\/uploads\/2017\/05\/compass.jpg","contentUrl":"https:\/\/audiologyblog.phonakpro.com\/wp-content\/uploads\/2017\/05\/compass.jpg","width":2048,"height":1365,"caption":"Close up of silver compass on light surface. Adventure concept. 3D Rendering"},{"@type":"BreadcrumbList","@id":"https:\/\/audiologyblog.phonakpro.com\/de\/richtmikrofone-gehen-wir-in-die-richtige-richtung\/#breadcrumb","itemListElement":[{"@type":"ListItem","position":1,"name":"Home","item":"https:\/\/audiologyblog.phonakpro.com\/de\/"},{"@type":"ListItem","position":2,"name":"Richtmikrofone: Gehen wir in die richtige Richtung?"}]},{"@type":"WebSite","@id":"https:\/\/audiologyblog.phonakpro.com\/#website","url":"https:\/\/audiologyblog.phonakpro.com\/","name":"Phonak Audiology Blog - Phonak Pro - life is on","description":"1The Phonak Audiology Blog presents audiological topics, research and hearing technology updates from experts at Phonak and across the hearing industry.","publisher":{"@id":"https:\/\/audiologyblog.phonakpro.com\/#organization"},"potentialAction":[{"@type":"SearchAction","target":{"@type":"EntryPoint","urlTemplate":"https:\/\/audiologyblog.phonakpro.com\/?s={search_term_string}"},"query-input":{"@type":"PropertyValueSpecification","valueRequired":true,"valueName":"search_term_string"}}],"inLanguage":"de"},{"@type":"Organization","@id":"https:\/\/audiologyblog.phonakpro.com\/#organization","name":"Phonak Audiology Blog - Phonak Pro - life is on","url":"https:\/\/audiologyblog.phonakpro.com\/","logo":{"@type":"ImageObject","inLanguage":"de","@id":"https:\/\/audiologyblog.phonakpro.com\/#\/schema\/logo\/image\/","url":"https:\/\/audiologyblog.phonakpro.com\/wp-content\/uploads\/2016\/09\/Logo_Phonak_life_is_on_pos_RGB_300dpi.jpg","contentUrl":"https:\/\/audiologyblog.phonakpro.com\/wp-content\/uploads\/2016\/09\/Logo_Phonak_life_is_on_pos_RGB_300dpi.jpg","width":1630,"height":863,"caption":"Phonak Audiology Blog - Phonak Pro - life is on"},"image":{"@id":"https:\/\/audiologyblog.phonakpro.com\/#\/schema\/logo\/image\/"},"sameAs":["https:\/\/www.facebook.com\/phonak","https:\/\/x.com\/phonak","https:\/\/www.instagram.com\/phonak","https:\/\/www.linkedin.com\/company\/phonak","https:\/\/www.youtube.com\/c\/phonak"]},{"@type":"Person","@id":"https:\/\/audiologyblog.phonakpro.com\/#\/schema\/person\/6b9583ae31abd8fcb234c4782e535c2c","name":"Laura Fels","description":"Laura joined Sonova in 2016 for a one-year formal development program where she worked at Advanced Bionics, Connect Hearing, and Phonak. Prior to her present role, she worked on the Pediatric Team as the Pediatric Audiology Manager. Laura received her Doctorate of Audiology from Vanderbilt University School of Medicine.","url":"https:\/\/audiologyblog.phonakpro.com\/de\/author\/laura-fels\/"}]}},"_links":{"self":[{"href":"https:\/\/audiologyblog.phonakpro.com\/de\/wp-json\/wp\/v2\/posts\/3035","targetHints":{"allow":["GET"]}}],"collection":[{"href":"https:\/\/audiologyblog.phonakpro.com\/de\/wp-json\/wp\/v2\/posts"}],"about":[{"href":"https:\/\/audiologyblog.phonakpro.com\/de\/wp-json\/wp\/v2\/types\/post"}],"author":[{"embeddable":true,"href":"https:\/\/audiologyblog.phonakpro.com\/de\/wp-json\/wp\/v2\/users\/40"}],"replies":[{"embeddable":true,"href":"https:\/\/audiologyblog.phonakpro.com\/de\/wp-json\/wp\/v2\/comments?post=3035"}],"version-history":[{"count":4,"href":"https:\/\/audiologyblog.phonakpro.com\/de\/wp-json\/wp\/v2\/posts\/3035\/revisions"}],"predecessor-version":[{"id":3142,"href":"https:\/\/audiologyblog.phonakpro.com\/de\/wp-json\/wp\/v2\/posts\/3035\/revisions\/3142"}],"wp:featuredmedia":[{"embeddable":true,"href":"https:\/\/audiologyblog.phonakpro.com\/de\/wp-json\/wp\/v2\/media\/2846"}],"wp:attachment":[{"href":"https:\/\/audiologyblog.phonakpro.com\/de\/wp-json\/wp\/v2\/media?parent=3035"}],"wp:term":[{"taxonomy":"category","embeddable":true,"href":"https:\/\/audiologyblog.phonakpro.com\/de\/wp-json\/wp\/v2\/categories?post=3035"},{"taxonomy":"post_tag","embeddable":true,"href":"https:\/\/audiologyblog.phonakpro.com\/de\/wp-json\/wp\/v2\/tags?post=3035"}],"curies":[{"name":"wp","href":"https:\/\/api.w.org\/{rel}","templated":true}]}}