{"id":29071,"date":"2020-04-29T16:12:27","date_gmt":"2020-04-29T14:12:27","guid":{"rendered":"https:\/\/audiologyblog.phonakpro.com\/?p=29071"},"modified":"2021-10-05T09:49:30","modified_gmt":"2021-10-05T07:49:30","slug":"live-keynote-esolutions","status":"publish","type":"post","link":"https:\/\/audiologyblog.phonakpro.com\/de\/live-keynote-esolutions\/","title":{"rendered":"Live-Keynote mit eSolutions Director Marike Carstens"},"content":{"rendered":"<p style=\"text-align: left;\"><strong>Das neue eSolutions-Programm f\u00fcr Ihren Gesch\u00e4ftserfolg<\/strong><\/p>\n<p>Wir haben eine L\u00f6sung f\u00fcr Ihre Kunden entwickelt, die in Zeiten von Corona nicht in Ihr Fachgesch\u00e4ft kommen m\u00f6chten. Mit dem neu entwickelten eSolutions Programm k\u00f6nnen Sie Kunden \u00fcber Distanz versorgen, die sich mit Phonak Marvel in Ausprobe befinden oder von denen Sie ein g\u00fcltiges Audiogramm haben und die mit Phonak Marvel starten m\u00f6chten. In K\u00fcrze wird auch AudiogramDirect f\u00fcr den RemoteSupport bereit stehen.<\/p>\n<p>Nutzen Sie die neu entwickelten M\u00f6glichkeiten der Phonak eSolutions, um mit Ihren Kunden verbunden zu bleiben und Ihnen eine Versorgung mit H\u00f6rger\u00e4ten zu erm\u00f6glichen. So setzen Sie eine ideale Basis, um in den Zeiten, in denen es m\u00f6glich ist, den wichtigen pers\u00f6nlichen Kontakt endlich wieder zu intensivieren.<\/p>\n<p>Im Rahmen unseres <strong>\u201cWe care\u201d <\/strong>Versprechens haben wir der Entwicklung unserer Phonak eSolutions und webbasierten Serviceleistungen in der aktuellen Situation h\u00f6chste Priorit\u00e4t gegeben.<\/p>\n<p><strong>Die Live-Keynote zum Start des Drei-Stufen-Schulungsprogramms<\/strong><\/p>\n<table class=\" alignleft\" style=\"width: 48.7586%; border-collapse: collapse;\">\n<tbody>\n<tr>\n<td style=\"width: 32.6273%; vertical-align: top;\"><img loading=\"lazy\" decoding=\"async\" class=\"alignnone wp-image-7609\" src=\"https:\/\/audiologyblog.phonakpro.com\/wp-content\/uploads\/2019\/08\/Faltus.jpg\" alt=\"\" width=\"168\" height=\"208\" srcset=\"https:\/\/audiologyblog.phonakpro.com\/wp-content\/uploads\/2019\/08\/Faltus.jpg 364w, https:\/\/audiologyblog.phonakpro.com\/wp-content\/uploads\/2019\/08\/Faltus-310x382.jpg 310w\" sizes=\"auto, (max-width: 168px) 100vw, 168px\" \/><\/td>\n<td style=\"width: 56.7307%; vertical-align: top;\"><img loading=\"lazy\" decoding=\"async\" class=\"alignnone wp-image-29075 size-full\" src=\"https:\/\/audiologyblog.phonakpro.com\/wp-content\/uploads\/2020\/04\/marike.jpg\" alt=\"\" width=\"2688\" height=\"1512\" \/><\/td>\n<\/tr>\n<tr>\n<td style=\"width: 32.6273%;\">Marco Faltus<\/p>\n<p><em>Leiter Audiologie Sonova Deutschland GmbH<\/em><\/td>\n<td style=\"width: 56.7307%;\">\u00a0 Marike Carstens<\/p>\n<p><em>\u00a0 Leiterin eSolutions Sonova AG<\/em><\/td>\n<\/tr>\n<\/tbody>\n<\/table>\n<p style=\"text-align: left;\">F\u00fcr die Teilnahme ist ein Lautsprecher oder Kopfh\u00f6rer erforderlich.<\/p>\n<p style=\"text-align: left;\"><a href=\"https:\/\/vimeo.com\/413133198\/6e6e7aa90c\">Hier geht&#8217;s zum Recording<\/a><\/p>\n","protected":false},"excerpt":{"rendered":"<p>Dieses Seminar dauert ca. 40 Minuten.<\/p>\n","protected":false},"author":59,"featured_media":8320,"comment_status":"open","ping_status":"open","sticky":false,"template":"","format":"standard","meta":{"footnotes":""},"categories":[37],"tags":[],"class_list":["post-29071","post","type-post","status-publish","format-standard","has-post-thumbnail","hentry","category-trainings-und-tutorials"],"acf":[],"yoast_head":"<!-- This site is optimized with the Yoast SEO plugin v25.9 - https:\/\/yoast.com\/wordpress\/plugins\/seo\/ -->\n<title>Live-Keynote mit eSolutions Director Marike Carstens | Audiology Blog<\/title>\n<meta name=\"robots\" content=\"index, follow, max-snippet:-1, max-image-preview:large, max-video-preview:-1\" \/>\n<link rel=\"canonical\" href=\"https:\/\/audiologyblog.phonakpro.com\/de\/live-keynote-esolutions\/\" \/>\n<meta property=\"og:locale\" content=\"de_DE\" \/>\n<meta property=\"og:type\" content=\"article\" \/>\n<meta property=\"og:title\" content=\"Live-Keynote mit eSolutions Director Marike Carstens | Audiology Blog\" \/>\n<meta property=\"og:description\" content=\"Dieses Seminar dauert ca. 40 Minuten.\" \/>\n<meta property=\"og:url\" content=\"https:\/\/audiologyblog.phonakpro.com\/de\/live-keynote-esolutions\/\" \/>\n<meta property=\"og:site_name\" content=\"Phonak Audiology Blog - Phonak Pro - life is on\" \/>\n<meta property=\"article:publisher\" content=\"https:\/\/www.facebook.com\/phonak\" \/>\n<meta property=\"article:published_time\" content=\"2020-04-29T14:12:27+00:00\" \/>\n<meta property=\"article:modified_time\" content=\"2021-10-05T07:49:30+00:00\" \/>\n<meta property=\"og:image\" content=\"https:\/\/audiologyblog.phonakpro.com\/wp-content\/uploads\/2019\/10\/Icon_Live-Seminar_Phonak-Welt.png\" \/>\n\t<meta property=\"og:image:width\" content=\"4713\" \/>\n\t<meta property=\"og:image:height\" content=\"3109\" \/>\n\t<meta property=\"og:image:type\" content=\"image\/png\" \/>\n<meta name=\"author\" content=\"Christine Weidner\" \/>\n<meta name=\"twitter:card\" content=\"summary_large_image\" \/>\n<meta name=\"twitter:creator\" content=\"@phonak\" \/>\n<meta name=\"twitter:site\" content=\"@phonak\" \/>\n<meta name=\"twitter:label1\" content=\"Verfasst von\" \/>\n\t<meta name=\"twitter:data1\" content=\"Christine Weidner\" \/>\n\t<meta name=\"twitter:label2\" content=\"Gesch\u00e4tzte Lesezeit\" \/>\n\t<meta name=\"twitter:data2\" content=\"2\u00a0Minuten\" \/>\n<script type=\"application\/ld+json\" class=\"yoast-schema-graph\">{\"@context\":\"https:\/\/schema.org\",\"@graph\":[{\"@type\":\"Article\",\"@id\":\"https:\/\/audiologyblog.phonakpro.com\/de\/live-keynote-esolutions\/#article\",\"isPartOf\":{\"@id\":\"https:\/\/audiologyblog.phonakpro.com\/de\/live-keynote-esolutions\/\"},\"author\":{\"name\":\"Christine Weidner\",\"@id\":\"https:\/\/audiologyblog.phonakpro.com\/#\/schema\/person\/3a26551cc313214fbea4a0a434335486\"},\"headline\":\"Live-Keynote mit eSolutions Director Marike Carstens\",\"datePublished\":\"2020-04-29T14:12:27+00:00\",\"dateModified\":\"2021-10-05T07:49:30+00:00\",\"mainEntityOfPage\":{\"@id\":\"https:\/\/audiologyblog.phonakpro.com\/de\/live-keynote-esolutions\/\"},\"wordCount\":200,\"commentCount\":0,\"publisher\":{\"@id\":\"https:\/\/audiologyblog.phonakpro.com\/#organization\"},\"image\":{\"@id\":\"https:\/\/audiologyblog.phonakpro.com\/de\/live-keynote-esolutions\/#primaryimage\"},\"thumbnailUrl\":\"https:\/\/audiologyblog.phonakpro.com\/wp-content\/uploads\/2019\/10\/Icon_Live-Seminar_Phonak-Welt.png\",\"articleSection\":[\"Trainings &amp; Tutorials\"],\"inLanguage\":\"de\",\"potentialAction\":[{\"@type\":\"CommentAction\",\"name\":\"Comment\",\"target\":[\"https:\/\/audiologyblog.phonakpro.com\/de\/live-keynote-esolutions\/#respond\"]}]},{\"@type\":\"WebPage\",\"@id\":\"https:\/\/audiologyblog.phonakpro.com\/de\/live-keynote-esolutions\/\",\"url\":\"https:\/\/audiologyblog.phonakpro.com\/de\/live-keynote-esolutions\/\",\"name\":\"Live-Keynote mit eSolutions Director Marike Carstens | Audiology Blog\",\"isPartOf\":{\"@id\":\"https:\/\/audiologyblog.phonakpro.com\/#website\"},\"primaryImageOfPage\":{\"@id\":\"https:\/\/audiologyblog.phonakpro.com\/de\/live-keynote-esolutions\/#primaryimage\"},\"image\":{\"@id\":\"https:\/\/audiologyblog.phonakpro.com\/de\/live-keynote-esolutions\/#primaryimage\"},\"thumbnailUrl\":\"https:\/\/audiologyblog.phonakpro.com\/wp-content\/uploads\/2019\/10\/Icon_Live-Seminar_Phonak-Welt.png\",\"datePublished\":\"2020-04-29T14:12:27+00:00\",\"dateModified\":\"2021-10-05T07:49:30+00:00\",\"breadcrumb\":{\"@id\":\"https:\/\/audiologyblog.phonakpro.com\/de\/live-keynote-esolutions\/#breadcrumb\"},\"inLanguage\":\"de\",\"potentialAction\":[{\"@type\":\"ReadAction\",\"target\":[\"https:\/\/audiologyblog.phonakpro.com\/de\/live-keynote-esolutions\/\"]}]},{\"@type\":\"ImageObject\",\"inLanguage\":\"de\",\"@id\":\"https:\/\/audiologyblog.phonakpro.com\/de\/live-keynote-esolutions\/#primaryimage\",\"url\":\"https:\/\/audiologyblog.phonakpro.com\/wp-content\/uploads\/2019\/10\/Icon_Live-Seminar_Phonak-Welt.png\",\"contentUrl\":\"https:\/\/audiologyblog.phonakpro.com\/wp-content\/uploads\/2019\/10\/Icon_Live-Seminar_Phonak-Welt.png\",\"width\":4713,\"height\":3109},{\"@type\":\"BreadcrumbList\",\"@id\":\"https:\/\/audiologyblog.phonakpro.com\/de\/live-keynote-esolutions\/#breadcrumb\",\"itemListElement\":[{\"@type\":\"ListItem\",\"position\":1,\"name\":\"Home\",\"item\":\"https:\/\/audiologyblog.phonakpro.com\/de\/\"},{\"@type\":\"ListItem\",\"position\":2,\"name\":\"Live-Keynote mit eSolutions Director Marike Carstens\"}]},{\"@type\":\"WebSite\",\"@id\":\"https:\/\/audiologyblog.phonakpro.com\/#website\",\"url\":\"https:\/\/audiologyblog.phonakpro.com\/\",\"name\":\"Phonak Audiology Blog - Phonak Pro - life is on\",\"description\":\"1The Phonak Audiology Blog presents audiological topics, research and hearing technology updates from experts at Phonak and across the hearing industry.\",\"publisher\":{\"@id\":\"https:\/\/audiologyblog.phonakpro.com\/#organization\"},\"potentialAction\":[{\"@type\":\"SearchAction\",\"target\":{\"@type\":\"EntryPoint\",\"urlTemplate\":\"https:\/\/audiologyblog.phonakpro.com\/?s={search_term_string}\"},\"query-input\":{\"@type\":\"PropertyValueSpecification\",\"valueRequired\":true,\"valueName\":\"search_term_string\"}}],\"inLanguage\":\"de\"},{\"@type\":\"Organization\",\"@id\":\"https:\/\/audiologyblog.phonakpro.com\/#organization\",\"name\":\"Phonak Audiology Blog - Phonak Pro - life is on\",\"url\":\"https:\/\/audiologyblog.phonakpro.com\/\",\"logo\":{\"@type\":\"ImageObject\",\"inLanguage\":\"de\",\"@id\":\"https:\/\/audiologyblog.phonakpro.com\/#\/schema\/logo\/image\/\",\"url\":\"https:\/\/audiologyblog.phonakpro.com\/wp-content\/uploads\/2016\/09\/Logo_Phonak_life_is_on_pos_RGB_300dpi.jpg\",\"contentUrl\":\"https:\/\/audiologyblog.phonakpro.com\/wp-content\/uploads\/2016\/09\/Logo_Phonak_life_is_on_pos_RGB_300dpi.jpg\",\"width\":1630,\"height\":863,\"caption\":\"Phonak Audiology Blog - Phonak Pro - life is on\"},\"image\":{\"@id\":\"https:\/\/audiologyblog.phonakpro.com\/#\/schema\/logo\/image\/\"},\"sameAs\":[\"https:\/\/www.facebook.com\/phonak\",\"https:\/\/x.com\/phonak\",\"https:\/\/www.instagram.com\/phonak\",\"https:\/\/www.linkedin.com\/company\/phonak\",\"https:\/\/www.youtube.com\/c\/phonak\"]},{\"@type\":\"Person\",\"@id\":\"https:\/\/audiologyblog.phonakpro.com\/#\/schema\/person\/3a26551cc313214fbea4a0a434335486\",\"name\":\"Christine Weidner\",\"description\":\"Christine ist seit 2017 als Projektmanagerin Digitales Lernen bei Phonak t\u00e4tig. Neben der Betreuung dieses Audiologie Blogs verantwortet sie die Online-Trainings sowie die Phonak Learning Plattform und l\u00e4sst die H\u00f6rakustik in die virtuelle Welt des Lernens eintauchen.\",\"url\":\"https:\/\/audiologyblog.phonakpro.com\/de\/author\/weidner-christine\/\"}]}<\/script>\n<!-- \/ Yoast SEO plugin. -->","yoast_head_json":{"title":"Live-Keynote mit eSolutions Director Marike Carstens | Audiology Blog","robots":{"index":"index","follow":"follow","max-snippet":"max-snippet:-1","max-image-preview":"max-image-preview:large","max-video-preview":"max-video-preview:-1"},"canonical":"https:\/\/audiologyblog.phonakpro.com\/de\/live-keynote-esolutions\/","og_locale":"de_DE","og_type":"article","og_title":"Live-Keynote mit eSolutions Director Marike Carstens | Audiology Blog","og_description":"Dieses Seminar dauert ca. 40 Minuten.","og_url":"https:\/\/audiologyblog.phonakpro.com\/de\/live-keynote-esolutions\/","og_site_name":"Phonak Audiology Blog - Phonak Pro - life is on","article_publisher":"https:\/\/www.facebook.com\/phonak","article_published_time":"2020-04-29T14:12:27+00:00","article_modified_time":"2021-10-05T07:49:30+00:00","og_image":[{"width":4713,"height":3109,"url":"https:\/\/audiologyblog.phonakpro.com\/wp-content\/uploads\/2019\/10\/Icon_Live-Seminar_Phonak-Welt.png","type":"image\/png"}],"author":"Christine Weidner","twitter_card":"summary_large_image","twitter_creator":"@phonak","twitter_site":"@phonak","twitter_misc":{"Verfasst von":"Christine Weidner","Gesch\u00e4tzte Lesezeit":"2\u00a0Minuten"},"schema":{"@context":"https:\/\/schema.org","@graph":[{"@type":"Article","@id":"https:\/\/audiologyblog.phonakpro.com\/de\/live-keynote-esolutions\/#article","isPartOf":{"@id":"https:\/\/audiologyblog.phonakpro.com\/de\/live-keynote-esolutions\/"},"author":{"name":"Christine Weidner","@id":"https:\/\/audiologyblog.phonakpro.com\/#\/schema\/person\/3a26551cc313214fbea4a0a434335486"},"headline":"Live-Keynote mit eSolutions Director Marike Carstens","datePublished":"2020-04-29T14:12:27+00:00","dateModified":"2021-10-05T07:49:30+00:00","mainEntityOfPage":{"@id":"https:\/\/audiologyblog.phonakpro.com\/de\/live-keynote-esolutions\/"},"wordCount":200,"commentCount":0,"publisher":{"@id":"https:\/\/audiologyblog.phonakpro.com\/#organization"},"image":{"@id":"https:\/\/audiologyblog.phonakpro.com\/de\/live-keynote-esolutions\/#primaryimage"},"thumbnailUrl":"https:\/\/audiologyblog.phonakpro.com\/wp-content\/uploads\/2019\/10\/Icon_Live-Seminar_Phonak-Welt.png","articleSection":["Trainings &amp; Tutorials"],"inLanguage":"de","potentialAction":[{"@type":"CommentAction","name":"Comment","target":["https:\/\/audiologyblog.phonakpro.com\/de\/live-keynote-esolutions\/#respond"]}]},{"@type":"WebPage","@id":"https:\/\/audiologyblog.phonakpro.com\/de\/live-keynote-esolutions\/","url":"https:\/\/audiologyblog.phonakpro.com\/de\/live-keynote-esolutions\/","name":"Live-Keynote mit eSolutions Director Marike Carstens | Audiology Blog","isPartOf":{"@id":"https:\/\/audiologyblog.phonakpro.com\/#website"},"primaryImageOfPage":{"@id":"https:\/\/audiologyblog.phonakpro.com\/de\/live-keynote-esolutions\/#primaryimage"},"image":{"@id":"https:\/\/audiologyblog.phonakpro.com\/de\/live-keynote-esolutions\/#primaryimage"},"thumbnailUrl":"https:\/\/audiologyblog.phonakpro.com\/wp-content\/uploads\/2019\/10\/Icon_Live-Seminar_Phonak-Welt.png","datePublished":"2020-04-29T14:12:27+00:00","dateModified":"2021-10-05T07:49:30+00:00","breadcrumb":{"@id":"https:\/\/audiologyblog.phonakpro.com\/de\/live-keynote-esolutions\/#breadcrumb"},"inLanguage":"de","potentialAction":[{"@type":"ReadAction","target":["https:\/\/audiologyblog.phonakpro.com\/de\/live-keynote-esolutions\/"]}]},{"@type":"ImageObject","inLanguage":"de","@id":"https:\/\/audiologyblog.phonakpro.com\/de\/live-keynote-esolutions\/#primaryimage","url":"https:\/\/audiologyblog.phonakpro.com\/wp-content\/uploads\/2019\/10\/Icon_Live-Seminar_Phonak-Welt.png","contentUrl":"https:\/\/audiologyblog.phonakpro.com\/wp-content\/uploads\/2019\/10\/Icon_Live-Seminar_Phonak-Welt.png","width":4713,"height":3109},{"@type":"BreadcrumbList","@id":"https:\/\/audiologyblog.phonakpro.com\/de\/live-keynote-esolutions\/#breadcrumb","itemListElement":[{"@type":"ListItem","position":1,"name":"Home","item":"https:\/\/audiologyblog.phonakpro.com\/de\/"},{"@type":"ListItem","position":2,"name":"Live-Keynote mit eSolutions Director Marike Carstens"}]},{"@type":"WebSite","@id":"https:\/\/audiologyblog.phonakpro.com\/#website","url":"https:\/\/audiologyblog.phonakpro.com\/","name":"Phonak Audiology Blog - Phonak Pro - life is on","description":"1The Phonak Audiology Blog presents audiological topics, research and hearing technology updates from experts at Phonak and across the hearing industry.","publisher":{"@id":"https:\/\/audiologyblog.phonakpro.com\/#organization"},"potentialAction":[{"@type":"SearchAction","target":{"@type":"EntryPoint","urlTemplate":"https:\/\/audiologyblog.phonakpro.com\/?s={search_term_string}"},"query-input":{"@type":"PropertyValueSpecification","valueRequired":true,"valueName":"search_term_string"}}],"inLanguage":"de"},{"@type":"Organization","@id":"https:\/\/audiologyblog.phonakpro.com\/#organization","name":"Phonak Audiology Blog - Phonak Pro - life is on","url":"https:\/\/audiologyblog.phonakpro.com\/","logo":{"@type":"ImageObject","inLanguage":"de","@id":"https:\/\/audiologyblog.phonakpro.com\/#\/schema\/logo\/image\/","url":"https:\/\/audiologyblog.phonakpro.com\/wp-content\/uploads\/2016\/09\/Logo_Phonak_life_is_on_pos_RGB_300dpi.jpg","contentUrl":"https:\/\/audiologyblog.phonakpro.com\/wp-content\/uploads\/2016\/09\/Logo_Phonak_life_is_on_pos_RGB_300dpi.jpg","width":1630,"height":863,"caption":"Phonak Audiology Blog - Phonak Pro - life is on"},"image":{"@id":"https:\/\/audiologyblog.phonakpro.com\/#\/schema\/logo\/image\/"},"sameAs":["https:\/\/www.facebook.com\/phonak","https:\/\/x.com\/phonak","https:\/\/www.instagram.com\/phonak","https:\/\/www.linkedin.com\/company\/phonak","https:\/\/www.youtube.com\/c\/phonak"]},{"@type":"Person","@id":"https:\/\/audiologyblog.phonakpro.com\/#\/schema\/person\/3a26551cc313214fbea4a0a434335486","name":"Christine Weidner","description":"Christine ist seit 2017 als Projektmanagerin Digitales Lernen bei Phonak t\u00e4tig. Neben der Betreuung dieses Audiologie Blogs verantwortet sie die Online-Trainings sowie die Phonak Learning Plattform und l\u00e4sst die H\u00f6rakustik in die virtuelle Welt des Lernens eintauchen.","url":"https:\/\/audiologyblog.phonakpro.com\/de\/author\/weidner-christine\/"}]}},"_links":{"self":[{"href":"https:\/\/audiologyblog.phonakpro.com\/de\/wp-json\/wp\/v2\/posts\/29071","targetHints":{"allow":["GET"]}}],"collection":[{"href":"https:\/\/audiologyblog.phonakpro.com\/de\/wp-json\/wp\/v2\/posts"}],"about":[{"href":"https:\/\/audiologyblog.phonakpro.com\/de\/wp-json\/wp\/v2\/types\/post"}],"author":[{"embeddable":true,"href":"https:\/\/audiologyblog.phonakpro.com\/de\/wp-json\/wp\/v2\/users\/59"}],"replies":[{"embeddable":true,"href":"https:\/\/audiologyblog.phonakpro.com\/de\/wp-json\/wp\/v2\/comments?post=29071"}],"version-history":[{"count":18,"href":"https:\/\/audiologyblog.phonakpro.com\/de\/wp-json\/wp\/v2\/posts\/29071\/revisions"}],"predecessor-version":[{"id":505927,"href":"https:\/\/audiologyblog.phonakpro.com\/de\/wp-json\/wp\/v2\/posts\/29071\/revisions\/505927"}],"wp:featuredmedia":[{"embeddable":true,"href":"https:\/\/audiologyblog.phonakpro.com\/de\/wp-json\/wp\/v2\/media\/8320"}],"wp:attachment":[{"href":"https:\/\/audiologyblog.phonakpro.com\/de\/wp-json\/wp\/v2\/media?parent=29071"}],"wp:term":[{"taxonomy":"category","embeddable":true,"href":"https:\/\/audiologyblog.phonakpro.com\/de\/wp-json\/wp\/v2\/categories?post=29071"},{"taxonomy":"post_tag","embeddable":true,"href":"https:\/\/audiologyblog.phonakpro.com\/de\/wp-json\/wp\/v2\/tags?post=29071"}],"curies":[{"name":"wp","href":"https:\/\/api.w.org\/{rel}","templated":true}]}}