{"id":14964,"date":"2020-03-05T15:00:56","date_gmt":"2020-03-05T14:00:56","guid":{"rendered":"https:\/\/audiologyblog.phonakpro.com\/?p=14964"},"modified":"2020-03-10T12:04:56","modified_gmt":"2020-03-10T11:04:56","slug":"boehm-podcast","status":"publish","type":"post","link":"https:\/\/audiologyblog.phonakpro.com\/de\/boehm-podcast\/","title":{"rendered":"Podcast #4: Zwischen Instagram und Abformmasse"},"content":{"rendered":"<p><strong>VorMACHER \u2013 Fabian B\u00f6hms-Weg zum Social Media Coach f\u00fcr H\u00f6rakustiker und Optiker<\/strong><\/p>\n<p>Bereits vor 10 Jahren habe ich meine ersten Schritte auf verschiedenen Social Media Kan\u00e4len gewagt und durchgehend die Entwicklung branchen\u00fcbergreifend beobachtet. Angefangen mit Musik und ersten Produktionen von dazugeh\u00f6rigen Videos, habe ich schon fr\u00fch damit begonnen Kanalexperimente auf den Plattformen zu starten und durchzuziehen.<br \/>\nMit der Gr\u00fcndung von B\u00d6HM-H\u00f6rakustik kam dann aber nach und nach die professionelle Umsetzung und Erfahrung. Dabei galt stets die Devise \u201elearning by doing\u201c, denn Fehler k\u00f6nnen nur dann gewinnbringend behoben werden, wenn sie gemacht, erkannt und in die richtige Richtung umgelenkt werden. Mit dem Satz \u201eSt\u00e4rken st\u00e4rken und Schw\u00e4chen schw\u00e4chen.\u201c, bringe ich es dabei auf den Punkt. Selbstverwirklichung kann nur gelingen, wenn man sich selbst treu bleibt, immer wieder hinterfragt. Daraus ist auch mein neues Projekt \u201eFabian B\u00f6hm \u2013 Social Media Coach\u201c entstanden, zu dem es seit Anfang Februar 2020 auch ein einzigartiges Instagram-Videotraining zu erwerben gibt (www.fabianboehm.com\/shop). Hier gebe ich Tipps, plaudere in spannenden Videos aus dem Marketing-N\u00e4hk\u00e4stchen und zeige euch, wie leicht und unkompliziert Social Media Marketing in den Alltag des Akustikers zu integrieren ist.<\/p>\n<p><strong>Quintessenz<\/strong><\/p>\n<p>Woher kommt aber meine ganze Kreativit\u00e4t? Als urspr\u00fcnglich gelernter Goldschmied ist Kreativit\u00e4t beim Zeichnen, sowie anders denken beim Produzieren elektronischer Musik Grundvoraussetzung. Wohl auch deshalb gelingt es mir nach all den Jahren sehr gut, meine Ideen erfolgreich zu kanalisieren und gezielt einzusetzen.<br \/>\nDie Grundlage meines Schaffens beruht auf Kaffee, der Aufgabe morgens meine Brille zu finden und guter Laune, sowie einer positiven Einstellung. Dabei bringt mich fast nichts aus der Ruhe.<\/p>\n<p><strong>Erfolgreich zwischen St\u00fchlen sitzen<\/strong><\/p>\n<p>Gar nicht so einfach ist es dabei, die Aufgaben in meinem H\u00f6rstudio B\u00d6HM-H\u00f6rakustik und dem Schaffen als Social Media Coach unter einen Hut zu bringen. Vollen R\u00fcckenwind erfahre ich hierbei von meinem Team, in dem alle einem Expertenbereich zugeordnet sind und jeder individuell in seinen Qualit\u00e4ten als Mitarbeiter gest\u00e4rkt wird. Mit Vertrauen und gegenseitigem Respekt wird jedes Projekt gemeinsam getragen und gegenseitig unterst\u00fctzt. Als Unternehmer und F\u00fchrungskraft, darf man hierbei keine Angst davor haben, Leute einzustellen, die in bestimmten Belangen besser sind als man selbst. Nur so k\u00f6nnen auch wichtige Entscheidungen abgegeben und delegiert werden.<\/p>\n<p><strong>\u201eKeine No-Gos auf den Social Media Kan\u00e4len\u201c<\/strong><\/p>\n<p>Schon immer war die Branche der H\u00f6rakustik sehr traditionell veranlagt. Umso gr\u00f6\u00dfer bei vielen inhabergef\u00fchrten Akustikern die Angst vor Ver\u00e4nderung und\/oder Investitionen. Wie motivierte ich meine Kollegen und wie ging ich vor, als mein Team am Anfang unsicher auf die strukturellen Ver\u00e4nderungen reagiert hat? Die Antwort ist so kurz wie einfach: Du musst das nicht allein tun. Beziehe deine Mitarbeiter konsequent in dein Schaffen ein und sei nach au\u00dfen hin transparent, ehrlich und authentisch. Denn es gibt eigentlich keine No-Gos auf Social Media, au\u00dfer nichts zu tun. Der erste Schritt ist, den ersten Schritt zu machen. Egal wo und egal wie. Lass dich von anderen inspirieren und werde mit deinen eigenen Ideen zum Macher \u2013 und irgendwann wirst dann auch du vom NachMACHER zum VorMACHER.<\/p>\n<p>Sie sind neugierig geworden? <a href=\"https:\/\/derhoerakustiker.podigee.io\/6-neue-episode\">Hier geht es zur Podcast-Folge.<\/a><\/p>\n<p>\u00dcber Themenvorschl\u00e4ge und Anregungen zu unserer Podcast-Serie freuen wir uns sehr \u00fcber <a href=\"https:\/\/sonova.sharepoint.com\/teams\/DE-SO-AUDIOLOGY-PM\/Shared%20Documents\/04_Audiologie_Blog\/Blogbeitr\u00e4ge\/Weidner,%20Christine\/learning.de@phonak.com\">learning.de@phonak.com<\/a>.<\/p>\n","protected":false},"excerpt":{"rendered":"<p>Wer mich kennt wei\u00df wovon ich spreche, wenn ich mich selbst mit den 3 Worten \u201epure Energie ganztags\u201c beschreibe. Wie ich es geschafft habe meinen Traum zu leben und die gesamte H\u00f6rakustikbranche in Sachen Social Media Marketing \u201efit f\u00fcr morgen zu machen\u201c, erfahrt ihr in der aktuellen Podcastausgabe.<\/p>\n","protected":false},"author":125,"featured_media":14969,"comment_status":"open","ping_status":"open","sticky":false,"template":"","format":"standard","meta":{"footnotes":""},"categories":[12],"tags":[],"class_list":["post-14964","post","type-post","status-publish","format-standard","has-post-thumbnail","hentry","category-aus-der-praxis"],"acf":[],"yoast_head":"<!-- This site is optimized with the Yoast SEO plugin v25.9 - https:\/\/yoast.com\/wordpress\/plugins\/seo\/ -->\n<title>Podcast #4: Zwischen Instagram und Abformmasse | Audiology Blog<\/title>\n<meta name=\"robots\" content=\"index, follow, max-snippet:-1, max-image-preview:large, max-video-preview:-1\" \/>\n<link rel=\"canonical\" href=\"https:\/\/audiologyblog.phonakpro.com\/de\/boehm-podcast\/\" \/>\n<meta property=\"og:locale\" content=\"de_DE\" \/>\n<meta property=\"og:type\" content=\"article\" \/>\n<meta property=\"og:title\" content=\"Podcast #4: Zwischen Instagram und Abformmasse | Audiology Blog\" \/>\n<meta property=\"og:description\" content=\"Wer mich kennt wei\u00df wovon ich spreche, wenn ich mich selbst mit den 3 Worten \u201epure Energie ganztags\u201c beschreibe. Wie ich es geschafft habe meinen Traum zu leben und die gesamte H\u00f6rakustikbranche in Sachen Social Media Marketing \u201efit f\u00fcr morgen zu machen\u201c, erfahrt ihr in der aktuellen Podcastausgabe.\" \/>\n<meta property=\"og:url\" content=\"https:\/\/audiologyblog.phonakpro.com\/de\/boehm-podcast\/\" \/>\n<meta property=\"og:site_name\" content=\"Phonak Audiology Blog - Phonak Pro - life is on\" \/>\n<meta property=\"article:publisher\" content=\"https:\/\/www.facebook.com\/phonak\" \/>\n<meta property=\"article:published_time\" content=\"2020-03-05T14:00:56+00:00\" \/>\n<meta property=\"article:modified_time\" content=\"2020-03-10T11:04:56+00:00\" \/>\n<meta property=\"og:image\" content=\"https:\/\/audiologyblog.phonakpro.com\/wp-content\/uploads\/2020\/02\/Fabian-B\u00f6hm-scaled.jpg\" \/>\n\t<meta property=\"og:image:width\" content=\"2560\" \/>\n\t<meta property=\"og:image:height\" content=\"1707\" \/>\n\t<meta property=\"og:image:type\" content=\"image\/jpeg\" \/>\n<meta name=\"author\" content=\"Fabian B\u00f6hm\" \/>\n<meta name=\"twitter:card\" content=\"summary_large_image\" \/>\n<meta name=\"twitter:creator\" content=\"@phonak\" \/>\n<meta name=\"twitter:site\" content=\"@phonak\" \/>\n<meta name=\"twitter:label1\" content=\"Verfasst von\" \/>\n\t<meta name=\"twitter:data1\" content=\"Fabian B\u00f6hm\" \/>\n\t<meta name=\"twitter:label2\" content=\"Gesch\u00e4tzte Lesezeit\" \/>\n\t<meta name=\"twitter:data2\" content=\"3\u00a0Minuten\" \/>\n<script type=\"application\/ld+json\" class=\"yoast-schema-graph\">{\"@context\":\"https:\/\/schema.org\",\"@graph\":[{\"@type\":\"Article\",\"@id\":\"https:\/\/audiologyblog.phonakpro.com\/de\/boehm-podcast\/#article\",\"isPartOf\":{\"@id\":\"https:\/\/audiologyblog.phonakpro.com\/de\/boehm-podcast\/\"},\"author\":{\"name\":\"Fabian B\u00f6hm\",\"@id\":\"https:\/\/audiologyblog.phonakpro.com\/#\/schema\/person\/81a81754d418f93c0565073d3160dd31\"},\"headline\":\"Podcast #4: Zwischen Instagram und Abformmasse\",\"datePublished\":\"2020-03-05T14:00:56+00:00\",\"dateModified\":\"2020-03-10T11:04:56+00:00\",\"mainEntityOfPage\":{\"@id\":\"https:\/\/audiologyblog.phonakpro.com\/de\/boehm-podcast\/\"},\"wordCount\":556,\"commentCount\":0,\"publisher\":{\"@id\":\"https:\/\/audiologyblog.phonakpro.com\/#organization\"},\"image\":{\"@id\":\"https:\/\/audiologyblog.phonakpro.com\/de\/boehm-podcast\/#primaryimage\"},\"thumbnailUrl\":\"https:\/\/audiologyblog.phonakpro.com\/wp-content\/uploads\/2020\/02\/Fabian-B\u00f6hm-scaled.jpg\",\"articleSection\":[\"Aus der Praxis\"],\"inLanguage\":\"de\",\"potentialAction\":[{\"@type\":\"CommentAction\",\"name\":\"Comment\",\"target\":[\"https:\/\/audiologyblog.phonakpro.com\/de\/boehm-podcast\/#respond\"]}]},{\"@type\":\"WebPage\",\"@id\":\"https:\/\/audiologyblog.phonakpro.com\/de\/boehm-podcast\/\",\"url\":\"https:\/\/audiologyblog.phonakpro.com\/de\/boehm-podcast\/\",\"name\":\"Podcast #4: Zwischen Instagram und Abformmasse | Audiology Blog\",\"isPartOf\":{\"@id\":\"https:\/\/audiologyblog.phonakpro.com\/#website\"},\"primaryImageOfPage\":{\"@id\":\"https:\/\/audiologyblog.phonakpro.com\/de\/boehm-podcast\/#primaryimage\"},\"image\":{\"@id\":\"https:\/\/audiologyblog.phonakpro.com\/de\/boehm-podcast\/#primaryimage\"},\"thumbnailUrl\":\"https:\/\/audiologyblog.phonakpro.com\/wp-content\/uploads\/2020\/02\/Fabian-B\u00f6hm-scaled.jpg\",\"datePublished\":\"2020-03-05T14:00:56+00:00\",\"dateModified\":\"2020-03-10T11:04:56+00:00\",\"breadcrumb\":{\"@id\":\"https:\/\/audiologyblog.phonakpro.com\/de\/boehm-podcast\/#breadcrumb\"},\"inLanguage\":\"de\",\"potentialAction\":[{\"@type\":\"ReadAction\",\"target\":[\"https:\/\/audiologyblog.phonakpro.com\/de\/boehm-podcast\/\"]}]},{\"@type\":\"ImageObject\",\"inLanguage\":\"de\",\"@id\":\"https:\/\/audiologyblog.phonakpro.com\/de\/boehm-podcast\/#primaryimage\",\"url\":\"https:\/\/audiologyblog.phonakpro.com\/wp-content\/uploads\/2020\/02\/Fabian-B\u00f6hm-scaled.jpg\",\"contentUrl\":\"https:\/\/audiologyblog.phonakpro.com\/wp-content\/uploads\/2020\/02\/Fabian-B\u00f6hm-scaled.jpg\",\"width\":2560,\"height\":1707},{\"@type\":\"BreadcrumbList\",\"@id\":\"https:\/\/audiologyblog.phonakpro.com\/de\/boehm-podcast\/#breadcrumb\",\"itemListElement\":[{\"@type\":\"ListItem\",\"position\":1,\"name\":\"Home\",\"item\":\"https:\/\/audiologyblog.phonakpro.com\/de\/\"},{\"@type\":\"ListItem\",\"position\":2,\"name\":\"Podcast #4: Zwischen Instagram und Abformmasse\"}]},{\"@type\":\"WebSite\",\"@id\":\"https:\/\/audiologyblog.phonakpro.com\/#website\",\"url\":\"https:\/\/audiologyblog.phonakpro.com\/\",\"name\":\"Phonak Audiology Blog - Phonak Pro - life is on\",\"description\":\"1The Phonak Audiology Blog presents audiological topics, research and hearing technology updates from experts at Phonak and across the hearing industry.\",\"publisher\":{\"@id\":\"https:\/\/audiologyblog.phonakpro.com\/#organization\"},\"potentialAction\":[{\"@type\":\"SearchAction\",\"target\":{\"@type\":\"EntryPoint\",\"urlTemplate\":\"https:\/\/audiologyblog.phonakpro.com\/?s={search_term_string}\"},\"query-input\":{\"@type\":\"PropertyValueSpecification\",\"valueRequired\":true,\"valueName\":\"search_term_string\"}}],\"inLanguage\":\"de\"},{\"@type\":\"Organization\",\"@id\":\"https:\/\/audiologyblog.phonakpro.com\/#organization\",\"name\":\"Phonak Audiology Blog - Phonak Pro - life is on\",\"url\":\"https:\/\/audiologyblog.phonakpro.com\/\",\"logo\":{\"@type\":\"ImageObject\",\"inLanguage\":\"de\",\"@id\":\"https:\/\/audiologyblog.phonakpro.com\/#\/schema\/logo\/image\/\",\"url\":\"https:\/\/audiologyblog.phonakpro.com\/wp-content\/uploads\/2016\/09\/Logo_Phonak_life_is_on_pos_RGB_300dpi.jpg\",\"contentUrl\":\"https:\/\/audiologyblog.phonakpro.com\/wp-content\/uploads\/2016\/09\/Logo_Phonak_life_is_on_pos_RGB_300dpi.jpg\",\"width\":1630,\"height\":863,\"caption\":\"Phonak Audiology Blog - Phonak Pro - life is on\"},\"image\":{\"@id\":\"https:\/\/audiologyblog.phonakpro.com\/#\/schema\/logo\/image\/\"},\"sameAs\":[\"https:\/\/www.facebook.com\/phonak\",\"https:\/\/x.com\/phonak\",\"https:\/\/www.instagram.com\/phonak\",\"https:\/\/www.linkedin.com\/company\/phonak\",\"https:\/\/www.youtube.com\/c\/phonak\"]},{\"@type\":\"Person\",\"@id\":\"https:\/\/audiologyblog.phonakpro.com\/#\/schema\/person\/81a81754d418f93c0565073d3160dd31\",\"name\":\"Fabian B\u00f6hm\",\"description\":\"Fabian B\u00f6hm ist Vollblut-H\u00f6rakustikmeister, Inhaber und Social Media Coach f\u00fcr H\u00f6rakustik und Optik. Mit seiner gro\u00dfen Leidenschaft f\u00fcr Innovationen und Technik hat er es sich zur Aufgabe gemacht, die H\u00f6rakustikbranche fit f\u00fcr morgen zu machen. Privat brilliert er mit Joggen und Mountainbiken.\",\"url\":\"https:\/\/audiologyblog.phonakpro.com\/de\/author\/fabian-boehm\/\"}]}<\/script>\n<!-- \/ Yoast SEO plugin. -->","yoast_head_json":{"title":"Podcast #4: Zwischen Instagram und Abformmasse | Audiology Blog","robots":{"index":"index","follow":"follow","max-snippet":"max-snippet:-1","max-image-preview":"max-image-preview:large","max-video-preview":"max-video-preview:-1"},"canonical":"https:\/\/audiologyblog.phonakpro.com\/de\/boehm-podcast\/","og_locale":"de_DE","og_type":"article","og_title":"Podcast #4: Zwischen Instagram und Abformmasse | Audiology Blog","og_description":"Wer mich kennt wei\u00df wovon ich spreche, wenn ich mich selbst mit den 3 Worten \u201epure Energie ganztags\u201c beschreibe. Wie ich es geschafft habe meinen Traum zu leben und die gesamte H\u00f6rakustikbranche in Sachen Social Media Marketing \u201efit f\u00fcr morgen zu machen\u201c, erfahrt ihr in der aktuellen Podcastausgabe.","og_url":"https:\/\/audiologyblog.phonakpro.com\/de\/boehm-podcast\/","og_site_name":"Phonak Audiology Blog - Phonak Pro - life is on","article_publisher":"https:\/\/www.facebook.com\/phonak","article_published_time":"2020-03-05T14:00:56+00:00","article_modified_time":"2020-03-10T11:04:56+00:00","og_image":[{"width":2560,"height":1707,"url":"https:\/\/audiologyblog.phonakpro.com\/wp-content\/uploads\/2020\/02\/Fabian-B\u00f6hm-scaled.jpg","type":"image\/jpeg"}],"author":"Fabian B\u00f6hm","twitter_card":"summary_large_image","twitter_creator":"@phonak","twitter_site":"@phonak","twitter_misc":{"Verfasst von":"Fabian B\u00f6hm","Gesch\u00e4tzte Lesezeit":"3\u00a0Minuten"},"schema":{"@context":"https:\/\/schema.org","@graph":[{"@type":"Article","@id":"https:\/\/audiologyblog.phonakpro.com\/de\/boehm-podcast\/#article","isPartOf":{"@id":"https:\/\/audiologyblog.phonakpro.com\/de\/boehm-podcast\/"},"author":{"name":"Fabian B\u00f6hm","@id":"https:\/\/audiologyblog.phonakpro.com\/#\/schema\/person\/81a81754d418f93c0565073d3160dd31"},"headline":"Podcast #4: Zwischen Instagram und Abformmasse","datePublished":"2020-03-05T14:00:56+00:00","dateModified":"2020-03-10T11:04:56+00:00","mainEntityOfPage":{"@id":"https:\/\/audiologyblog.phonakpro.com\/de\/boehm-podcast\/"},"wordCount":556,"commentCount":0,"publisher":{"@id":"https:\/\/audiologyblog.phonakpro.com\/#organization"},"image":{"@id":"https:\/\/audiologyblog.phonakpro.com\/de\/boehm-podcast\/#primaryimage"},"thumbnailUrl":"https:\/\/audiologyblog.phonakpro.com\/wp-content\/uploads\/2020\/02\/Fabian-B\u00f6hm-scaled.jpg","articleSection":["Aus der Praxis"],"inLanguage":"de","potentialAction":[{"@type":"CommentAction","name":"Comment","target":["https:\/\/audiologyblog.phonakpro.com\/de\/boehm-podcast\/#respond"]}]},{"@type":"WebPage","@id":"https:\/\/audiologyblog.phonakpro.com\/de\/boehm-podcast\/","url":"https:\/\/audiologyblog.phonakpro.com\/de\/boehm-podcast\/","name":"Podcast #4: Zwischen Instagram und Abformmasse | Audiology Blog","isPartOf":{"@id":"https:\/\/audiologyblog.phonakpro.com\/#website"},"primaryImageOfPage":{"@id":"https:\/\/audiologyblog.phonakpro.com\/de\/boehm-podcast\/#primaryimage"},"image":{"@id":"https:\/\/audiologyblog.phonakpro.com\/de\/boehm-podcast\/#primaryimage"},"thumbnailUrl":"https:\/\/audiologyblog.phonakpro.com\/wp-content\/uploads\/2020\/02\/Fabian-B\u00f6hm-scaled.jpg","datePublished":"2020-03-05T14:00:56+00:00","dateModified":"2020-03-10T11:04:56+00:00","breadcrumb":{"@id":"https:\/\/audiologyblog.phonakpro.com\/de\/boehm-podcast\/#breadcrumb"},"inLanguage":"de","potentialAction":[{"@type":"ReadAction","target":["https:\/\/audiologyblog.phonakpro.com\/de\/boehm-podcast\/"]}]},{"@type":"ImageObject","inLanguage":"de","@id":"https:\/\/audiologyblog.phonakpro.com\/de\/boehm-podcast\/#primaryimage","url":"https:\/\/audiologyblog.phonakpro.com\/wp-content\/uploads\/2020\/02\/Fabian-B\u00f6hm-scaled.jpg","contentUrl":"https:\/\/audiologyblog.phonakpro.com\/wp-content\/uploads\/2020\/02\/Fabian-B\u00f6hm-scaled.jpg","width":2560,"height":1707},{"@type":"BreadcrumbList","@id":"https:\/\/audiologyblog.phonakpro.com\/de\/boehm-podcast\/#breadcrumb","itemListElement":[{"@type":"ListItem","position":1,"name":"Home","item":"https:\/\/audiologyblog.phonakpro.com\/de\/"},{"@type":"ListItem","position":2,"name":"Podcast #4: Zwischen Instagram und Abformmasse"}]},{"@type":"WebSite","@id":"https:\/\/audiologyblog.phonakpro.com\/#website","url":"https:\/\/audiologyblog.phonakpro.com\/","name":"Phonak Audiology Blog - Phonak Pro - life is on","description":"1The Phonak Audiology Blog presents audiological topics, research and hearing technology updates from experts at Phonak and across the hearing industry.","publisher":{"@id":"https:\/\/audiologyblog.phonakpro.com\/#organization"},"potentialAction":[{"@type":"SearchAction","target":{"@type":"EntryPoint","urlTemplate":"https:\/\/audiologyblog.phonakpro.com\/?s={search_term_string}"},"query-input":{"@type":"PropertyValueSpecification","valueRequired":true,"valueName":"search_term_string"}}],"inLanguage":"de"},{"@type":"Organization","@id":"https:\/\/audiologyblog.phonakpro.com\/#organization","name":"Phonak Audiology Blog - Phonak Pro - life is on","url":"https:\/\/audiologyblog.phonakpro.com\/","logo":{"@type":"ImageObject","inLanguage":"de","@id":"https:\/\/audiologyblog.phonakpro.com\/#\/schema\/logo\/image\/","url":"https:\/\/audiologyblog.phonakpro.com\/wp-content\/uploads\/2016\/09\/Logo_Phonak_life_is_on_pos_RGB_300dpi.jpg","contentUrl":"https:\/\/audiologyblog.phonakpro.com\/wp-content\/uploads\/2016\/09\/Logo_Phonak_life_is_on_pos_RGB_300dpi.jpg","width":1630,"height":863,"caption":"Phonak Audiology Blog - Phonak Pro - life is on"},"image":{"@id":"https:\/\/audiologyblog.phonakpro.com\/#\/schema\/logo\/image\/"},"sameAs":["https:\/\/www.facebook.com\/phonak","https:\/\/x.com\/phonak","https:\/\/www.instagram.com\/phonak","https:\/\/www.linkedin.com\/company\/phonak","https:\/\/www.youtube.com\/c\/phonak"]},{"@type":"Person","@id":"https:\/\/audiologyblog.phonakpro.com\/#\/schema\/person\/81a81754d418f93c0565073d3160dd31","name":"Fabian B\u00f6hm","description":"Fabian B\u00f6hm ist Vollblut-H\u00f6rakustikmeister, Inhaber und Social Media Coach f\u00fcr H\u00f6rakustik und Optik. Mit seiner gro\u00dfen Leidenschaft f\u00fcr Innovationen und Technik hat er es sich zur Aufgabe gemacht, die H\u00f6rakustikbranche fit f\u00fcr morgen zu machen. Privat brilliert er mit Joggen und Mountainbiken.","url":"https:\/\/audiologyblog.phonakpro.com\/de\/author\/fabian-boehm\/"}]}},"_links":{"self":[{"href":"https:\/\/audiologyblog.phonakpro.com\/de\/wp-json\/wp\/v2\/posts\/14964","targetHints":{"allow":["GET"]}}],"collection":[{"href":"https:\/\/audiologyblog.phonakpro.com\/de\/wp-json\/wp\/v2\/posts"}],"about":[{"href":"https:\/\/audiologyblog.phonakpro.com\/de\/wp-json\/wp\/v2\/types\/post"}],"author":[{"embeddable":true,"href":"https:\/\/audiologyblog.phonakpro.com\/de\/wp-json\/wp\/v2\/users\/125"}],"replies":[{"embeddable":true,"href":"https:\/\/audiologyblog.phonakpro.com\/de\/wp-json\/wp\/v2\/comments?post=14964"}],"version-history":[{"count":10,"href":"https:\/\/audiologyblog.phonakpro.com\/de\/wp-json\/wp\/v2\/posts\/14964\/revisions"}],"predecessor-version":[{"id":18292,"href":"https:\/\/audiologyblog.phonakpro.com\/de\/wp-json\/wp\/v2\/posts\/14964\/revisions\/18292"}],"wp:featuredmedia":[{"embeddable":true,"href":"https:\/\/audiologyblog.phonakpro.com\/de\/wp-json\/wp\/v2\/media\/14969"}],"wp:attachment":[{"href":"https:\/\/audiologyblog.phonakpro.com\/de\/wp-json\/wp\/v2\/media?parent=14964"}],"wp:term":[{"taxonomy":"category","embeddable":true,"href":"https:\/\/audiologyblog.phonakpro.com\/de\/wp-json\/wp\/v2\/categories?post=14964"},{"taxonomy":"post_tag","embeddable":true,"href":"https:\/\/audiologyblog.phonakpro.com\/de\/wp-json\/wp\/v2\/tags?post=14964"}],"curies":[{"name":"wp","href":"https:\/\/api.w.org\/{rel}","templated":true}]}}